{"id":453,"date":"2024-11-16T20:58:57","date_gmt":"2024-11-16T23:58:57","guid":{"rendered":"https:\/\/mg.passadospresentes.com.br\/festas-e-modos-de-vida\/?p=453"},"modified":"2025-11-26T18:57:55","modified_gmt":"2025-11-26T21:57:55","slug":"dialogos-epistemicos","status":"publish","type":"post","link":"https:\/\/mg.passadospresentes.com.br\/festas-e-modos-de-vida\/noticias\/dialogos-epistemicos\/","title":{"rendered":"Di\u00e1logos Epist\u00eamicos: Saberes Cient\u00edficos e Saberes Tradicionais do Ros\u00e1rio"},"content":{"rendered":"\n<p>Durante o I Semin\u00e1rio Interno Passados Presentes: Patrim\u00f4nios e Mem\u00f3rias Negras e Afro-Ind\u00edgenas em Minas Gerais, realizado na Universidade Federal de Juiz de Fora (UFJF), ocorreu, no dia 25 de outubro de 2023, a mesa \u201cDi\u00e1logos Epist\u00eamicos: Saberes Cient\u00edficos e Saberes Tradicionais do Ros\u00e1rio\u201d.<\/p>\n\n\n\n<p><strong>Convidadas(os):<\/strong><\/p>\n\n\n\n<ul class=\"wp-block-list\">\n<li>Capit\u00e3 Pedrina de Lourdes Santos<\/li>\n\n\n\n<li>Mestre Pedro Ant\u00f4nio Catarino<\/li>\n\n\n\n<li>Profa. Dra. Martha Abreu<\/li>\n\n\n\n<li>Profa. Dra. Silvia Br\u00fcgger<\/li>\n<\/ul>\n\n\n\n<p><strong>Media\u00e7\u00e3o:<\/strong><\/p>\n\n\n\n<ul class=\"wp-block-list\">\n<li>Profa. Dra. Hebe Mattos<\/li>\n<\/ul>\n\n\n\n<p>Projeto realizado com recursos do Conselho Nacional de Desenvolvimento Cient\u00edfico e Tecnol\u00f3gico \u2013 CNPq.<\/p>\n\n\n\n<figure class=\"wp-block-embed is-type-video is-provider-youtube wp-block-embed-youtube wp-embed-aspect-16-9 wp-has-aspect-ratio\"><div class=\"wp-block-embed__wrapper\">\n<iframe title=\"Mesa 2 - &quot;Di\u00e1logos Epist\u00eamicos: Saberes Cient\u00edficos e Saberes Tradicionais do Ros\u00e1rio\u201d\" width=\"800\" height=\"450\" src=\"https:\/\/www.youtube.com\/embed\/vG7s8EjDPzM?feature=oembed\" frameborder=\"0\" allow=\"accelerometer; autoplay; clipboard-write; encrypted-media; gyroscope; picture-in-picture; web-share\" referrerpolicy=\"strict-origin-when-cross-origin\" allowfullscreen><\/iframe>\n<\/div><\/figure>\n","protected":false},"excerpt":{"rendered":"<p>Durante o I Semin\u00e1rio Interno Passados Presentes: Patrim\u00f4nios e Mem\u00f3rias Negras e Afro-Ind\u00edgenas em Minas Gerais, realizado na Universidade Federal de Juiz de Fora (UFJF), ocorreu, no dia 25 de outubro de 2023, a mesa \u201cDi\u00e1logos Epist\u00eamicos: Saberes Cient\u00edficos e Saberes Tradicionais do Ros\u00e1rio\u201d. Convidadas(os): Media\u00e7\u00e3o: Projeto realizado com recursos do Conselho Nacional de Desenvolvimento [&hellip;]<\/p>\n","protected":false},"author":1,"featured_media":1739,"comment_status":"open","ping_status":"open","sticky":false,"template":"","format":"standard","meta":{"_acf_changed":false,"footnotes":""},"categories":[19],"tags":[],"class_list":["post-453","post","type-post","status-publish","format-standard","has-post-thumbnail","hentry","category-noticias"],"acf":[],"_links":{"self":[{"href":"https:\/\/mg.passadospresentes.com.br\/festas-e-modos-de-vida\/wp-json\/wp\/v2\/posts\/453","targetHints":{"allow":["GET"]}}],"collection":[{"href":"https:\/\/mg.passadospresentes.com.br\/festas-e-modos-de-vida\/wp-json\/wp\/v2\/posts"}],"about":[{"href":"https:\/\/mg.passadospresentes.com.br\/festas-e-modos-de-vida\/wp-json\/wp\/v2\/types\/post"}],"author":[{"embeddable":true,"href":"https:\/\/mg.passadospresentes.com.br\/festas-e-modos-de-vida\/wp-json\/wp\/v2\/users\/1"}],"replies":[{"embeddable":true,"href":"https:\/\/mg.passadospresentes.com.br\/festas-e-modos-de-vida\/wp-json\/wp\/v2\/comments?post=453"}],"version-history":[{"count":6,"href":"https:\/\/mg.passadospresentes.com.br\/festas-e-modos-de-vida\/wp-json\/wp\/v2\/posts\/453\/revisions"}],"predecessor-version":[{"id":1763,"href":"https:\/\/mg.passadospresentes.com.br\/festas-e-modos-de-vida\/wp-json\/wp\/v2\/posts\/453\/revisions\/1763"}],"wp:featuredmedia":[{"embeddable":true,"href":"https:\/\/mg.passadospresentes.com.br\/festas-e-modos-de-vida\/wp-json\/wp\/v2\/media\/1739"}],"wp:attachment":[{"href":"https:\/\/mg.passadospresentes.com.br\/festas-e-modos-de-vida\/wp-json\/wp\/v2\/media?parent=453"}],"wp:term":[{"taxonomy":"category","embeddable":true,"href":"https:\/\/mg.passadospresentes.com.br\/festas-e-modos-de-vida\/wp-json\/wp\/v2\/categories?post=453"},{"taxonomy":"post_tag","embeddable":true,"href":"https:\/\/mg.passadospresentes.com.br\/festas-e-modos-de-vida\/wp-json\/wp\/v2\/tags?post=453"}],"curies":[{"name":"wp","href":"https:\/\/api.w.org\/{rel}","templated":true}]}}