{"id":451,"date":"2024-11-16T20:57:22","date_gmt":"2024-11-16T23:57:22","guid":{"rendered":"https:\/\/mg.passadospresentes.com.br\/festas-e-modos-de-vida\/?p=451"},"modified":"2025-12-09T14:10:36","modified_gmt":"2025-12-09T17:10:36","slug":"afetos-gestos-olhares","status":"publish","type":"post","link":"https:\/\/mg.passadospresentes.com.br\/festas-e-modos-de-vida\/noticias\/afetos-gestos-olhares\/","title":{"rendered":"Afetos, Gestos e Olhares: A rela\u00e7\u00e3o dos pesquisadores com os detentores e suas comunidades"},"content":{"rendered":"\n<p>A Oficina &#8220;Afetos, Gestos e Olhares: A rela\u00e7\u00e3o dos pesquisadores com os detentores e suas comunidades&#8221; foi ministrada pelo Babalawo e Historiador Rhonnel Am\u00e9rico, Rainha Konga Historiadora Ana Luzia Morais e Reinadeira e Historiadora Sidn\u00e9a Francisca dos Santos, no I Semin\u00e1rio Interno Passados Presentes Minas Gerais, que aconteceu na Universidade Federal de Juiz de Fora &#8211; MG, em 2023. <\/p>\n\n\n\n<p>Em breve! <\/p>\n","protected":false},"excerpt":{"rendered":"<p>A Oficina &#8220;Afetos, Gestos e Olhares: A rela\u00e7\u00e3o dos pesquisadores com os detentores e suas comunidades&#8221; foi ministrada pelo Babalawo e Historiador Rhonnel Am\u00e9rico, Rainha Konga Historiadora Ana Luzia Morais e Reinadeira e Historiadora Sidn\u00e9a Francisca dos Santos, no I Semin\u00e1rio Interno Passados Presentes Minas Gerais, que aconteceu na Universidade Federal de Juiz de Fora [&hellip;]<\/p>\n","protected":false},"author":1,"featured_media":1921,"comment_status":"open","ping_status":"open","sticky":false,"template":"","format":"standard","meta":{"_acf_changed":false,"footnotes":""},"categories":[19],"tags":[],"class_list":["post-451","post","type-post","status-publish","format-standard","has-post-thumbnail","hentry","category-noticias"],"acf":[],"_links":{"self":[{"href":"https:\/\/mg.passadospresentes.com.br\/festas-e-modos-de-vida\/wp-json\/wp\/v2\/posts\/451","targetHints":{"allow":["GET"]}}],"collection":[{"href":"https:\/\/mg.passadospresentes.com.br\/festas-e-modos-de-vida\/wp-json\/wp\/v2\/posts"}],"about":[{"href":"https:\/\/mg.passadospresentes.com.br\/festas-e-modos-de-vida\/wp-json\/wp\/v2\/types\/post"}],"author":[{"embeddable":true,"href":"https:\/\/mg.passadospresentes.com.br\/festas-e-modos-de-vida\/wp-json\/wp\/v2\/users\/1"}],"replies":[{"embeddable":true,"href":"https:\/\/mg.passadospresentes.com.br\/festas-e-modos-de-vida\/wp-json\/wp\/v2\/comments?post=451"}],"version-history":[{"count":3,"href":"https:\/\/mg.passadospresentes.com.br\/festas-e-modos-de-vida\/wp-json\/wp\/v2\/posts\/451\/revisions"}],"predecessor-version":[{"id":1411,"href":"https:\/\/mg.passadospresentes.com.br\/festas-e-modos-de-vida\/wp-json\/wp\/v2\/posts\/451\/revisions\/1411"}],"wp:featuredmedia":[{"embeddable":true,"href":"https:\/\/mg.passadospresentes.com.br\/festas-e-modos-de-vida\/wp-json\/wp\/v2\/media\/1921"}],"wp:attachment":[{"href":"https:\/\/mg.passadospresentes.com.br\/festas-e-modos-de-vida\/wp-json\/wp\/v2\/media?parent=451"}],"wp:term":[{"taxonomy":"category","embeddable":true,"href":"https:\/\/mg.passadospresentes.com.br\/festas-e-modos-de-vida\/wp-json\/wp\/v2\/categories?post=451"},{"taxonomy":"post_tag","embeddable":true,"href":"https:\/\/mg.passadospresentes.com.br\/festas-e-modos-de-vida\/wp-json\/wp\/v2\/tags?post=451"}],"curies":[{"name":"wp","href":"https:\/\/api.w.org\/{rel}","templated":true}]}}