{"id":1876,"date":"2025-12-04T23:14:27","date_gmt":"2025-12-05T02:14:27","guid":{"rendered":"https:\/\/mg.passadospresentes.com.br\/festas-e-modos-de-vida\/?p=1876"},"modified":"2025-12-09T15:05:15","modified_gmt":"2025-12-09T18:05:15","slug":"prosa-em-festa-oficina-de-producao-de-podcast","status":"publish","type":"post","link":"https:\/\/mg.passadospresentes.com.br\/festas-e-modos-de-vida\/podcast\/prosa-em-festa-oficina-de-producao-de-podcast\/","title":{"rendered":"Prosa em festa: oficina de produ\u00e7\u00e3o de podcast"},"content":{"rendered":"\n<p><strong>Por Marlon Marcelo<\/strong><\/p>\n\n\n\n<p class=\"has-medium-font-size\"><strong>Boas-vindas<\/strong><\/p>\n\n\n\n<p>Nas cosmologias africanas, diasp\u00f3ricas e afro-ind\u00edgenas, a palavra n\u00e3o \u00e9 apenas uma unidade da linguagem, \u00e9 for\u00e7a criadora. Ela estabelece a ordem, o conhecimento e a energia vital que conecta o mundo espiritual ao f\u00edsico, permitindo o di\u00e1logo com os ancestrais. A oralidade \u00e9 o fio que entrela\u00e7a gera\u00e7\u00f5es, o meio pelo qual o saber nasce, se expande e sustenta toda a trama da ancestralidade. \u00c9 na arte de contar hist\u00f3rias que mestres e mestras renovam o mundo e reverenciam aqueles que vieram antes de n\u00f3s.<\/p>\n\n\n\n<p>Inspirado por essa tradi\u00e7\u00e3o, o grupo \u201cFesta, modo de vida e Cosmologias Negras e Afro-Ind\u00edgenas em Minas Gerais\u201d escolheu o podcast como forma de expressar os di\u00e1logos epist\u00eamicos que realizamos no projeto Passados Presentes. Convidamos a todas, todos e todes a exercer a palavra, a transformar o que pensamos e reverenciamos em som, em prosa, em podcast. Que nossas vozes sigam abrindo caminhos e ecoando os saberes de nossos ancestrais.<\/p>\n\n\n\n<p class=\"has-medium-font-size\"><strong>Orienta\u00e7\u00f5es para Preenchimento do Documento<\/strong><\/p>\n\n\n\n<p>Este documento \u00e9 um guia de apoio e um convite \u00e0 cria\u00e7\u00e3o. A partir dele, voc\u00ea poder\u00e1 refletir conosco sobre a estrutura de um podcast.<\/p>\n\n\n\n<ol class=\"wp-block-list\">\n<li>Escolha uma tem\u00e1tica que desperte seu interesse e que voc\u00ea gostaria de transformar em um podcast. Que tal usar a tem\u00e1tica do seu grupo?<\/li>\n\n\n\n<li>Acompanhe as etapas que iremos apresentar \u2014 s\u00e3o os mesmos passos que seguimos na constru\u00e7\u00e3o dos nossos pr\u00f3prios podcasts.<\/li>\n\n\n\n<li>Preencha os espa\u00e7os propostos, registrando suas ideias para cada campo que comp\u00f5e seu podcast.<\/li>\n<\/ol>\n\n\n\n<p><\/p>\n\n\n\n<p>Sinta-se \u00e0 vontade para criar, experimentar e dar forma \u00e0 sua voz. Este \u00e9 um espa\u00e7o para exercitar a palavra, a escuta e a imagina\u00e7\u00e3o.<\/p>\n\n\n\n<figure class=\"wp-block-table\"><table class=\"has-fixed-layout\"><tbody><tr><td><strong>Passo<\/strong><\/td><td><strong>Dica<\/strong><\/td><td><strong>Registro<\/strong><\/td><\/tr><\/tbody><\/table><\/figure>\n\n\n\n<figure class=\"wp-block-table\"><table class=\"has-fixed-layout\"><tbody><tr><td class=\"has-text-align-center\" data-align=\"center\"><strong>Passos iniciais: Estrutura\u00e7\u00e3o do podcast<\/strong><\/td><\/tr><\/tbody><\/table><\/figure>\n\n\n\n<figure class=\"wp-block-table\"><table class=\"has-fixed-layout\"><tbody><tr><td><strong>Defina o tema<\/strong><\/td><td><em>Qual ser\u00e1 o tema do<br>seu podcast? Escolha<br>algo que dialogue com<br>seus gostos, viv\u00eancias<br>ou estudos.<\/em><\/td><td><\/td><\/tr><tr><td><strong>Defina o<br>formato<\/strong><\/td><td><em>Como o conte\u00fado ser\u00e1<br>apresentado? Entrevista,<br>conversa entre<br>participantes, narra\u00e7\u00e3o<br>com trilha sonora, leitura<br>comentada, entre outros.<\/em><\/td><td><\/td><\/tr><tr><td><strong>Defina o t\u00edtulo<br>do podcast<\/strong><\/td><td><em>Escolha um t\u00edtulo<br>marcante, que traduza<br>a ess\u00eancia do tema e<br>desperte curiosidade.<\/em><\/td><td><\/td><\/tr><tr><td><strong>Defina a<br>sequ\u00eancia dos<br>epis\u00f3dio<\/strong>s<\/td><td><em>Quantos epis\u00f3dios<br>haver\u00e1? Quais as<br>tem\u00e1ticas de cada um?<br>Esboce ao menos tr\u00eas<br>ideias.<\/em><\/td><td><\/td><\/tr><tr><td><strong>Defina a<br>dura\u00e7\u00e3o dos<br>epis\u00f3dios<\/strong><\/td><td><em>Quanto tempo ter\u00e1<br>cada epis\u00f3dio?<br>Considere o formato<br>escolhido para manter<br>o ritmo e o interesse do<br>ouvinte.<\/em><\/td><td><\/td><\/tr><tr><td><strong>Defina<br>abertura do<br>podcast<\/strong><\/td><td><em>Pense em uma frase<br>de efeito, uma m\u00fasica<br>ou um bord\u00e3o que crie<br>identidade e<br>envolvimento logo no<br>in\u00edcio.<\/em><\/td><td><\/td><\/tr><\/tbody><\/table><\/figure>\n\n\n\n<figure class=\"wp-block-table\"><table class=\"has-fixed-layout\"><tbody><tr><td class=\"has-text-align-center\" data-align=\"center\"><strong>Roteiro<\/strong><\/td><\/tr><\/tbody><\/table><\/figure>\n\n\n\n<figure class=\"wp-block-table\"><table class=\"has-fixed-layout\"><tbody><tr><td><strong>Defina<br>abertura do<br>epis\u00f3dio<\/strong><\/td><td><em>Como ser\u00e1 a introdu\u00e7\u00e3o?<br>Uma sauda\u00e7\u00e3o? Uma<br>frase inspiradora? Uma<br>breve apresenta\u00e7\u00e3o do<br>tema?<\/em><\/td><td><\/td><\/tr><tr><td><strong>Defina as falas<br>centrais e o fio<br>condutor<\/strong><\/td><td><em>Organize as ideias<br>principais, falas ou<br>perguntas. Como elas<br>se conectam ao longo<br>do epis\u00f3dio?<\/em><\/td><td><\/td><\/tr><tr><td><strong>Defina<br>estrat\u00e9gia de<br>encerramento<\/strong><\/td><td><em>Como o epis\u00f3dio vai<br>terminar? Com uma<br>reflex\u00e3o,<br>agradecimento ou<br>convite para o<br>pr\u00f3ximo?<\/em><\/td><td><\/td><\/tr><tr><td><strong>Defina o modo<br>de gravar o<br>podcast<\/strong><\/td><td><em>Como ser\u00e1 feita a<br>grava\u00e7\u00e3o? No celular,<br>computador ou gravador?<br>Ser\u00e1 cont\u00ednua ou por<br>blocos?<\/em><\/td><td><\/td><\/tr><\/tbody><\/table><\/figure>\n\n\n\n<figure class=\"wp-block-table\"><table class=\"has-fixed-layout\"><tbody><tr><td class=\"has-text-align-center\" data-align=\"center\"><strong>Edi\u00e7\u00e3o <\/strong><\/td><\/tr><\/tbody><\/table><\/figure>\n\n\n\n<figure class=\"wp-block-table\"><table class=\"has-fixed-layout\"><tbody><tr><td><strong>Realize a<br>edi\u00e7\u00e3o dos<br>epis\u00f3dios<\/strong><\/td><td><em>Quais partes voc\u00ea<br>cortaria? Ter\u00e1<br>transi\u00e7\u00f5es entre as<br>falas ou ser\u00e1 direto?<\/em><\/td><td><\/td><\/tr><tr><td><strong>Defina a<br>sonoplastia<\/strong><\/td><td><em>Que sons ou trilhas<br>sonoras usaria?<br>Experimente criar<br>atmosferas que<br>combinem com o tema.<\/em><\/td><td><\/td><\/tr><\/tbody><\/table><\/figure>\n\n\n\n<figure class=\"wp-block-table\"><table class=\"has-fixed-layout\"><tbody><tr><td class=\"has-text-align-center\" data-align=\"center\"><strong>Compartilhamento<\/strong><\/td><\/tr><\/tbody><\/table><\/figure>\n\n\n\n<figure class=\"wp-block-table\"><table class=\"has-fixed-layout\"><tbody><tr><td><strong>Defina o local<br>ou plataforma<br>para<br>compartilhar<\/strong><\/td><td><em>Onde o podcast ser\u00e1<br>publicado ou ouvido?<br>Spotify, YouTube,<br>Anchor?<\/em><\/td><td><\/td><\/tr><\/tbody><\/table><\/figure>\n\n\n\n<div data-wp-interactive=\"core\/file\" class=\"wp-block-file\"><object data-wp-bind--hidden=\"!state.hasPdfPreview\" hidden class=\"wp-block-file__embed\" data=\"https:\/\/mg.passadospresentes.com.br\/festas-e-modos-de-vida\/wp-content\/uploads\/sites\/3\/2025\/12\/Prosa-em-festa-oficina-de-producao-de-podcast.pdf\" type=\"application\/pdf\" style=\"width:100%;height:600px\" aria-label=\"Incorporado de Prosa em festa-oficina de produ\u00e7\u00e3o de podcast.\"><\/object><a id=\"wp-block-file--media-3f0288c7-3fc4-4996-b7d5-90a5a94953e7\" href=\"https:\/\/mg.passadospresentes.com.br\/festas-e-modos-de-vida\/wp-content\/uploads\/sites\/3\/2025\/12\/Prosa-em-festa-oficina-de-producao-de-podcast.pdf\">Prosa em festa-oficina de produ\u00e7\u00e3o de podcast<\/a><a href=\"https:\/\/mg.passadospresentes.com.br\/festas-e-modos-de-vida\/wp-content\/uploads\/sites\/3\/2025\/12\/Prosa-em-festa-oficina-de-producao-de-podcast.pdf\" class=\"wp-block-file__button wp-element-button\" download aria-describedby=\"wp-block-file--media-3f0288c7-3fc4-4996-b7d5-90a5a94953e7\">Baixar<\/a><\/div>\n\n\n\n<p class=\"has-small-font-size\"><strong>Fotos<\/strong>: <strong>&nbsp;<\/strong>Danilo Ferretti \u2013 II Semin\u00e1rio Passados Presentes MG, realizado no Templo Irossum Aj\u00ea \u2013 Il\u00ea Orix\u00e1 Emil\u00e1, em Tr\u00eas Cora\u00e7\u00f5es-MG. 2025.<\/p>\n\n\n\n<p><\/p>\n","protected":false},"excerpt":{"rendered":"<p>Por Marlon Marcelo Boas-vindas Nas cosmologias africanas, diasp\u00f3ricas e afro-ind\u00edgenas, a palavra n\u00e3o \u00e9 apenas uma unidade da linguagem, \u00e9 for\u00e7a criadora. Ela estabelece a ordem, o conhecimento e a energia vital que conecta o mundo espiritual ao f\u00edsico, permitindo o di\u00e1logo com os ancestrais. A oralidade \u00e9 o fio que entrela\u00e7a gera\u00e7\u00f5es, o meio [&hellip;]<\/p>\n","protected":false},"author":6,"featured_media":1893,"comment_status":"open","ping_status":"open","sticky":false,"template":"","format":"standard","meta":{"_acf_changed":false,"footnotes":""},"categories":[2],"tags":[],"class_list":["post-1876","post","type-post","status-publish","format-standard","has-post-thumbnail","hentry","category-podcast"],"acf":[],"_links":{"self":[{"href":"https:\/\/mg.passadospresentes.com.br\/festas-e-modos-de-vida\/wp-json\/wp\/v2\/posts\/1876","targetHints":{"allow":["GET"]}}],"collection":[{"href":"https:\/\/mg.passadospresentes.com.br\/festas-e-modos-de-vida\/wp-json\/wp\/v2\/posts"}],"about":[{"href":"https:\/\/mg.passadospresentes.com.br\/festas-e-modos-de-vida\/wp-json\/wp\/v2\/types\/post"}],"author":[{"embeddable":true,"href":"https:\/\/mg.passadospresentes.com.br\/festas-e-modos-de-vida\/wp-json\/wp\/v2\/users\/6"}],"replies":[{"embeddable":true,"href":"https:\/\/mg.passadospresentes.com.br\/festas-e-modos-de-vida\/wp-json\/wp\/v2\/comments?post=1876"}],"version-history":[{"count":16,"href":"https:\/\/mg.passadospresentes.com.br\/festas-e-modos-de-vida\/wp-json\/wp\/v2\/posts\/1876\/revisions"}],"predecessor-version":[{"id":1941,"href":"https:\/\/mg.passadospresentes.com.br\/festas-e-modos-de-vida\/wp-json\/wp\/v2\/posts\/1876\/revisions\/1941"}],"wp:featuredmedia":[{"embeddable":true,"href":"https:\/\/mg.passadospresentes.com.br\/festas-e-modos-de-vida\/wp-json\/wp\/v2\/media\/1893"}],"wp:attachment":[{"href":"https:\/\/mg.passadospresentes.com.br\/festas-e-modos-de-vida\/wp-json\/wp\/v2\/media?parent=1876"}],"wp:term":[{"taxonomy":"category","embeddable":true,"href":"https:\/\/mg.passadospresentes.com.br\/festas-e-modos-de-vida\/wp-json\/wp\/v2\/categories?post=1876"},{"taxonomy":"post_tag","embeddable":true,"href":"https:\/\/mg.passadospresentes.com.br\/festas-e-modos-de-vida\/wp-json\/wp\/v2\/tags?post=1876"}],"curies":[{"name":"wp","href":"https:\/\/api.w.org\/{rel}","templated":true}]}}