{"id":1862,"date":"2025-12-04T21:45:57","date_gmt":"2025-12-05T00:45:57","guid":{"rendered":"https:\/\/mg.passadospresentes.com.br\/festas-e-modos-de-vida\/?p=1862"},"modified":"2026-04-13T22:50:43","modified_gmt":"2026-04-14T01:50:43","slug":"podcast-passados-presentes-aweto-ererre","status":"publish","type":"post","link":"https:\/\/mg.passadospresentes.com.br\/festas-e-modos-de-vida\/podcast\/podcast-passados-presentes-aweto-ererre\/","title":{"rendered":"Podcast &#8211; Passados Presentes: Aweto-Ererr\u00e9"},"content":{"rendered":"\n<p><strong>Os Saberes do Ros\u00e1rio: Reinados e Congados<\/strong> &#8211; Segundo epis\u00f3dio <\/p>\n\n\n\n<figure class=\"wp-block-embed is-type-rich is-provider-spotify wp-block-embed-spotify wp-embed-aspect-21-9 wp-has-aspect-ratio\"><div class=\"wp-block-embed__wrapper\">\n<iframe title=\"Spotify Embed: Os Saberes do Ros\u00e1rio: Reinados e Congados\" style=\"border-radius: 12px\" width=\"100%\" height=\"152\" frameborder=\"0\" allowfullscreen allow=\"autoplay; clipboard-write; encrypted-media; fullscreen; picture-in-picture\" loading=\"lazy\" src=\"https:\/\/open.spotify.com\/embed\/episode\/3JEuoEw3H2hGcV9Grl2hPh?si=oYWaKY0tQmanyOh0DoFEdQ&amp;utm_source=oembed\"><\/iframe>\n<\/div><\/figure>\n\n\n\n<p><strong>Descri\u00e7\u00e3o do epis\u00f3dio <\/strong><br>No segundo epis\u00f3dio, exploramos os Saberes do Ros\u00e1rio, mergulhando nas hist\u00f3rias e viv\u00eancias dos Reinados e Congados em Minas Gerais e em outras regi\u00f5es do Brasil. A conversa re\u00fane a Capit\u00e3 Pedrina de Lourdes, o historiador e reinadeiro Embaixador Jeremias Brasileiro e as historiadoras Josemeire Pereira e Aline Guerra, que compartilham reflex\u00f5es sobre ancestralidade, religiosidade, mem\u00f3ria e as continuidades dessas tradi\u00e7\u00f5es no tempo presente.<br>O roteiro desse podcast foi produzido pela, pelos pesquisadores Rainha Konga Ana Luzia Morais, Samuel Avelar Jr., Simone de Assis, Andr\u00e9 Luiz Ribeiro de Ara\u00fajo, Christine Douxami, Sidnea Francisca dos Santos, Isaac Ribeiro, L\u00edvia Monteiro, e pela detentora cultural Capit\u00e3 Pedrina de Lourdes Santos<\/p>\n\n\n\n<p>A dire\u00e7\u00e3o do programa foi responsabilidade de Rainha Konga Ana Luzia Morais, Capit\u00e3 Pedrina e Samuel Avelar Jr.<\/p>\n\n\n\n<p>A edi\u00e7\u00e3o foi realizada por Larissa Munck.<\/p>\n\n\n\n<p>A produ\u00e7\u00e3o foi de Samuel Avelar Jr. e a locu\u00e7\u00e3o de Rainha Konga Ana Luzia Morais.<\/p>\n\n\n\n<p>O podcast faz parte do projeto Passados Presentes: Patrim\u00f4nios e Mem\u00f3rias Negras e Afro-Ind\u00edgenas em Minas Gerais, aprovado no edital Pr\u00f3-Humanidades do CNPq. Seu objetivo central \u00e9 fornecer subs\u00eddios para pol\u00edticas p\u00fablicas de salvaguarda e valoriza\u00e7\u00e3o dos patrim\u00f4nios negros e afro-ind\u00edgenas de Minas Gerais, promovendo di\u00e1logos epist\u00eamicos entre universidades, escolas, detentores dos patrim\u00f4nios, comunidades tradicionais e gestores p\u00fablicos ligados \u00e0s pol\u00edticas de patrim\u00f4nio.<\/p>\n\n\n\n<p><strong>Os emaranhados das religi\u00f5es afro-brasileiras: Kandombl\u00e9, Umbanda e Kimbanda <\/strong>&#8211; Primeiro epis\u00f3dio <\/p>\n\n\n\n<figure class=\"wp-block-embed is-type-rich is-provider-spotify wp-block-embed-spotify wp-embed-aspect-21-9 wp-has-aspect-ratio\"><div class=\"wp-block-embed__wrapper\">\n<iframe title=\"Spotify Embed: Os emaranhados das religi\u00f5es afro-brasileiras: Kandombl\u00e9, Umbanda e Kimbanda\" style=\"border-radius: 12px\" width=\"100%\" height=\"152\" frameborder=\"0\" allowfullscreen allow=\"autoplay; clipboard-write; encrypted-media; fullscreen; picture-in-picture\" loading=\"lazy\" src=\"https:\/\/open.spotify.com\/embed\/episode\/2uzhIpKmDZd6g5I6BlM73P?utm_source=oembed\"><\/iframe>\n<\/div><\/figure>\n\n\n\n<p><strong>Descri\u00e7\u00e3o do primeiro epis\u00f3di<\/strong>o<\/p>\n\n\n\n<p>O podcast faz parte do projeto Passados Presentes: Patrim\u00f4nios e Mem\u00f3rias Negras e Afro-Ind\u00edgenas em Minas Gerais, aprovado no edital Pr\u00f3-Humanidades do CNPq. Seu objetivo central \u00e9 fornecer subs\u00eddios para pol\u00edticas p\u00fablicas de salvaguarda e valoriza\u00e7\u00e3o dos patrim\u00f4nios negros e afro-ind\u00edgenas de Minas Gerais, promovendo di\u00e1logos epist\u00eamicos entre universidades, escolas, detentores dos patrim\u00f4nios, comunidades tradicionais e gestores p\u00fablicos ligados \u00e0s pol\u00edticas de patrim\u00f4nio.<\/p>\n\n\n\n<p>No primeiro epis\u00f3dio, mergulhamos nos emaranhados das religi\u00f5es afro-brasileiras, atravessando caminhos do Kandombl\u00e9, da Umbanda e da Kimbanda, em suas conex\u00f5es entre o Brasil e o continente africano. Participam da conversa a Capit\u00e3 Pedrina de Lourdes, o Babalorix\u00e1 Rhonnel, M\u00e3e Ana de Ians\u00e3 e Carolina Martins \u2014 pesquisadora do grupo e tamb\u00e9m vivente da Umbanda \u2014 que compartilham experi\u00eancias e reflex\u00f5es sobre ancestralidade, resist\u00eancia e espiritualidade.<\/p>\n\n\n\n<p>O roteiro desse podcast foi produzido pela, pelos pesquisadores S\u00e1 Rainha Konga Ana Luzia da Silva Morais, Samuel Avelar J\u00fanior, Simone de Assis, Andr\u00e9 Luiz Ribeiro de Ara\u00fajo, Christine Douxami, Sidnea Francisca dos Santos \u2013 Negrinha do Ros\u00e1rio, Marlon Marcelo, L\u00edvia Monteiro, e pela detentora cultural Capit\u00e3 Pedrina de Lourdes Santos<\/p>\n\n\n\n<p>A dire\u00e7\u00e3o do programa foi responsabilidade de S\u00e1 Rainha Konga Ana Luzia da Silva Morais, Capit\u00e3 Pedrina e Samuel Avelar Jr.<\/p>\n\n\n\n<p>A edi\u00e7\u00e3o foi realizada por Larissa Munck.<\/p>\n\n\n\n<p>A produ\u00e7\u00e3o foi de Samuel Avelar Jr. e a locu\u00e7\u00e3o de Simone de Assis.<\/p>\n\n\n\n<p>Se voc\u00ea tem interesse em saber mais sobre os di\u00e1logos constru\u00eddos entre os pesquisadores e os detentores culturais, acesse o site Passados e Presentes. V\u00e1 at\u00e9 a aba \u2018Festas, Modos de Vida e Cosmologias\u2019 e confira todo o conte\u00fado:&nbsp;<a href=\"https:\/\/mg.passadospresentes.com.br\/\">Passados Presentes \u2013 MG<\/a><\/p>\n\n\n\n<p><\/p>\n","protected":false},"excerpt":{"rendered":"<p>Os Saberes do Ros\u00e1rio: Reinados e Congados &#8211; Segundo epis\u00f3dio Descri\u00e7\u00e3o do epis\u00f3dio No segundo epis\u00f3dio, exploramos os Saberes do Ros\u00e1rio, mergulhando nas hist\u00f3rias e viv\u00eancias dos Reinados e Congados em Minas Gerais e em outras regi\u00f5es do Brasil. A conversa re\u00fane a Capit\u00e3 Pedrina de Lourdes, o historiador e reinadeiro Embaixador Jeremias Brasileiro e [&hellip;]<\/p>\n","protected":false},"author":6,"featured_media":1863,"comment_status":"open","ping_status":"open","sticky":false,"template":"","format":"standard","meta":{"_acf_changed":false,"footnotes":""},"categories":[2],"tags":[],"class_list":["post-1862","post","type-post","status-publish","format-standard","has-post-thumbnail","hentry","category-podcast"],"acf":[],"_links":{"self":[{"href":"https:\/\/mg.passadospresentes.com.br\/festas-e-modos-de-vida\/wp-json\/wp\/v2\/posts\/1862","targetHints":{"allow":["GET"]}}],"collection":[{"href":"https:\/\/mg.passadospresentes.com.br\/festas-e-modos-de-vida\/wp-json\/wp\/v2\/posts"}],"about":[{"href":"https:\/\/mg.passadospresentes.com.br\/festas-e-modos-de-vida\/wp-json\/wp\/v2\/types\/post"}],"author":[{"embeddable":true,"href":"https:\/\/mg.passadospresentes.com.br\/festas-e-modos-de-vida\/wp-json\/wp\/v2\/users\/6"}],"replies":[{"embeddable":true,"href":"https:\/\/mg.passadospresentes.com.br\/festas-e-modos-de-vida\/wp-json\/wp\/v2\/comments?post=1862"}],"version-history":[{"count":5,"href":"https:\/\/mg.passadospresentes.com.br\/festas-e-modos-de-vida\/wp-json\/wp\/v2\/posts\/1862\/revisions"}],"predecessor-version":[{"id":1961,"href":"https:\/\/mg.passadospresentes.com.br\/festas-e-modos-de-vida\/wp-json\/wp\/v2\/posts\/1862\/revisions\/1961"}],"wp:featuredmedia":[{"embeddable":true,"href":"https:\/\/mg.passadospresentes.com.br\/festas-e-modos-de-vida\/wp-json\/wp\/v2\/media\/1863"}],"wp:attachment":[{"href":"https:\/\/mg.passadospresentes.com.br\/festas-e-modos-de-vida\/wp-json\/wp\/v2\/media?parent=1862"}],"wp:term":[{"taxonomy":"category","embeddable":true,"href":"https:\/\/mg.passadospresentes.com.br\/festas-e-modos-de-vida\/wp-json\/wp\/v2\/categories?post=1862"},{"taxonomy":"post_tag","embeddable":true,"href":"https:\/\/mg.passadospresentes.com.br\/festas-e-modos-de-vida\/wp-json\/wp\/v2\/tags?post=1862"}],"curies":[{"name":"wp","href":"https:\/\/api.w.org\/{rel}","templated":true}]}}