{"id":1843,"date":"2025-12-02T16:31:01","date_gmt":"2025-12-02T19:31:01","guid":{"rendered":"https:\/\/mg.passadospresentes.com.br\/festas-e-modos-de-vida\/?p=1843"},"modified":"2025-12-02T17:10:35","modified_gmt":"2025-12-02T20:10:35","slug":"ii-seminario-passados-presentes-mg","status":"publish","type":"post","link":"https:\/\/mg.passadospresentes.com.br\/festas-e-modos-de-vida\/festas-e-modos-de-vida\/ii-seminario-passados-presentes-mg\/","title":{"rendered":"II Semin\u00e1rio Passados Presentes MG"},"content":{"rendered":"\n<p><strong>Relato de Experi\u00eancia &#8211; Por Samuel Pereira Avelar J\u00fanior<\/strong><\/p>\n\n\n\n<p>Festas, celebra\u00e7\u00e3o, debates, diferen\u00e7as e vontades \u2014 tudo isso se encontrou nesses dias. Em uma festa n\u00e3o h\u00e1 controle \u2014 h\u00e1 fluxo, h\u00e1 encontro. E assim seguimos, remando coletivamente, movidos por um sonho compartilhado: transformar o que entendemos como hist\u00f3ria e fazer dela uma celebra\u00e7\u00e3o viva, acess\u00edvel e transformadora.<\/p>\n\n\n\n<p>Falamos a mesma l\u00edngua, mesmo em territ\u00f3rios diferentes. Nosso sagrado tamb\u00e9m \u00e9 o amor pelo conhecimento \u2014 e o compromisso com o seu compartilhamento p\u00fablico.<\/p>\n\n\n\n<p>Gratid\u00e3o \u00e0 Capit\u00e3 Pedrina de Lourdes, ao Babalorix\u00e1 Rhonnel, \u00e0 M\u00e3e Ana de Ians\u00e3 e ao Mestre Pedrinho. Agrade\u00e7o tamb\u00e9m aos gestores, pesquisadores e professores envolvidos no projeto. E, com especial carinho, aos filhos e filhas do Templo Irosun Aje.<\/p>\n\n\n\n<p>Ax\u00e9, amor e continuidades.<\/p>\n\n\n\n<p class=\"has-small-font-size\"><strong>Foto 1:<\/strong> II Semin\u00e1rio Passados Presentes: patrim\u00f4nios e mem\u00f3rias negras e afro-ind\u00edgenas em Minas Gerais.\u00a0<strong>Registro:\u00a0<\/strong>Frederico Lopes. 2025.<\/p>\n\n\n\n<p><\/p>\n","protected":false},"excerpt":{"rendered":"<p>Relato de Experi\u00eancia &#8211; Por Samuel Pereira Avelar J\u00fanior Festas, celebra\u00e7\u00e3o, debates, diferen\u00e7as e vontades \u2014 tudo isso se encontrou nesses dias. Em uma festa n\u00e3o h\u00e1 controle \u2014 h\u00e1 fluxo, h\u00e1 encontro. E assim seguimos, remando coletivamente, movidos por um sonho compartilhado: transformar o que entendemos como hist\u00f3ria e fazer dela uma celebra\u00e7\u00e3o viva, [&hellip;]<\/p>\n","protected":false},"author":6,"featured_media":1845,"comment_status":"open","ping_status":"open","sticky":false,"template":"","format":"standard","meta":{"_acf_changed":false,"footnotes":""},"categories":[3],"tags":[],"class_list":["post-1843","post","type-post","status-publish","format-standard","has-post-thumbnail","hentry","category-festas-e-modos-de-vida"],"acf":[],"_links":{"self":[{"href":"https:\/\/mg.passadospresentes.com.br\/festas-e-modos-de-vida\/wp-json\/wp\/v2\/posts\/1843","targetHints":{"allow":["GET"]}}],"collection":[{"href":"https:\/\/mg.passadospresentes.com.br\/festas-e-modos-de-vida\/wp-json\/wp\/v2\/posts"}],"about":[{"href":"https:\/\/mg.passadospresentes.com.br\/festas-e-modos-de-vida\/wp-json\/wp\/v2\/types\/post"}],"author":[{"embeddable":true,"href":"https:\/\/mg.passadospresentes.com.br\/festas-e-modos-de-vida\/wp-json\/wp\/v2\/users\/6"}],"replies":[{"embeddable":true,"href":"https:\/\/mg.passadospresentes.com.br\/festas-e-modos-de-vida\/wp-json\/wp\/v2\/comments?post=1843"}],"version-history":[{"count":1,"href":"https:\/\/mg.passadospresentes.com.br\/festas-e-modos-de-vida\/wp-json\/wp\/v2\/posts\/1843\/revisions"}],"predecessor-version":[{"id":1847,"href":"https:\/\/mg.passadospresentes.com.br\/festas-e-modos-de-vida\/wp-json\/wp\/v2\/posts\/1843\/revisions\/1847"}],"wp:featuredmedia":[{"embeddable":true,"href":"https:\/\/mg.passadospresentes.com.br\/festas-e-modos-de-vida\/wp-json\/wp\/v2\/media\/1845"}],"wp:attachment":[{"href":"https:\/\/mg.passadospresentes.com.br\/festas-e-modos-de-vida\/wp-json\/wp\/v2\/media?parent=1843"}],"wp:term":[{"taxonomy":"category","embeddable":true,"href":"https:\/\/mg.passadospresentes.com.br\/festas-e-modos-de-vida\/wp-json\/wp\/v2\/categories?post=1843"},{"taxonomy":"post_tag","embeddable":true,"href":"https:\/\/mg.passadospresentes.com.br\/festas-e-modos-de-vida\/wp-json\/wp\/v2\/tags?post=1843"}],"curies":[{"name":"wp","href":"https:\/\/api.w.org\/{rel}","templated":true}]}}