{"id":1790,"date":"2025-11-26T19:57:13","date_gmt":"2025-11-26T22:57:13","guid":{"rendered":"https:\/\/mg.passadospresentes.com.br\/festas-e-modos-de-vida\/?p=1790"},"modified":"2025-11-26T20:58:32","modified_gmt":"2025-11-26T23:58:32","slug":"i-seminario-interno-passados-presentes-mg","status":"publish","type":"post","link":"https:\/\/mg.passadospresentes.com.br\/festas-e-modos-de-vida\/festas-e-modos-de-vida\/i-seminario-interno-passados-presentes-mg\/","title":{"rendered":"I Semin\u00e1rio Interno Passados Presentes MG"},"content":{"rendered":"\n<p><strong>Relato de experi\u00eancia \u2013 Por Simone de Assis<\/strong><\/p>\n\n\n\n<p>No tempo espiralado da cosmopercep\u00e7\u00e3o afrodiasp\u00f3rica: os encontros. E que encontro foi esse, minha gente! Bem-estar, junto de bem-viver e bem-querer, s\u00e3o palavras que ressoam um pouquinho do que foi a grandiosidade do I Semin\u00e1rio Interno \u2013 Passados Presentes MG, referente ao projeto de pesquisa sobre patrim\u00f4nios e mem\u00f3rias negras e afro-ind\u00edgenas em Minas Gerais, conectado ao projeto Humanidades-CNPq.<\/p>\n\n\n\n<p>O Semin\u00e1rio aconteceu entre os dias 24, 25 e 26 de outubro de 2023. Aos meus olhos, teve a perspectiva educativa-pol\u00edtico-afetiva da partilha de saberes e da democratiza\u00e7\u00e3o de acessos na Universidade Federal de Juiz de Fora- UFJF. Foram trocas profundas a respeito dos \u201cdi\u00e1logos epist\u00eamicos e antirracistas\u201d; \u201csaberes cient\u00edficos e saberes tradicionais do Ros\u00e1rio\u201d; \u201censino de Hist\u00f3ria e material did\u00e1tico\u201d; \u201cafetos, gestos e olhares: a rela\u00e7\u00e3o dos pesquisadores com os detentores e suas comunidades\u201d; \u201cgeorreferenciamento e reposit\u00f3rio de acervo\u201d; \u201cplen\u00e1ria com a coordenadora geral da Mem\u00f3ria e Verdade da Escravid\u00e3o e do Tr\u00e1fico Transatl\u00e2ntico do Tr\u00e1fico de Pessoas Escravizadas do Minist\u00e9rio dos Direitos Humanos e Cidadania\u201d.<\/p>\n\n\n\n<p>Ainda que a sistematiza\u00e7\u00e3o dos di\u00e1logos nem sempre tenham rumado para a converg\u00eancia no campo das ideias e nas concep\u00e7\u00f5es de trabalho, \u00e9 certo, que, o respeito, a empatia, o zelo e a disposi\u00e7\u00e3o para agir com seriedade na constru\u00e7\u00e3o de presentes e futuros contra coloniais, \u201cp\u00f4s sentido\u201d na toada da efetividade das pr\u00f3ximas tarefas.<\/p>\n\n\n\n<p>Tarefas \u00e0 parte, falemos da maravilha e eleg\u00e2ncia que foi a estadia-ocupa\u00e7\u00e3o no Trade Hotel para todas\/todos\/todes do projeto que estiveram no evento. Mas ainda n\u00e3o \u00e9 sobre isso.&nbsp;<\/p>\n\n\n\n<p>O que \u00e9 de verdade s\u00e3o os abra\u00e7os amigos, os sorrisos e l\u00e1grimas compartilhadas, o trabalho coletivo e horizontal que vem l\u00e1 de 2019 na forma\u00e7\u00e3o do Grupo de Trabalho Emancipa\u00e7\u00f5es e P\u00f3s-Aboli\u00e7\u00e3o em Minas Gerais \u2013 GTEP-MG ANPUH. Que atravessou a pandemia e mobilizou o esperan\u00e7ar de movimentos de a\u00e7\u00f5es afirmativas e de associativismo negro. Que culminou nessa constru\u00e7\u00e3o bonita e necess\u00e1ria sob a \u00f3tica do direito \u00e0 hist\u00f3ria, direito \u00e0 mem\u00f3ria e direito \u00e0 cidadania. \u00c9 bom demais ser parte desse movimento.&nbsp;<\/p>\n\n\n\n<p>Gratid\u00e3o imensa a cada participante, em especial \u00e0 Comiss\u00e3o Organizadora e Equipe Gestora deste projeto!<\/p>\n\n\n\n<p>Nguzo!<\/p>\n\n\n\n<p><\/p>\n\n\n\n<figure class=\"wp-block-image size-large\"><img fetchpriority=\"high\" decoding=\"async\" width=\"1024\" height=\"816\" src=\"https:\/\/mg.passadospresentes.com.br\/festas-e-modos-de-vida\/wp-content\/uploads\/sites\/3\/2024\/11\/Seminario-Foto-final-1024x816.jpg\" alt=\"\" class=\"wp-image-1198\" srcset=\"https:\/\/mg.passadospresentes.com.br\/festas-e-modos-de-vida\/wp-content\/uploads\/sites\/3\/2024\/11\/Seminario-Foto-final-1024x816.jpg 1024w, https:\/\/mg.passadospresentes.com.br\/festas-e-modos-de-vida\/wp-content\/uploads\/sites\/3\/2024\/11\/Seminario-Foto-final-300x239.jpg 300w, https:\/\/mg.passadospresentes.com.br\/festas-e-modos-de-vida\/wp-content\/uploads\/sites\/3\/2024\/11\/Seminario-Foto-final-768x612.jpg 768w, https:\/\/mg.passadospresentes.com.br\/festas-e-modos-de-vida\/wp-content\/uploads\/sites\/3\/2024\/11\/Seminario-Foto-final.jpg 1080w\" sizes=\"(max-width: 1024px) 100vw, 1024px\" \/><\/figure>\n\n\n\n<p><sub><strong>Foto I: <\/strong>Registro coletivo da abertura do I Semin\u00e1rio Interno Passados Presentes MG. <strong>Foto II: <\/strong>Registro coletivo de encerramento.<strong> Acervo<\/strong>: LABHOI\/AFRIKAS &#8211; UFJF. 2023.<\/sub><\/p>\n","protected":false},"excerpt":{"rendered":"<p>Relato de experi\u00eancia \u2013 Por Simone de Assis No tempo espiralado da cosmopercep\u00e7\u00e3o afrodiasp\u00f3rica: os encontros. E que encontro foi esse, minha gente! Bem-estar, junto de bem-viver e bem-querer, s\u00e3o palavras que ressoam um pouquinho do que foi a grandiosidade do I Semin\u00e1rio Interno \u2013 Passados Presentes MG, referente ao projeto de pesquisa sobre patrim\u00f4nios [&hellip;]<\/p>\n","protected":false},"author":6,"featured_media":1799,"comment_status":"open","ping_status":"open","sticky":false,"template":"","format":"standard","meta":{"_acf_changed":false,"footnotes":""},"categories":[3],"tags":[],"class_list":["post-1790","post","type-post","status-publish","format-standard","has-post-thumbnail","hentry","category-festas-e-modos-de-vida"],"acf":[],"_links":{"self":[{"href":"https:\/\/mg.passadospresentes.com.br\/festas-e-modos-de-vida\/wp-json\/wp\/v2\/posts\/1790","targetHints":{"allow":["GET"]}}],"collection":[{"href":"https:\/\/mg.passadospresentes.com.br\/festas-e-modos-de-vida\/wp-json\/wp\/v2\/posts"}],"about":[{"href":"https:\/\/mg.passadospresentes.com.br\/festas-e-modos-de-vida\/wp-json\/wp\/v2\/types\/post"}],"author":[{"embeddable":true,"href":"https:\/\/mg.passadospresentes.com.br\/festas-e-modos-de-vida\/wp-json\/wp\/v2\/users\/6"}],"replies":[{"embeddable":true,"href":"https:\/\/mg.passadospresentes.com.br\/festas-e-modos-de-vida\/wp-json\/wp\/v2\/comments?post=1790"}],"version-history":[{"count":2,"href":"https:\/\/mg.passadospresentes.com.br\/festas-e-modos-de-vida\/wp-json\/wp\/v2\/posts\/1790\/revisions"}],"predecessor-version":[{"id":1798,"href":"https:\/\/mg.passadospresentes.com.br\/festas-e-modos-de-vida\/wp-json\/wp\/v2\/posts\/1790\/revisions\/1798"}],"wp:featuredmedia":[{"embeddable":true,"href":"https:\/\/mg.passadospresentes.com.br\/festas-e-modos-de-vida\/wp-json\/wp\/v2\/media\/1799"}],"wp:attachment":[{"href":"https:\/\/mg.passadospresentes.com.br\/festas-e-modos-de-vida\/wp-json\/wp\/v2\/media?parent=1790"}],"wp:term":[{"taxonomy":"category","embeddable":true,"href":"https:\/\/mg.passadospresentes.com.br\/festas-e-modos-de-vida\/wp-json\/wp\/v2\/categories?post=1790"},{"taxonomy":"post_tag","embeddable":true,"href":"https:\/\/mg.passadospresentes.com.br\/festas-e-modos-de-vida\/wp-json\/wp\/v2\/tags?post=1790"}],"curies":[{"name":"wp","href":"https:\/\/api.w.org\/{rel}","templated":true}]}}