{"id":1771,"date":"2025-11-26T19:31:11","date_gmt":"2025-11-26T22:31:11","guid":{"rendered":"https:\/\/mg.passadospresentes.com.br\/festas-e-modos-de-vida\/?p=1771"},"modified":"2025-11-26T21:02:36","modified_gmt":"2025-11-27T00:02:36","slug":"relato-de-experiencia","status":"publish","type":"post","link":"https:\/\/mg.passadospresentes.com.br\/festas-e-modos-de-vida\/festas-e-modos-de-vida\/relato-de-experiencia\/","title":{"rendered":"II Semin\u00e1rio Interno Passados Presentes MG"},"content":{"rendered":"\n<p class=\"has-medium-font-size\"><\/p>\n\n\n\n<p><strong>Relato de Experi\u00eancia &#8211; Por Ana Luiza da Silva Morais<\/strong><\/p>\n\n\n\n<p>&#8220;Se quer ir r\u00e1pido, v\u00e1 sozinho. Se quiser ir longe, v\u00e1 em grupo.&#8221; Prov\u00e9rbio Africano.<\/p>\n\n\n\n<p>Estou ainda muito afetada pelos resultados deste projeto e por tudo que vivemos juntxs neste final de semana. Toda vez que penso nesta travessia eu me emociono. Vencemos uma pandemia recebendo bal\u00f5es de oxig\u00eanio nas sextas-feiras, e ao respirar com mais facilidade, sonhamos juntxs e no meio de tantas dificuldades encontramos possibilidades de construir uma Universidade que busca valorizar a exist\u00eancia das nossas comunidades tradicionais, e isso n\u00e3o \u00e9 pouca coisa.<\/p>\n\n\n\n<p>Agrade\u00e7o de verdade a cada um(a), que me acolheu com palavras generosas, ser uma mulher preta intelectual que caminha por mundos t\u00e3o distintos n\u00e3o \u00e9 f\u00e1cil, inclusive me reconhecer uma intelectual \u00e9 um outro desafio que o racismo e o epistemic\u00eddio nos coloca. Ent\u00e3o, as palavras de voc\u00eas me ajudam a vencer as viol\u00eancias. Gratid\u00e3o por tudo e por tanto.<\/p>\n\n\n\n<p>Agrade\u00e7o de modo especial a todos os nossos ancestrais e antepassados por ter nos impulsionado e nos guiado nesta caminhada. Agrade\u00e7o a N&#8217;zambi, a Nossa Senhora, a S\u00e3o Benedito e Santa Efig\u00eania, a todos Nkisi, Orix\u00e1s e Voduns, a todos os guias e esp\u00edrito de luz pela prote\u00e7\u00e3o e aux\u00edlio.<\/p>\n\n\n\n<p>&nbsp;Agrade\u00e7o aos mestres(as) detentores(as) intelectuais dos conhecidos tradicionais, Pedrina Santos, Ana Maria de Paula Cruz, Pedro AAnt\u00f4nio da Gama Catarino e Bab\u00e1 Rhonnel Am\u00e9rico Silva eu estou aprendendo a viver melhor porque conheci os Senhores e as Senhoras. Minha eterna gratid\u00e3o!!!<\/p>\n\n\n\n<p>Agrade\u00e7o ao CNPq e as institui\u00e7\u00f5es parceiras por contemplar o nosso projeto com o recurso necess\u00e1rio a Professora Hebe Mattos e todos os membros da equipe gestora Jonatas Ribeiro, Jo\u00e3o Paulo Lopes, L\u00edvia Nascimento Monteiro, Josemeire Alves. Agrade\u00e7o a pot\u00eancia do trabalho desenvolvimento pela Tayane Oliveira, Simone de Assis, Diana Souza e todos os bolsistas do Labhoi- UFJF, desculpe-me por n\u00e3o saber o nome de todos (as).<\/p>\n\n\n\n<p>&nbsp;Agrade\u00e7o o trabalho important\u00edssimo dos moderadores(as) de grupo Samuel Avelar e Simone de Assis, Joyce Santos e Paulo Andrade Campos, Luiz Gustavo Santos Cota, Hebe Mattos e L\u00edvia Nascimento Monteiro.<\/p>\n\n\n\n<p>Agrade\u00e7o aos Professores Consultores Silvia Br\u00fcgger, Danilo Ferretti, Vanicl\u00e9ia Silva Santos, Keila Grinberg, Christine Douxami e Martha Abreu que nos encorajam, nos provocam e nos ajudam a construir uma Universidade melhor.<\/p>\n\n\n\n<p>Agrade\u00e7o a todos os pesquisadores (as), professores(as) que priorizaram em meio ao cansa\u00e7o da labuta cotidiana, os nossos di\u00e1logos e produ\u00e7\u00f5es. Neste universo de disputas e vaidades fizemos o exerc\u00edcio doloroso e sincero de produzir coletivamente em uma din\u00e2mica horizontalizada.<\/p>\n\n\n\n<p>Agrade\u00e7o ao Rafael pela constru\u00e7\u00e3o do site e todos os t\u00e9cnicos que nos ajudaram a construir o reposit\u00f3rio.<\/p>\n\n\n\n<p>Agrade\u00e7o a equipe Organizadora do Semin\u00e1rio I e II. Voc\u00eas s\u00e3o inspiradores.<\/p>\n\n\n\n<p>Agrade\u00e7o aos bolsistas do Labhoi- UFJF, Lis- UFSJ, Diana Souza, Frederico e Simone de Assis pelos lindos registros.<\/p>\n\n\n\n<p>Agrade\u00e7o a todxs pelo samba, pela cantoria, pela bebedeira, abra\u00e7os, cuidado, olhares e as boas risadas.<\/p>\n\n\n\n<p>Ao meu irm\u00e3o e Bab\u00e1 Rhonnel Am\u00e9rico Silva e toda a sua fam\u00edlia espiritual eu agrade\u00e7o o acolhimento e a organiza\u00e7\u00e3o impec\u00e1vel, conhecendo bem voc\u00eas e me sentindo parte desta fam\u00edlia eu sabia que n\u00e3o seria diferente.<\/p>\n\n\n\n<p>Ao Z\u00e9 Mulatinho meu amigo, companheiro e conselheiro agrade\u00e7o os ensinamentos e a prote\u00e7\u00e3o. Obrigada por tudo, Z\u00e9!<\/p>\n\n\n\n<p>Vamos continuar sonhando, celebrando e divulgando os resultados&#8230;<\/p>\n\n\n\n<p><sub><strong>Foto 1: <\/strong>II Semin\u00e1rio Passados Presentes: patrim\u00f4nios e mem\u00f3rias negras e afro-ind\u00edgenas em Minas Gerais. <strong>Registro: <\/strong>Frederico Lopes. 2025.<\/sub><\/p>\n\n\n\n<p class=\"has-small-font-size\"><\/p>\n\n\n\n<p><\/p>\n","protected":false},"excerpt":{"rendered":"<p>Relato de Experi\u00eancia &#8211; Por Ana Luiza da Silva Morais &#8220;Se quer ir r\u00e1pido, v\u00e1 sozinho. Se quiser ir longe, v\u00e1 em grupo.&#8221; Prov\u00e9rbio Africano. Estou ainda muito afetada pelos resultados deste projeto e por tudo que vivemos juntxs neste final de semana. Toda vez que penso nesta travessia eu me emociono. Vencemos uma pandemia [&hellip;]<\/p>\n","protected":false},"author":6,"featured_media":1782,"comment_status":"open","ping_status":"open","sticky":false,"template":"","format":"standard","meta":{"_acf_changed":false,"footnotes":""},"categories":[3],"tags":[],"class_list":["post-1771","post","type-post","status-publish","format-standard","has-post-thumbnail","hentry","category-festas-e-modos-de-vida"],"acf":[],"_links":{"self":[{"href":"https:\/\/mg.passadospresentes.com.br\/festas-e-modos-de-vida\/wp-json\/wp\/v2\/posts\/1771","targetHints":{"allow":["GET"]}}],"collection":[{"href":"https:\/\/mg.passadospresentes.com.br\/festas-e-modos-de-vida\/wp-json\/wp\/v2\/posts"}],"about":[{"href":"https:\/\/mg.passadospresentes.com.br\/festas-e-modos-de-vida\/wp-json\/wp\/v2\/types\/post"}],"author":[{"embeddable":true,"href":"https:\/\/mg.passadospresentes.com.br\/festas-e-modos-de-vida\/wp-json\/wp\/v2\/users\/6"}],"replies":[{"embeddable":true,"href":"https:\/\/mg.passadospresentes.com.br\/festas-e-modos-de-vida\/wp-json\/wp\/v2\/comments?post=1771"}],"version-history":[{"count":7,"href":"https:\/\/mg.passadospresentes.com.br\/festas-e-modos-de-vida\/wp-json\/wp\/v2\/posts\/1771\/revisions"}],"predecessor-version":[{"id":1819,"href":"https:\/\/mg.passadospresentes.com.br\/festas-e-modos-de-vida\/wp-json\/wp\/v2\/posts\/1771\/revisions\/1819"}],"wp:featuredmedia":[{"embeddable":true,"href":"https:\/\/mg.passadospresentes.com.br\/festas-e-modos-de-vida\/wp-json\/wp\/v2\/media\/1782"}],"wp:attachment":[{"href":"https:\/\/mg.passadospresentes.com.br\/festas-e-modos-de-vida\/wp-json\/wp\/v2\/media?parent=1771"}],"wp:term":[{"taxonomy":"category","embeddable":true,"href":"https:\/\/mg.passadospresentes.com.br\/festas-e-modos-de-vida\/wp-json\/wp\/v2\/categories?post=1771"},{"taxonomy":"post_tag","embeddable":true,"href":"https:\/\/mg.passadospresentes.com.br\/festas-e-modos-de-vida\/wp-json\/wp\/v2\/tags?post=1771"}],"curies":[{"name":"wp","href":"https:\/\/api.w.org\/{rel}","templated":true}]}}