{"id":1549,"date":"2025-05-10T10:12:13","date_gmt":"2025-05-10T13:12:13","guid":{"rendered":"https:\/\/mg.passadospresentes.com.br\/festas-e-modos-de-vida\/?p=1549"},"modified":"2025-05-13T18:18:18","modified_gmt":"2025-05-13T21:18:18","slug":"afrodialogos-as-viagens-da-congada","status":"publish","type":"post","link":"https:\/\/mg.passadospresentes.com.br\/festas-e-modos-de-vida\/destaque\/afrodialogos-as-viagens-da-congada\/","title":{"rendered":"Afrodi\u00e1logos &#8211; As Viagens da Congada"},"content":{"rendered":"\n<p><strong>Por Aline Guerra<\/strong><\/p>\n\n\n\n<figure class=\"wp-block-embed is-type-video is-provider-youtube wp-block-embed-youtube wp-embed-aspect-16-9 wp-has-aspect-ratio\"><div class=\"wp-block-embed__wrapper\">\n<iframe title=\"Afrodi\u00e1logos - As Viagens da Congada\" width=\"800\" height=\"450\" src=\"https:\/\/www.youtube.com\/embed\/v2Q-lbQh87g?feature=oembed\" frameborder=\"0\" allow=\"accelerometer; autoplay; clipboard-write; encrypted-media; gyroscope; picture-in-picture; web-share\" referrerpolicy=\"strict-origin-when-cross-origin\" allowfullscreen><\/iframe>\n<\/div><\/figure>\n\n\n\n<p>&#8220;Afrodi\u00e1logos &#8211; as viagens da Congada&#8221;, foi resultado de um longo trabalho tecido por muitas m\u00e3os. Como tudo na Congada, essa foi uma constru\u00e7\u00e3o coletiva. A partir do di\u00e1logo entre Aline Guerra, Mari\u00e2ngela Cat\u00e3o e Maurinho da Congada, o projeto foi cuidadosamente pensado e em seguida abra\u00e7ado pela comunidade congadeira campanhense e sul-mineira. <\/p>\n\n\n\n<p>O filme \u00e9 o registro de duas rodas de Congo realizadas nos dias 1\u00b0e 2\/06\/2024. A primeira contou com a presen\u00e7a de mestres de Campanha, Lambari, Jesu\u00e2nia, Cambuquira e Machado. Na segunda, estiveram presentes os jovens e as crian\u00e7as do Terno Mirim Pequeninos do Ros\u00e1rio de Maria, de Campanha. <\/p>\n\n\n\n<p>Durante as rodas, cantamos as cantigas, pontos e toadas da Congada e, tamb\u00e9m discutimos um pouco sobre a comunica\u00e7\u00e3o entre as cidades do sul de Minas Gerais, bem como sobre as dificuldades e as solu\u00e7\u00f5es encontradas para realizar as viagens que os ternos fazem todos os anos. Falamos tamb\u00e9m da for\u00e7a da ancestralidade e da esperan\u00e7a na continuidade da tradi\u00e7\u00e3o a partir dos jovens. <\/p>\n\n\n\n<p>Esperamos que gostem! Bom filme! \ud83c\udfac\ud83d\ude0a\ud83e\udd41 <\/p>\n\n\n\n<p>Cria\u00e7\u00e3o, Roteiro, Dire\u00e7\u00e3o e Produ\u00e7\u00e3o Executiva: Aline Guerra da Costa Luiz Mauro Dias Jr. (Maurinho da Congada) Mari\u00e2ngela Cat\u00e3o dos Santos Silva.<\/p>\n\n\n\n<p>Opera\u00e7\u00e3o de c\u00e2mera, som e edi\u00e7\u00e3o: MP Produ\u00e7\u00f5es.<\/p>\n\n\n\n<p>Int\u00e9rprete de LIBRAS (linguagem brasileira de sinais): Mari Marques.<\/p>\n\n\n\n<p>Este filme foi produzido a partir de recursos do FEC (Fundo Estadual de Cultura da Secretaria de Estado de Cultura e Turismo (Secult\/MG), edital Afromineridades 01\/2023, projeto n\u00ba 2023.2301.0056 2024.<\/p>\n\n\n\n<p>Este filme tamb\u00e9m teve o financiamento do PROJETO PASSADOS PRESENTES: PATRIM\u00d4NIOS E MEM\u00d3RIAS NEGRAS E AFRO-IND\u00cdGENAS EM MINAS GERAIS, contemplado pelo Edital Pr\u00f3-Humanidades. Chamada n\u00ba 40\/2022, financiado pelo Conselho Nacional de Desenvolvimento Cient\u00edfico e Tecnol\u00f3gico (CNPq) \u2013 Processo 421223\/20227, sediado na Universidade Federal de Juiz de Fora. <\/p>\n","protected":false},"excerpt":{"rendered":"<p>Por Aline Guerra &#8220;Afrodi\u00e1logos &#8211; as viagens da Congada&#8221;, foi resultado de um longo trabalho tecido por muitas m\u00e3os. Como tudo na Congada, essa foi uma constru\u00e7\u00e3o coletiva. A partir do di\u00e1logo entre Aline Guerra, Mari\u00e2ngela Cat\u00e3o e Maurinho da Congada, o projeto foi cuidadosamente pensado e em seguida abra\u00e7ado pela comunidade congadeira campanhense e [&hellip;]<\/p>\n","protected":false},"author":6,"featured_media":1566,"comment_status":"open","ping_status":"open","sticky":false,"template":"","format":"standard","meta":{"_acf_changed":false,"footnotes":""},"categories":[29],"tags":[],"class_list":["post-1549","post","type-post","status-publish","format-standard","has-post-thumbnail","hentry","category-destaque"],"acf":[],"_links":{"self":[{"href":"https:\/\/mg.passadospresentes.com.br\/festas-e-modos-de-vida\/wp-json\/wp\/v2\/posts\/1549","targetHints":{"allow":["GET"]}}],"collection":[{"href":"https:\/\/mg.passadospresentes.com.br\/festas-e-modos-de-vida\/wp-json\/wp\/v2\/posts"}],"about":[{"href":"https:\/\/mg.passadospresentes.com.br\/festas-e-modos-de-vida\/wp-json\/wp\/v2\/types\/post"}],"author":[{"embeddable":true,"href":"https:\/\/mg.passadospresentes.com.br\/festas-e-modos-de-vida\/wp-json\/wp\/v2\/users\/6"}],"replies":[{"embeddable":true,"href":"https:\/\/mg.passadospresentes.com.br\/festas-e-modos-de-vida\/wp-json\/wp\/v2\/comments?post=1549"}],"version-history":[{"count":5,"href":"https:\/\/mg.passadospresentes.com.br\/festas-e-modos-de-vida\/wp-json\/wp\/v2\/posts\/1549\/revisions"}],"predecessor-version":[{"id":1607,"href":"https:\/\/mg.passadospresentes.com.br\/festas-e-modos-de-vida\/wp-json\/wp\/v2\/posts\/1549\/revisions\/1607"}],"wp:featuredmedia":[{"embeddable":true,"href":"https:\/\/mg.passadospresentes.com.br\/festas-e-modos-de-vida\/wp-json\/wp\/v2\/media\/1566"}],"wp:attachment":[{"href":"https:\/\/mg.passadospresentes.com.br\/festas-e-modos-de-vida\/wp-json\/wp\/v2\/media?parent=1549"}],"wp:term":[{"taxonomy":"category","embeddable":true,"href":"https:\/\/mg.passadospresentes.com.br\/festas-e-modos-de-vida\/wp-json\/wp\/v2\/categories?post=1549"},{"taxonomy":"post_tag","embeddable":true,"href":"https:\/\/mg.passadospresentes.com.br\/festas-e-modos-de-vida\/wp-json\/wp\/v2\/tags?post=1549"}],"curies":[{"name":"wp","href":"https:\/\/api.w.org\/{rel}","templated":true}]}}