{"id":1515,"date":"2025-05-09T22:57:09","date_gmt":"2025-05-10T01:57:09","guid":{"rendered":"https:\/\/mg.passadospresentes.com.br\/festas-e-modos-de-vida\/?p=1515"},"modified":"2025-12-06T15:30:03","modified_gmt":"2025-12-06T18:30:03","slug":"aweto-ererre-um-podcast-sobre-festas-modos-de-vida-e-cosmologias-afro-indigenas","status":"publish","type":"post","link":"https:\/\/mg.passadospresentes.com.br\/festas-e-modos-de-vida\/podcast\/aweto-ererre-um-podcast-sobre-festas-modos-de-vida-e-cosmologias-afro-indigenas\/","title":{"rendered":"Podcast: Aweto-Ererr\u00e9"},"content":{"rendered":"\n<p><strong>Por Andr\u00e9 Luiz Ribeiro de Ara\u00fajo e Samuel Avelar Jr.<\/strong><\/p>\n\n\n\n<p>O Grupo Festas, Modos de vida e Cosmologias \u00e9 composto por pesquisadoras\/es, professoras\/es e a detentora Pedrina de Lourdes, considerada a primeira capit\u00e3 de Massambike do Estado de Minas Gerais. <\/p>\n\n\n\n<p>As a\u00e7\u00f5es do grupo foram constru\u00eddas de forma coletiva entre janeiro de 2022 a dezembro de 2025 e fazem parte do projeto de pesquisa Passados Presentes: patrim\u00f4nios e mem\u00f3rias negras e afro-ind\u00edgenas em Minas Gerais.<\/p>\n\n\n\n<p>Entre as atividades principais do grupo est\u00e3o os di\u00e1logos epist\u00eamicos para a constru\u00e7\u00e3o dos roteiros e produ\u00e7\u00e3o do podcast intitulado como Passados Presentes: Aweto-Ererr\u00e9. As tem\u00e1ticas dos programas apresentados no podcast foram as festas Kandombl\u00e9, Umbanda, Kimbanda, Saberes do Ros\u00e1rio (Reinados e Congados), festas de Folia e Reisados, Bumba meu Boi, Clubes Negros e Carnaval. <\/p>\n\n\n\n<p>Al\u00e9m da capit\u00e3 Pedrina, o grupo ainda contou com a participa\u00e7\u00e3o dos\/as detentores\/as, Embaixador Jeremias Brasileiro, M\u00e3e Ana de Ians\u00e3 e o Babalorix\u00e1 Rhonnel os\/as quais colaboraram com a produ\u00e7\u00e3o dos podcasts sobre as festas pesquisadas.<\/p>\n\n\n\n<p>O t\u00edtulo do podcast, \u201cAweto-Ererr\u00e9\u201d, combina a sauda\u00e7\u00e3o do idioma quimbundo, que significa &#8220;que aconte\u00e7a da melhor maneira&#8221;, e do idioma Ithok, do tronco macro-j\u00ea, usado para desejar algo bom e bonito a algu\u00e9m. <\/p>\n\n\n\n<p>Dessa forma, convidamos voc\u00eas a ouvirem os epis\u00f3dios e a conferirem a grava\u00e7\u00e3o dos encontros que deram origem aos roteiros dos podcasts. Al\u00e9m disso, disponibilizamos o material did\u00e1tico \u201cProsa em festa: oficina de produ\u00e7\u00e3o de podcast\u201d.<br>Venham conferir!<\/p>\n\n\n\n<div class=\"wp-block-columns is-layout-flex wp-container-core-columns-is-layout-28f84493 wp-block-columns-is-layout-flex\">\n<div class=\"wp-block-column is-layout-flow wp-block-column-is-layout-flow\" style=\"flex-basis:100%\">\n<div class=\"wp-block-group is-nowrap is-layout-flex wp-container-core-group-is-layout-6c531013 wp-block-group-is-layout-flex\">\n<figure class=\"wp-block-gallery has-nested-images columns-default is-cropped wp-block-gallery-1 is-layout-flex wp-block-gallery-is-layout-flex\">\n<figure class=\"wp-block-image size-medium\"><a href=\"https:\/\/mg.passadospresentes.com.br\/festas-e-modos-de-vida\/podcast\/podcast-passados-presentes-aweto-ererre\/\"><img fetchpriority=\"high\" decoding=\"async\" width=\"300\" height=\"300\" data-id=\"1861\" src=\"https:\/\/mg.passadospresentes.com.br\/festas-e-modos-de-vida\/wp-content\/uploads\/sites\/3\/2025\/05\/Site-equipe-46-300x300.png\" alt=\"\" class=\"wp-image-1861\" srcset=\"https:\/\/mg.passadospresentes.com.br\/festas-e-modos-de-vida\/wp-content\/uploads\/sites\/3\/2025\/05\/Site-equipe-46-300x300.png 300w, https:\/\/mg.passadospresentes.com.br\/festas-e-modos-de-vida\/wp-content\/uploads\/sites\/3\/2025\/05\/Site-equipe-46-1024x1024.png 1024w, https:\/\/mg.passadospresentes.com.br\/festas-e-modos-de-vida\/wp-content\/uploads\/sites\/3\/2025\/05\/Site-equipe-46-150x150.png 150w, https:\/\/mg.passadospresentes.com.br\/festas-e-modos-de-vida\/wp-content\/uploads\/sites\/3\/2025\/05\/Site-equipe-46-768x768.png 768w, https:\/\/mg.passadospresentes.com.br\/festas-e-modos-de-vida\/wp-content\/uploads\/sites\/3\/2025\/05\/Site-equipe-46.png 1080w\" sizes=\"(max-width: 300px) 100vw, 300px\" \/><\/a><figcaption class=\"wp-element-caption\">Podcast <\/figcaption><\/figure>\n<\/figure>\n\n\n\n<figure class=\"wp-block-gallery has-nested-images columns-default is-cropped wp-block-gallery-2 is-layout-flex wp-block-gallery-is-layout-flex\">\n<figure class=\"wp-block-image size-medium\"><a href=\"https:\/\/mg.passadospresentes.com.br\/festas-e-modos-de-vida\/sem-categoria\/gravacao-de-reunioes\/\"><img decoding=\"async\" width=\"300\" height=\"300\" data-id=\"1868\" src=\"https:\/\/mg.passadospresentes.com.br\/festas-e-modos-de-vida\/wp-content\/uploads\/sites\/3\/2025\/05\/Site-equipe-47-300x300.png\" alt=\"\" class=\"wp-image-1868\" srcset=\"https:\/\/mg.passadospresentes.com.br\/festas-e-modos-de-vida\/wp-content\/uploads\/sites\/3\/2025\/05\/Site-equipe-47-300x300.png 300w, https:\/\/mg.passadospresentes.com.br\/festas-e-modos-de-vida\/wp-content\/uploads\/sites\/3\/2025\/05\/Site-equipe-47-1024x1024.png 1024w, https:\/\/mg.passadospresentes.com.br\/festas-e-modos-de-vida\/wp-content\/uploads\/sites\/3\/2025\/05\/Site-equipe-47-150x150.png 150w, https:\/\/mg.passadospresentes.com.br\/festas-e-modos-de-vida\/wp-content\/uploads\/sites\/3\/2025\/05\/Site-equipe-47-768x768.png 768w, https:\/\/mg.passadospresentes.com.br\/festas-e-modos-de-vida\/wp-content\/uploads\/sites\/3\/2025\/05\/Site-equipe-47.png 1080w\" sizes=\"(max-width: 300px) 100vw, 300px\" \/><\/a><figcaption class=\"wp-element-caption\">Grava\u00e7\u00e3o dos Encontros<\/figcaption><\/figure>\n<\/figure>\n\n\n\n<figure class=\"wp-block-gallery has-nested-images columns-default is-cropped wp-block-gallery-3 is-layout-flex wp-block-gallery-is-layout-flex\">\n<figure class=\"wp-block-image size-medium\"><a href=\"https:\/\/mg.passadospresentes.com.br\/festas-e-modos-de-vida\/podcast\/prosa-em-festa-oficina-de-producao-de-podcast\/\"><img decoding=\"async\" width=\"300\" height=\"300\" data-id=\"1893\" src=\"https:\/\/mg.passadospresentes.com.br\/festas-e-modos-de-vida\/wp-content\/uploads\/sites\/3\/2025\/12\/Design-sem-nome-4-300x300.png\" alt=\"\" class=\"wp-image-1893\" srcset=\"https:\/\/mg.passadospresentes.com.br\/festas-e-modos-de-vida\/wp-content\/uploads\/sites\/3\/2025\/12\/Design-sem-nome-4-300x300.png 300w, https:\/\/mg.passadospresentes.com.br\/festas-e-modos-de-vida\/wp-content\/uploads\/sites\/3\/2025\/12\/Design-sem-nome-4-1024x1024.png 1024w, https:\/\/mg.passadospresentes.com.br\/festas-e-modos-de-vida\/wp-content\/uploads\/sites\/3\/2025\/12\/Design-sem-nome-4-150x150.png 150w, https:\/\/mg.passadospresentes.com.br\/festas-e-modos-de-vida\/wp-content\/uploads\/sites\/3\/2025\/12\/Design-sem-nome-4-768x768.png 768w, https:\/\/mg.passadospresentes.com.br\/festas-e-modos-de-vida\/wp-content\/uploads\/sites\/3\/2025\/12\/Design-sem-nome-4.png 1080w\" sizes=\"(max-width: 300px) 100vw, 300px\" \/><\/a><figcaption class=\"wp-element-caption\">Oficina de produ\u00e7\u00e3o de podcast<\/figcaption><\/figure>\n<\/figure>\n<\/div>\n<\/div>\n<\/div>\n\n\n\n<p><\/p>\n\n\n\n<h1 class=\"wp-block-heading has-medium-font-size\"><\/h1>\n\n\n\n<p><\/p>\n","protected":false},"excerpt":{"rendered":"<p>Por Andr\u00e9 Luiz Ribeiro de Ara\u00fajo e Samuel Avelar Jr. O Grupo Festas, Modos de vida e Cosmologias \u00e9 composto por pesquisadoras\/es, professoras\/es e a detentora Pedrina de Lourdes, considerada a primeira capit\u00e3 de Massambike do Estado de Minas Gerais. As a\u00e7\u00f5es do grupo foram constru\u00eddas de forma coletiva entre janeiro de 2022 a dezembro [&hellip;]<\/p>\n","protected":false},"author":6,"featured_media":1516,"comment_status":"open","ping_status":"open","sticky":false,"template":"","format":"standard","meta":{"_acf_changed":false,"footnotes":""},"categories":[29,2],"tags":[],"class_list":["post-1515","post","type-post","status-publish","format-standard","has-post-thumbnail","hentry","category-destaque","category-podcast"],"acf":[],"_links":{"self":[{"href":"https:\/\/mg.passadospresentes.com.br\/festas-e-modos-de-vida\/wp-json\/wp\/v2\/posts\/1515","targetHints":{"allow":["GET"]}}],"collection":[{"href":"https:\/\/mg.passadospresentes.com.br\/festas-e-modos-de-vida\/wp-json\/wp\/v2\/posts"}],"about":[{"href":"https:\/\/mg.passadospresentes.com.br\/festas-e-modos-de-vida\/wp-json\/wp\/v2\/types\/post"}],"author":[{"embeddable":true,"href":"https:\/\/mg.passadospresentes.com.br\/festas-e-modos-de-vida\/wp-json\/wp\/v2\/users\/6"}],"replies":[{"embeddable":true,"href":"https:\/\/mg.passadospresentes.com.br\/festas-e-modos-de-vida\/wp-json\/wp\/v2\/comments?post=1515"}],"version-history":[{"count":18,"href":"https:\/\/mg.passadospresentes.com.br\/festas-e-modos-de-vida\/wp-json\/wp\/v2\/posts\/1515\/revisions"}],"predecessor-version":[{"id":1898,"href":"https:\/\/mg.passadospresentes.com.br\/festas-e-modos-de-vida\/wp-json\/wp\/v2\/posts\/1515\/revisions\/1898"}],"wp:featuredmedia":[{"embeddable":true,"href":"https:\/\/mg.passadospresentes.com.br\/festas-e-modos-de-vida\/wp-json\/wp\/v2\/media\/1516"}],"wp:attachment":[{"href":"https:\/\/mg.passadospresentes.com.br\/festas-e-modos-de-vida\/wp-json\/wp\/v2\/media?parent=1515"}],"wp:term":[{"taxonomy":"category","embeddable":true,"href":"https:\/\/mg.passadospresentes.com.br\/festas-e-modos-de-vida\/wp-json\/wp\/v2\/categories?post=1515"},{"taxonomy":"post_tag","embeddable":true,"href":"https:\/\/mg.passadospresentes.com.br\/festas-e-modos-de-vida\/wp-json\/wp\/v2\/tags?post=1515"}],"curies":[{"name":"wp","href":"https:\/\/api.w.org\/{rel}","templated":true}]}}