{"id":1511,"date":"2025-05-09T22:47:48","date_gmt":"2025-05-10T01:47:48","guid":{"rendered":"https:\/\/mg.passadospresentes.com.br\/festas-e-modos-de-vida\/?p=1511"},"modified":"2025-05-13T18:20:48","modified_gmt":"2025-05-13T21:20:48","slug":"confluencias","status":"publish","type":"post","link":"https:\/\/mg.passadospresentes.com.br\/festas-e-modos-de-vida\/destaque\/confluencias\/","title":{"rendered":"Conflu\u00eancias"},"content":{"rendered":"\n<p><strong>Por Marlon Marcelo e Samuel Avelar J\u00fanior<\/strong><\/p>\n\n\n\n<p>O grupo \u201cFestas, modos de vida e cosmologias\u201d dedicou-se ao estudo das diversas formas de (re) existir das comunidades negras e afro-ind\u00edgenas nos territ\u00f3rios de Minas Gerais, em um contexto de di\u00e1logo diasp\u00f3rico com outras regi\u00f5es do pa\u00eds e do mundo transatl\u00e2ntico. Os pesquisadores investigaram os rituais e festividades, como carnavais, festas do Ros\u00e1rio, Jongos, Congados, Candombes, Terreiros, Quilombos, Marujadas, Reisados, Festas de boi e Folia de Reis, explorando suas dimens\u00f5es pol\u00edtico-sagradas e seu papel na constru\u00e7\u00e3o da identidade e do pertencimento das comunidades.<\/p>\n\n\n\n<p>Partindo do conhecimento da Capit\u00e3 da Guarda de Massambique de Nossa Senhora das Merc\u00eas de Oliveira \u2013 MG e Doutora em Comunica\u00e7\u00e3o Social por Not\u00f3rio Saber, Pedrina de Lourdes Santos, o grupo dialoga com epistemologias ancestrais para enriquecer nossa compreens\u00e3o das festas e da vida como elementos fundamentais para o povo negro e afro-ind\u00edgena\u201d.<\/p>\n\n\n\n<p>Os diversos encontros promovidos pelo grupo resultaram na produ\u00e7\u00e3o propositiva do podcast \u201cAweto-Errer\u00e9: Festas, Modos de Vida e Cosmologias Afro-Ind\u00edgenas\u201d. A temporada est\u00e1 organizada em oito epis\u00f3dios, abordando a produ\u00e7\u00e3o epistemol\u00f3gica e as experi\u00eancias dos povos tradicionais negros e afro-ind\u00edgenas, al\u00e9m de divulgar esse conhecimento de maneira acess\u00edvel em plataformas digitais. Os roteiros e as grava\u00e7\u00f5es estar\u00e3o dispon\u00edveis no site Passados e Presentes, enquanto os programas editados poder\u00e3o ser acessados tanto no site quanto em diversas plataformas de \u00e1udio.<\/p>\n\n\n\n<p>Acompanhe agora algumas das festas e modos de vida em conflu\u00eancia com os trabalhos do multisite.<\/p>\n\n\n\n<figure class=\"wp-block-gallery has-nested-images columns-default is-cropped wp-block-gallery-1 is-layout-flex wp-block-gallery-is-layout-flex\">\n<figure class=\"wp-block-image size-large\"><img fetchpriority=\"high\" decoding=\"async\" width=\"1024\" height=\"1024\" data-id=\"1508\" src=\"https:\/\/mg.passadospresentes.com.br\/festas-e-modos-de-vida\/wp-content\/uploads\/sites\/3\/2025\/05\/Site-equipe-30-1024x1024.png\" alt=\"\" class=\"wp-image-1508\" srcset=\"https:\/\/mg.passadospresentes.com.br\/festas-e-modos-de-vida\/wp-content\/uploads\/sites\/3\/2025\/05\/Site-equipe-30-1024x1024.png 1024w, https:\/\/mg.passadospresentes.com.br\/festas-e-modos-de-vida\/wp-content\/uploads\/sites\/3\/2025\/05\/Site-equipe-30-300x300.png 300w, https:\/\/mg.passadospresentes.com.br\/festas-e-modos-de-vida\/wp-content\/uploads\/sites\/3\/2025\/05\/Site-equipe-30-150x150.png 150w, https:\/\/mg.passadospresentes.com.br\/festas-e-modos-de-vida\/wp-content\/uploads\/sites\/3\/2025\/05\/Site-equipe-30-768x768.png 768w, https:\/\/mg.passadospresentes.com.br\/festas-e-modos-de-vida\/wp-content\/uploads\/sites\/3\/2025\/05\/Site-equipe-30.png 1080w\" sizes=\"(max-width: 1024px) 100vw, 1024px\" \/><figcaption class=\"wp-element-caption\"><a href=\"https:\/\/mg.passadospresentes.com.br\/festas-e-modos-de-vida\/destaque\/capita-pedrina-de-lourdes-santos-seji-danjy-dya-hongolo\/\" data-type=\"link\" data-id=\"https:\/\/mg.passadospresentes.com.br\/festas-e-modos-de-vida\/destaque\/capita-pedrina-de-lourdes-santos-seji-danjy-dya-hongolo\/\">Capit\u00e3 Pedrina de Lourdes Santos <\/a><br><br><\/figcaption><\/figure>\n\n\n\n<figure class=\"wp-block-image size-large\"><img decoding=\"async\" width=\"1024\" height=\"1024\" data-id=\"1503\" src=\"https:\/\/mg.passadospresentes.com.br\/festas-e-modos-de-vida\/wp-content\/uploads\/sites\/3\/2025\/05\/Site-equipe-29-1024x1024.png\" alt=\"\" class=\"wp-image-1503\" srcset=\"https:\/\/mg.passadospresentes.com.br\/festas-e-modos-de-vida\/wp-content\/uploads\/sites\/3\/2025\/05\/Site-equipe-29-1024x1024.png 1024w, https:\/\/mg.passadospresentes.com.br\/festas-e-modos-de-vida\/wp-content\/uploads\/sites\/3\/2025\/05\/Site-equipe-29-300x300.png 300w, https:\/\/mg.passadospresentes.com.br\/festas-e-modos-de-vida\/wp-content\/uploads\/sites\/3\/2025\/05\/Site-equipe-29-150x150.png 150w, https:\/\/mg.passadospresentes.com.br\/festas-e-modos-de-vida\/wp-content\/uploads\/sites\/3\/2025\/05\/Site-equipe-29-768x768.png 768w, https:\/\/mg.passadospresentes.com.br\/festas-e-modos-de-vida\/wp-content\/uploads\/sites\/3\/2025\/05\/Site-equipe-29.png 1080w\" sizes=\"(max-width: 1024px) 100vw, 1024px\" \/><figcaption class=\"wp-element-caption\"><a href=\"https:\/\/mg.passadospresentes.com.br\/festas-e-modos-de-vida\/destaque\/reinado-de-oliveira\/\" data-type=\"link\" data-id=\"https:\/\/mg.passadospresentes.com.br\/festas-e-modos-de-vida\/destaque\/reinado-de-oliveira\/\">Reinado de Oliveira<\/a><\/figcaption><\/figure>\n\n\n\n<figure class=\"wp-block-image size-large\"><img decoding=\"async\" width=\"1024\" height=\"1024\" data-id=\"1497\" src=\"https:\/\/mg.passadospresentes.com.br\/festas-e-modos-de-vida\/wp-content\/uploads\/sites\/3\/2025\/05\/Site-equipe-28-1024x1024.png\" alt=\"\" class=\"wp-image-1497\" srcset=\"https:\/\/mg.passadospresentes.com.br\/festas-e-modos-de-vida\/wp-content\/uploads\/sites\/3\/2025\/05\/Site-equipe-28-1024x1024.png 1024w, https:\/\/mg.passadospresentes.com.br\/festas-e-modos-de-vida\/wp-content\/uploads\/sites\/3\/2025\/05\/Site-equipe-28-300x300.png 300w, https:\/\/mg.passadospresentes.com.br\/festas-e-modos-de-vida\/wp-content\/uploads\/sites\/3\/2025\/05\/Site-equipe-28-150x150.png 150w, https:\/\/mg.passadospresentes.com.br\/festas-e-modos-de-vida\/wp-content\/uploads\/sites\/3\/2025\/05\/Site-equipe-28-768x768.png 768w, https:\/\/mg.passadospresentes.com.br\/festas-e-modos-de-vida\/wp-content\/uploads\/sites\/3\/2025\/05\/Site-equipe-28.png 1080w\" sizes=\"(max-width: 1024px) 100vw, 1024px\" \/><figcaption class=\"wp-element-caption\"><a href=\"https:\/\/mg.passadospresentes.com.br\/festas-e-modos-de-vida\/destaque\/festa-do-reinado-a-fe-que-canta-e-danca-ouro-preto\/\" data-type=\"link\" data-id=\"https:\/\/mg.passadospresentes.com.br\/festas-e-modos-de-vida\/destaque\/festa-do-reinado-a-fe-que-canta-e-danca-ouro-preto\/\">Festa do Reinado \u2013 A F\u00e9 que Canta e Dan\u00e7a \u2013 Ouro Pret<\/a>o<\/figcaption><\/figure>\n\n\n\n<figure class=\"wp-block-image size-large\"><img loading=\"lazy\" decoding=\"async\" width=\"1024\" height=\"1024\" data-id=\"1492\" src=\"https:\/\/mg.passadospresentes.com.br\/festas-e-modos-de-vida\/wp-content\/uploads\/sites\/3\/2025\/05\/Site-equipe-27-1024x1024.png\" alt=\"\" class=\"wp-image-1492\" srcset=\"https:\/\/mg.passadospresentes.com.br\/festas-e-modos-de-vida\/wp-content\/uploads\/sites\/3\/2025\/05\/Site-equipe-27-1024x1024.png 1024w, https:\/\/mg.passadospresentes.com.br\/festas-e-modos-de-vida\/wp-content\/uploads\/sites\/3\/2025\/05\/Site-equipe-27-300x300.png 300w, https:\/\/mg.passadospresentes.com.br\/festas-e-modos-de-vida\/wp-content\/uploads\/sites\/3\/2025\/05\/Site-equipe-27-150x150.png 150w, https:\/\/mg.passadospresentes.com.br\/festas-e-modos-de-vida\/wp-content\/uploads\/sites\/3\/2025\/05\/Site-equipe-27-768x768.png 768w, https:\/\/mg.passadospresentes.com.br\/festas-e-modos-de-vida\/wp-content\/uploads\/sites\/3\/2025\/05\/Site-equipe-27.png 1080w\" sizes=\"(max-width: 1024px) 100vw, 1024px\" \/><figcaption class=\"wp-element-caption\"><a href=\"https:\/\/mg.passadospresentes.com.br\/festas-e-modos-de-vida\/destaque\/clube-social-negro-mundo-velho\/\" data-type=\"link\" data-id=\"https:\/\/mg.passadospresentes.com.br\/festas-e-modos-de-vida\/destaque\/clube-social-negro-mundo-velho\/\">Clube social negro Mundo Velho<\/a><\/figcaption><\/figure>\n\n\n\n<figure class=\"wp-block-image size-large\"><img loading=\"lazy\" decoding=\"async\" width=\"1024\" height=\"1024\" data-id=\"1486\" src=\"https:\/\/mg.passadospresentes.com.br\/festas-e-modos-de-vida\/wp-content\/uploads\/sites\/3\/2025\/05\/Site-equipe-26-1024x1024.png\" alt=\"\" class=\"wp-image-1486\" srcset=\"https:\/\/mg.passadospresentes.com.br\/festas-e-modos-de-vida\/wp-content\/uploads\/sites\/3\/2025\/05\/Site-equipe-26-1024x1024.png 1024w, https:\/\/mg.passadospresentes.com.br\/festas-e-modos-de-vida\/wp-content\/uploads\/sites\/3\/2025\/05\/Site-equipe-26-300x300.png 300w, https:\/\/mg.passadospresentes.com.br\/festas-e-modos-de-vida\/wp-content\/uploads\/sites\/3\/2025\/05\/Site-equipe-26-150x150.png 150w, https:\/\/mg.passadospresentes.com.br\/festas-e-modos-de-vida\/wp-content\/uploads\/sites\/3\/2025\/05\/Site-equipe-26-768x768.png 768w, https:\/\/mg.passadospresentes.com.br\/festas-e-modos-de-vida\/wp-content\/uploads\/sites\/3\/2025\/05\/Site-equipe-26.png 1080w\" sizes=\"(max-width: 1024px) 100vw, 1024px\" \/><figcaption class=\"wp-element-caption\"><a href=\"https:\/\/mg.passadospresentes.com.br\/festas-e-modos-de-vida\/destaque\/festas-de-folias-do-vale-do-mucuri\/\" data-type=\"link\" data-id=\"https:\/\/mg.passadospresentes.com.br\/festas-e-modos-de-vida\/destaque\/festas-de-folias-do-vale-do-mucuri\/\">Festas de Folias do Vale do Mucuri<\/a><\/figcaption><\/figure>\n\n\n\n<figure class=\"wp-block-image size-large\"><img loading=\"lazy\" decoding=\"async\" width=\"1024\" height=\"1024\" data-id=\"1482\" src=\"https:\/\/mg.passadospresentes.com.br\/festas-e-modos-de-vida\/wp-content\/uploads\/sites\/3\/2025\/05\/Site-equipe-25-1024x1024.png\" alt=\"\" class=\"wp-image-1482\" srcset=\"https:\/\/mg.passadospresentes.com.br\/festas-e-modos-de-vida\/wp-content\/uploads\/sites\/3\/2025\/05\/Site-equipe-25-1024x1024.png 1024w, https:\/\/mg.passadospresentes.com.br\/festas-e-modos-de-vida\/wp-content\/uploads\/sites\/3\/2025\/05\/Site-equipe-25-300x300.png 300w, https:\/\/mg.passadospresentes.com.br\/festas-e-modos-de-vida\/wp-content\/uploads\/sites\/3\/2025\/05\/Site-equipe-25-150x150.png 150w, https:\/\/mg.passadospresentes.com.br\/festas-e-modos-de-vida\/wp-content\/uploads\/sites\/3\/2025\/05\/Site-equipe-25-768x768.png 768w, https:\/\/mg.passadospresentes.com.br\/festas-e-modos-de-vida\/wp-content\/uploads\/sites\/3\/2025\/05\/Site-equipe-25.png 1080w\" sizes=\"(max-width: 1024px) 100vw, 1024px\" \/><figcaption class=\"wp-element-caption\"><a href=\"https:\/\/mg.passadospresentes.com.br\/festas-e-modos-de-vida\/destaque\/reinados-e-congados-do-campo-das-vertentes\/\" data-type=\"link\" data-id=\"https:\/\/mg.passadospresentes.com.br\/festas-e-modos-de-vida\/destaque\/reinados-e-congados-do-campo-das-vertentes\/\">Reinados do Campo das Vertentes<\/a><\/figcaption><\/figure>\n\n\n\n<figure class=\"wp-block-image size-large\"><img loading=\"lazy\" decoding=\"async\" width=\"1024\" height=\"1024\" data-id=\"1475\" src=\"https:\/\/mg.passadospresentes.com.br\/festas-e-modos-de-vida\/wp-content\/uploads\/sites\/3\/2025\/05\/Site-equipe-24-1024x1024.png\" alt=\"\" class=\"wp-image-1475\" srcset=\"https:\/\/mg.passadospresentes.com.br\/festas-e-modos-de-vida\/wp-content\/uploads\/sites\/3\/2025\/05\/Site-equipe-24-1024x1024.png 1024w, https:\/\/mg.passadospresentes.com.br\/festas-e-modos-de-vida\/wp-content\/uploads\/sites\/3\/2025\/05\/Site-equipe-24-300x300.png 300w, https:\/\/mg.passadospresentes.com.br\/festas-e-modos-de-vida\/wp-content\/uploads\/sites\/3\/2025\/05\/Site-equipe-24-150x150.png 150w, https:\/\/mg.passadospresentes.com.br\/festas-e-modos-de-vida\/wp-content\/uploads\/sites\/3\/2025\/05\/Site-equipe-24-768x768.png 768w, https:\/\/mg.passadospresentes.com.br\/festas-e-modos-de-vida\/wp-content\/uploads\/sites\/3\/2025\/05\/Site-equipe-24.png 1080w\" sizes=\"(max-width: 1024px) 100vw, 1024px\" \/><figcaption class=\"wp-element-caption\"><a href=\"https:\/\/mg.passadospresentes.com.br\/festas-e-modos-de-vida\/destaque\/bumba-meu-boi-do-maranhao\/\" data-type=\"link\" data-id=\"https:\/\/mg.passadospresentes.com.br\/festas-e-modos-de-vida\/destaque\/bumba-meu-boi-do-maranhao\/\">Bumba meu boi do Maranh\u00e3o<\/a><\/figcaption><\/figure>\n\n\n\n<figure class=\"wp-block-image size-large\"><img loading=\"lazy\" decoding=\"async\" width=\"1024\" height=\"1024\" data-id=\"1449\" src=\"https:\/\/mg.passadospresentes.com.br\/festas-e-modos-de-vida\/wp-content\/uploads\/sites\/3\/2025\/05\/Site-equipe-21-1024x1024.png\" alt=\"\" class=\"wp-image-1449\" srcset=\"https:\/\/mg.passadospresentes.com.br\/festas-e-modos-de-vida\/wp-content\/uploads\/sites\/3\/2025\/05\/Site-equipe-21-1024x1024.png 1024w, https:\/\/mg.passadospresentes.com.br\/festas-e-modos-de-vida\/wp-content\/uploads\/sites\/3\/2025\/05\/Site-equipe-21-300x300.png 300w, https:\/\/mg.passadospresentes.com.br\/festas-e-modos-de-vida\/wp-content\/uploads\/sites\/3\/2025\/05\/Site-equipe-21-150x150.png 150w, https:\/\/mg.passadospresentes.com.br\/festas-e-modos-de-vida\/wp-content\/uploads\/sites\/3\/2025\/05\/Site-equipe-21-768x768.png 768w, https:\/\/mg.passadospresentes.com.br\/festas-e-modos-de-vida\/wp-content\/uploads\/sites\/3\/2025\/05\/Site-equipe-21.png 1080w\" sizes=\"(max-width: 1024px) 100vw, 1024px\" \/><figcaption class=\"wp-element-caption\"><a href=\"https:\/\/mg.passadospresentes.com.br\/festas-e-modos-de-vida\/destaque\/reinados-e-congadas-de-machado\/\" data-type=\"link\" data-id=\"https:\/\/mg.passadospresentes.com.br\/festas-e-modos-de-vida\/destaque\/reinados-e-congadas-de-machado\/\">Reinados e Congadas de Machado<\/a><\/figcaption><\/figure>\n\n\n\n<figure class=\"wp-block-image size-large\"><img loading=\"lazy\" decoding=\"async\" width=\"1024\" height=\"1024\" data-id=\"1462\" src=\"https:\/\/mg.passadospresentes.com.br\/festas-e-modos-de-vida\/wp-content\/uploads\/sites\/3\/2025\/05\/Site-equipe-22-1024x1024.png\" alt=\"\" class=\"wp-image-1462\" srcset=\"https:\/\/mg.passadospresentes.com.br\/festas-e-modos-de-vida\/wp-content\/uploads\/sites\/3\/2025\/05\/Site-equipe-22-1024x1024.png 1024w, https:\/\/mg.passadospresentes.com.br\/festas-e-modos-de-vida\/wp-content\/uploads\/sites\/3\/2025\/05\/Site-equipe-22-300x300.png 300w, https:\/\/mg.passadospresentes.com.br\/festas-e-modos-de-vida\/wp-content\/uploads\/sites\/3\/2025\/05\/Site-equipe-22-150x150.png 150w, https:\/\/mg.passadospresentes.com.br\/festas-e-modos-de-vida\/wp-content\/uploads\/sites\/3\/2025\/05\/Site-equipe-22-768x768.png 768w, https:\/\/mg.passadospresentes.com.br\/festas-e-modos-de-vida\/wp-content\/uploads\/sites\/3\/2025\/05\/Site-equipe-22.png 1080w\" sizes=\"(max-width: 1024px) 100vw, 1024px\" \/><figcaption class=\"wp-element-caption\"><a href=\"https:\/\/mg.passadospresentes.com.br\/festas-e-modos-de-vida\/destaque\/festa-de-maio-de-piedade-do-rio-grande\/\" data-type=\"link\" data-id=\"https:\/\/mg.passadospresentes.com.br\/festas-e-modos-de-vida\/destaque\/festa-de-maio-de-piedade-do-rio-grande\/\">Festa de Maio de Piedade do Rio Grande<\/a><\/figcaption><\/figure>\n\n\n\n<figure class=\"wp-block-image size-large\"><img loading=\"lazy\" decoding=\"async\" width=\"1024\" height=\"1024\" data-id=\"1468\" src=\"https:\/\/mg.passadospresentes.com.br\/festas-e-modos-de-vida\/wp-content\/uploads\/sites\/3\/2025\/05\/Site-equipe-23-1024x1024.png\" alt=\"\" class=\"wp-image-1468\" srcset=\"https:\/\/mg.passadospresentes.com.br\/festas-e-modos-de-vida\/wp-content\/uploads\/sites\/3\/2025\/05\/Site-equipe-23-1024x1024.png 1024w, https:\/\/mg.passadospresentes.com.br\/festas-e-modos-de-vida\/wp-content\/uploads\/sites\/3\/2025\/05\/Site-equipe-23-300x300.png 300w, https:\/\/mg.passadospresentes.com.br\/festas-e-modos-de-vida\/wp-content\/uploads\/sites\/3\/2025\/05\/Site-equipe-23-150x150.png 150w, https:\/\/mg.passadospresentes.com.br\/festas-e-modos-de-vida\/wp-content\/uploads\/sites\/3\/2025\/05\/Site-equipe-23-768x768.png 768w, https:\/\/mg.passadospresentes.com.br\/festas-e-modos-de-vida\/wp-content\/uploads\/sites\/3\/2025\/05\/Site-equipe-23.png 1080w\" sizes=\"(max-width: 1024px) 100vw, 1024px\" \/><figcaption class=\"wp-element-caption\"><a href=\"https:\/\/mg.passadospresentes.com.br\/festas-e-modos-de-vida\/destaque\/saberes-do-rosario-em-cambuquira\/\" data-type=\"link\" data-id=\"https:\/\/mg.passadospresentes.com.br\/festas-e-modos-de-vida\/destaque\/saberes-do-rosario-em-cambuquira\/\">Saberes do Ros\u00e1rio em Cambuquira<\/a><\/figcaption><\/figure>\n\n\n\n<figure class=\"wp-block-image size-large\"><img loading=\"lazy\" decoding=\"async\" width=\"1024\" height=\"1024\" data-id=\"1581\" src=\"https:\/\/mg.passadospresentes.com.br\/festas-e-modos-de-vida\/wp-content\/uploads\/sites\/3\/2025\/05\/Site-equipe-34-1024x1024.png\" alt=\"\" class=\"wp-image-1581\" srcset=\"https:\/\/mg.passadospresentes.com.br\/festas-e-modos-de-vida\/wp-content\/uploads\/sites\/3\/2025\/05\/Site-equipe-34-1024x1024.png 1024w, https:\/\/mg.passadospresentes.com.br\/festas-e-modos-de-vida\/wp-content\/uploads\/sites\/3\/2025\/05\/Site-equipe-34-300x300.png 300w, https:\/\/mg.passadospresentes.com.br\/festas-e-modos-de-vida\/wp-content\/uploads\/sites\/3\/2025\/05\/Site-equipe-34-150x150.png 150w, https:\/\/mg.passadospresentes.com.br\/festas-e-modos-de-vida\/wp-content\/uploads\/sites\/3\/2025\/05\/Site-equipe-34-768x768.png 768w, https:\/\/mg.passadospresentes.com.br\/festas-e-modos-de-vida\/wp-content\/uploads\/sites\/3\/2025\/05\/Site-equipe-34.png 1080w\" sizes=\"(max-width: 1024px) 100vw, 1024px\" \/><figcaption class=\"wp-element-caption\"><a href=\"https:\/\/mg.passadospresentes.com.br\/festas-e-modos-de-vida\/destaque\/festas-afro-indigenas-do-nordeste-ao-sudeste\/\" data-type=\"link\" data-id=\"https:\/\/mg.passadospresentes.com.br\/festas-e-modos-de-vida\/destaque\/festas-afro-indigenas-do-nordeste-ao-sudeste\/\">Festas afro-ind\u00edgenas do Nordeste ao Sudeste<\/a><\/figcaption><\/figure>\n\n\n\n<figure class=\"wp-block-image size-large\"><img loading=\"lazy\" decoding=\"async\" width=\"1024\" height=\"1024\" data-id=\"1566\" src=\"https:\/\/mg.passadospresentes.com.br\/festas-e-modos-de-vida\/wp-content\/uploads\/sites\/3\/2025\/05\/Site-equipe-33-1024x1024.png\" alt=\"\" class=\"wp-image-1566\" srcset=\"https:\/\/mg.passadospresentes.com.br\/festas-e-modos-de-vida\/wp-content\/uploads\/sites\/3\/2025\/05\/Site-equipe-33-1024x1024.png 1024w, https:\/\/mg.passadospresentes.com.br\/festas-e-modos-de-vida\/wp-content\/uploads\/sites\/3\/2025\/05\/Site-equipe-33-300x300.png 300w, https:\/\/mg.passadospresentes.com.br\/festas-e-modos-de-vida\/wp-content\/uploads\/sites\/3\/2025\/05\/Site-equipe-33-150x150.png 150w, https:\/\/mg.passadospresentes.com.br\/festas-e-modos-de-vida\/wp-content\/uploads\/sites\/3\/2025\/05\/Site-equipe-33-768x768.png 768w, https:\/\/mg.passadospresentes.com.br\/festas-e-modos-de-vida\/wp-content\/uploads\/sites\/3\/2025\/05\/Site-equipe-33.png 1080w\" sizes=\"(max-width: 1024px) 100vw, 1024px\" \/><figcaption class=\"wp-element-caption\"><a href=\"https:\/\/mg.passadospresentes.com.br\/festas-e-modos-de-vida\/destaque\/afrodialogos-as-viagens-da-congada\/\" data-type=\"link\" data-id=\"https:\/\/mg.passadospresentes.com.br\/festas-e-modos-de-vida\/destaque\/afrodialogos-as-viagens-da-congada\/\">Afrodi\u00e1logos \u2013 As Viagens da Congada<\/a><\/figcaption><\/figure>\n<\/figure>\n\n\n\n<h2 class=\"wp-block-heading\"><\/h2>\n\n\n\n<figure class=\"wp-block-gallery has-nested-images columns-default is-cropped wp-block-gallery-2 is-layout-flex wp-block-gallery-is-layout-flex\"><\/figure>\n\n\n\n<figure class=\"wp-block-gallery has-nested-images columns-default is-cropped wp-block-gallery-3 is-layout-flex wp-block-gallery-is-layout-flex\"><\/figure>\n\n\n\n<figure class=\"wp-block-gallery has-nested-images columns-default is-cropped wp-block-gallery-4 is-layout-flex wp-block-gallery-is-layout-flex\"><\/figure>\n\n\n\n<p><\/p>\n\n\n\n<p><\/p>\n","protected":false},"excerpt":{"rendered":"<p>Por Marlon Marcelo e Samuel Avelar J\u00fanior O grupo \u201cFestas, modos de vida e cosmologias\u201d dedicou-se ao estudo das diversas formas de (re) existir das comunidades negras e afro-ind\u00edgenas nos territ\u00f3rios de Minas Gerais, em um contexto de di\u00e1logo diasp\u00f3rico com outras regi\u00f5es do pa\u00eds e do mundo transatl\u00e2ntico. Os pesquisadores investigaram os rituais e [&hellip;]<\/p>\n","protected":false},"author":6,"featured_media":1024,"comment_status":"open","ping_status":"open","sticky":false,"template":"","format":"standard","meta":{"_acf_changed":false,"footnotes":""},"categories":[29],"tags":[],"class_list":["post-1511","post","type-post","status-publish","format-standard","has-post-thumbnail","hentry","category-destaque"],"acf":[],"_links":{"self":[{"href":"https:\/\/mg.passadospresentes.com.br\/festas-e-modos-de-vida\/wp-json\/wp\/v2\/posts\/1511","targetHints":{"allow":["GET"]}}],"collection":[{"href":"https:\/\/mg.passadospresentes.com.br\/festas-e-modos-de-vida\/wp-json\/wp\/v2\/posts"}],"about":[{"href":"https:\/\/mg.passadospresentes.com.br\/festas-e-modos-de-vida\/wp-json\/wp\/v2\/types\/post"}],"author":[{"embeddable":true,"href":"https:\/\/mg.passadospresentes.com.br\/festas-e-modos-de-vida\/wp-json\/wp\/v2\/users\/6"}],"replies":[{"embeddable":true,"href":"https:\/\/mg.passadospresentes.com.br\/festas-e-modos-de-vida\/wp-json\/wp\/v2\/comments?post=1511"}],"version-history":[{"count":9,"href":"https:\/\/mg.passadospresentes.com.br\/festas-e-modos-de-vida\/wp-json\/wp\/v2\/posts\/1511\/revisions"}],"predecessor-version":[{"id":1608,"href":"https:\/\/mg.passadospresentes.com.br\/festas-e-modos-de-vida\/wp-json\/wp\/v2\/posts\/1511\/revisions\/1608"}],"wp:featuredmedia":[{"embeddable":true,"href":"https:\/\/mg.passadospresentes.com.br\/festas-e-modos-de-vida\/wp-json\/wp\/v2\/media\/1024"}],"wp:attachment":[{"href":"https:\/\/mg.passadospresentes.com.br\/festas-e-modos-de-vida\/wp-json\/wp\/v2\/media?parent=1511"}],"wp:term":[{"taxonomy":"category","embeddable":true,"href":"https:\/\/mg.passadospresentes.com.br\/festas-e-modos-de-vida\/wp-json\/wp\/v2\/categories?post=1511"},{"taxonomy":"post_tag","embeddable":true,"href":"https:\/\/mg.passadospresentes.com.br\/festas-e-modos-de-vida\/wp-json\/wp\/v2\/tags?post=1511"}],"curies":[{"name":"wp","href":"https:\/\/api.w.org\/{rel}","templated":true}]}}