{"id":1507,"date":"2025-05-09T22:43:05","date_gmt":"2025-05-10T01:43:05","guid":{"rendered":"https:\/\/mg.passadospresentes.com.br\/festas-e-modos-de-vida\/?p=1507"},"modified":"2025-05-09T22:43:08","modified_gmt":"2025-05-10T01:43:08","slug":"capita-pedrina-de-lourdes-santos-seji-danjy-dya-hongolo","status":"publish","type":"post","link":"https:\/\/mg.passadospresentes.com.br\/festas-e-modos-de-vida\/destaque\/capita-pedrina-de-lourdes-santos-seji-danjy-dya-hongolo\/","title":{"rendered":"Capit\u00e3 Pedrina de Lourdes Santos \u2013 Seji Danjy Dya Hongolo"},"content":{"rendered":"\n<p><strong>Por Pedrina de Lourdes Santos<\/strong><\/p>\n\n\n\n<figure class=\"wp-block-image size-large\"><img fetchpriority=\"high\" decoding=\"async\" width=\"1024\" height=\"682\" src=\"https:\/\/mg.passadospresentes.com.br\/festas-e-modos-de-vida\/wp-content\/uploads\/sites\/3\/2025\/03\/Capita-Pedrina_Seji-Danji-dya-1-1024x682.jpeg\" alt=\"\" class=\"wp-image-1108\" srcset=\"https:\/\/mg.passadospresentes.com.br\/festas-e-modos-de-vida\/wp-content\/uploads\/sites\/3\/2025\/03\/Capita-Pedrina_Seji-Danji-dya-1-1024x682.jpeg 1024w, https:\/\/mg.passadospresentes.com.br\/festas-e-modos-de-vida\/wp-content\/uploads\/sites\/3\/2025\/03\/Capita-Pedrina_Seji-Danji-dya-1-300x200.jpeg 300w, https:\/\/mg.passadospresentes.com.br\/festas-e-modos-de-vida\/wp-content\/uploads\/sites\/3\/2025\/03\/Capita-Pedrina_Seji-Danji-dya-1-768x512.jpeg 768w, https:\/\/mg.passadospresentes.com.br\/festas-e-modos-de-vida\/wp-content\/uploads\/sites\/3\/2025\/03\/Capita-Pedrina_Seji-Danji-dya-1.jpeg 1280w\" sizes=\"(max-width: 1024px) 100vw, 1024px\" \/><figcaption class=\"wp-element-caption\"><strong>T\u00edtulo da imagem:\u00a0<\/strong>Capit\u00e3 Pedrina- Seji Danji<br><strong>Acervo:\u00a0<\/strong>Pessoal da Capit\u00e3 Pedrina<br><strong>Autor:\u00a0<\/strong>Pedro Aspahan<br><strong>Descri\u00e7\u00e3o:\u00a0<\/strong>Capit\u00e3 Pedrina na Zanzala dos Pretos Velhos (Templo) onde acontece o Reinado em Juatuba, no Nzo Atim Kaiango ua Mukongo durante a grava\u00e7\u00e3o do document\u00e1rio sobre a sua trajet\u00f3ria, produzido pela equipe do Programa de Forma\u00e7\u00e3o Transversal em Saberes Tradicionais da UFMG, 2021.<\/figcaption><\/figure>\n\n\n\n<figure class=\"wp-block-image size-full\"><img decoding=\"async\" width=\"480\" height=\"374\" src=\"https:\/\/mg.passadospresentes.com.br\/festas-e-modos-de-vida\/wp-content\/uploads\/sites\/3\/2025\/03\/Leonidios.jpeg\" alt=\"\" class=\"wp-image-1109\" srcset=\"https:\/\/mg.passadospresentes.com.br\/festas-e-modos-de-vida\/wp-content\/uploads\/sites\/3\/2025\/03\/Leonidios.jpeg 480w, https:\/\/mg.passadospresentes.com.br\/festas-e-modos-de-vida\/wp-content\/uploads\/sites\/3\/2025\/03\/Leonidios-300x234.jpeg 300w\" sizes=\"(max-width: 480px) 100vw, 480px\" \/><figcaption class=\"wp-element-caption\"><strong>T\u00edtulo da imagem:\u00a0<\/strong>Os Leon\u00eddios<br><strong>Acervo:<\/strong>\u00a0Pessoal da Capit\u00e3 Pedrina<br><strong>Autor:\u00a0<\/strong>Desconhecido<br><strong>Descri\u00e7\u00e3o:\u00a0<\/strong>Massambike de Nossa Senhora das Merc\u00eas tendo a frente o Capit\u00e3o Leon\u00eddio Jo\u00e3o dos Santos e do lado dele como alferes de bandeira (carregadora da bandeira), a zeladora e S\u00e1 Rainha Konga de Santa Efig\u00eania Ester Rufino Borges, em 1973.<\/figcaption><\/figure>\n\n\n\n<figure class=\"wp-block-image size-large\"><img decoding=\"async\" width=\"1024\" height=\"674\" src=\"https:\/\/mg.passadospresentes.com.br\/festas-e-modos-de-vida\/wp-content\/uploads\/sites\/3\/2025\/03\/Massambike-das-Merces-1024x674.jpeg\" alt=\"\" class=\"wp-image-1110\" srcset=\"https:\/\/mg.passadospresentes.com.br\/festas-e-modos-de-vida\/wp-content\/uploads\/sites\/3\/2025\/03\/Massambike-das-Merces-1024x674.jpeg 1024w, https:\/\/mg.passadospresentes.com.br\/festas-e-modos-de-vida\/wp-content\/uploads\/sites\/3\/2025\/03\/Massambike-das-Merces-300x198.jpeg 300w, https:\/\/mg.passadospresentes.com.br\/festas-e-modos-de-vida\/wp-content\/uploads\/sites\/3\/2025\/03\/Massambike-das-Merces-768x506.jpeg 768w, https:\/\/mg.passadospresentes.com.br\/festas-e-modos-de-vida\/wp-content\/uploads\/sites\/3\/2025\/03\/Massambike-das-Merces.jpeg 1280w\" sizes=\"(max-width: 1024px) 100vw, 1024px\" \/><figcaption class=\"wp-element-caption\"><strong>T\u00edtulo da imagem:\u00a0<\/strong>Os Leon\u00eddios<br><strong>Acervo:\u00a0<\/strong>Pessoal<br><strong>Autor:<\/strong>\u00a0C\u00e9sar Augusto<br><strong>Descri\u00e7\u00e3o:<\/strong>\u00a0Massambike de Nossa Senhora das Merc\u00eas, terno comandado pelos Capit\u00e3es Ant\u00f4nio dos Santos e Pedrina de Lourdes Santos que s\u00e3o descendentes do Capit\u00e3o Leon\u00eddios Jo\u00e3o dos Santos, em dia de Reinado de Oliveira\/MG.<\/figcaption><\/figure>\n\n\n\n<figure class=\"wp-block-image size-large\"><img loading=\"lazy\" decoding=\"async\" width=\"1024\" height=\"682\" src=\"https:\/\/mg.passadospresentes.com.br\/festas-e-modos-de-vida\/wp-content\/uploads\/sites\/3\/2025\/03\/Leonidios_Irmaos-2-1024x682.jpeg\" alt=\"\" class=\"wp-image-1111\" srcset=\"https:\/\/mg.passadospresentes.com.br\/festas-e-modos-de-vida\/wp-content\/uploads\/sites\/3\/2025\/03\/Leonidios_Irmaos-2-1024x682.jpeg 1024w, https:\/\/mg.passadospresentes.com.br\/festas-e-modos-de-vida\/wp-content\/uploads\/sites\/3\/2025\/03\/Leonidios_Irmaos-2-300x200.jpeg 300w, https:\/\/mg.passadospresentes.com.br\/festas-e-modos-de-vida\/wp-content\/uploads\/sites\/3\/2025\/03\/Leonidios_Irmaos-2-768x512.jpeg 768w, https:\/\/mg.passadospresentes.com.br\/festas-e-modos-de-vida\/wp-content\/uploads\/sites\/3\/2025\/03\/Leonidios_Irmaos-2-1536x1023.jpeg 1536w, https:\/\/mg.passadospresentes.com.br\/festas-e-modos-de-vida\/wp-content\/uploads\/sites\/3\/2025\/03\/Leonidios_Irmaos-2.jpeg 1600w\" sizes=\"(max-width: 1024px) 100vw, 1024px\" \/><figcaption class=\"wp-element-caption\"><strong>T\u00edtulo da imagem:<\/strong>\u00a0Os Leon\u00eddios<br><strong>Acervo:<\/strong>\u00a0Pessoal da Capit\u00e3 Pedrina<br><strong>Autora:<\/strong>\u00a0Myriam Vilas Boas<br><strong>Descri\u00e7\u00e3o:\u00a0<\/strong>Capit\u00e3 Pedrina de Lourdes Santos e seu irm\u00e3o Capit\u00e3o Ant\u00f4nio dos Santos em cumprimento ritual\u00edstico no terreiro sede do terno, chamado tamb\u00e9m de Casa Azul ou Nzo dya Mangang\u00e1, no primeiro dia de Reinado na cidade de Oliveira\/MG. Os dois s\u00e3o Capit\u00e3es do Mo\u00e7ambique da Merc\u00eas h\u00e1 mais de 40 anos.<\/figcaption><\/figure>\n\n\n\n<figure class=\"wp-block-image size-large\"><img loading=\"lazy\" decoding=\"async\" width=\"1024\" height=\"682\" src=\"https:\/\/mg.passadospresentes.com.br\/festas-e-modos-de-vida\/wp-content\/uploads\/sites\/3\/2025\/03\/Capitao-Antonio-1024x682.jpeg\" alt=\"\" class=\"wp-image-1112\" srcset=\"https:\/\/mg.passadospresentes.com.br\/festas-e-modos-de-vida\/wp-content\/uploads\/sites\/3\/2025\/03\/Capitao-Antonio-1024x682.jpeg 1024w, https:\/\/mg.passadospresentes.com.br\/festas-e-modos-de-vida\/wp-content\/uploads\/sites\/3\/2025\/03\/Capitao-Antonio-300x200.jpeg 300w, https:\/\/mg.passadospresentes.com.br\/festas-e-modos-de-vida\/wp-content\/uploads\/sites\/3\/2025\/03\/Capitao-Antonio-768x512.jpeg 768w, https:\/\/mg.passadospresentes.com.br\/festas-e-modos-de-vida\/wp-content\/uploads\/sites\/3\/2025\/03\/Capitao-Antonio-1536x1023.jpeg 1536w, https:\/\/mg.passadospresentes.com.br\/festas-e-modos-de-vida\/wp-content\/uploads\/sites\/3\/2025\/03\/Capitao-Antonio.jpeg 1600w\" sizes=\"(max-width: 1024px) 100vw, 1024px\" \/><figcaption class=\"wp-element-caption\"><strong>T\u00edtulo da imagem:<\/strong>\u00a0Os Leon\u00eddios<br><strong>Acervo:\u00a0<\/strong>Pessoal da Capit\u00e3 Pedrina<br><strong>Autora:<\/strong>\u00a0Myriam Vilas Boas<br><strong>Descri\u00e7\u00e3o:<\/strong>\u00a0Capit\u00e3o Ant\u00f4nio se preparando para os rituais p\u00fablicos do Reinado, antes de sair da Casa Azul, sede do Massambike das das Merc\u00eas. Ele est\u00e1 colocando a sua guia, conhecida como ros\u00e1rio de saboneteira, usada pelos Capit\u00e3es e dan\u00e7adores do terno.<\/figcaption><\/figure>\n","protected":false},"excerpt":{"rendered":"<p>Por Pedrina de Lourdes Santos<\/p>\n","protected":false},"author":6,"featured_media":1508,"comment_status":"open","ping_status":"open","sticky":false,"template":"","format":"standard","meta":{"_acf_changed":false,"footnotes":""},"categories":[29],"tags":[],"class_list":["post-1507","post","type-post","status-publish","format-standard","has-post-thumbnail","hentry","category-destaque"],"acf":[],"_links":{"self":[{"href":"https:\/\/mg.passadospresentes.com.br\/festas-e-modos-de-vida\/wp-json\/wp\/v2\/posts\/1507","targetHints":{"allow":["GET"]}}],"collection":[{"href":"https:\/\/mg.passadospresentes.com.br\/festas-e-modos-de-vida\/wp-json\/wp\/v2\/posts"}],"about":[{"href":"https:\/\/mg.passadospresentes.com.br\/festas-e-modos-de-vida\/wp-json\/wp\/v2\/types\/post"}],"author":[{"embeddable":true,"href":"https:\/\/mg.passadospresentes.com.br\/festas-e-modos-de-vida\/wp-json\/wp\/v2\/users\/6"}],"replies":[{"embeddable":true,"href":"https:\/\/mg.passadospresentes.com.br\/festas-e-modos-de-vida\/wp-json\/wp\/v2\/comments?post=1507"}],"version-history":[{"count":1,"href":"https:\/\/mg.passadospresentes.com.br\/festas-e-modos-de-vida\/wp-json\/wp\/v2\/posts\/1507\/revisions"}],"predecessor-version":[{"id":1509,"href":"https:\/\/mg.passadospresentes.com.br\/festas-e-modos-de-vida\/wp-json\/wp\/v2\/posts\/1507\/revisions\/1509"}],"wp:featuredmedia":[{"embeddable":true,"href":"https:\/\/mg.passadospresentes.com.br\/festas-e-modos-de-vida\/wp-json\/wp\/v2\/media\/1508"}],"wp:attachment":[{"href":"https:\/\/mg.passadospresentes.com.br\/festas-e-modos-de-vida\/wp-json\/wp\/v2\/media?parent=1507"}],"wp:term":[{"taxonomy":"category","embeddable":true,"href":"https:\/\/mg.passadospresentes.com.br\/festas-e-modos-de-vida\/wp-json\/wp\/v2\/categories?post=1507"},{"taxonomy":"post_tag","embeddable":true,"href":"https:\/\/mg.passadospresentes.com.br\/festas-e-modos-de-vida\/wp-json\/wp\/v2\/tags?post=1507"}],"curies":[{"name":"wp","href":"https:\/\/api.w.org\/{rel}","templated":true}]}}