{"id":1502,"date":"2025-05-09T22:30:44","date_gmt":"2025-05-10T01:30:44","guid":{"rendered":"https:\/\/mg.passadospresentes.com.br\/festas-e-modos-de-vida\/?p=1502"},"modified":"2025-05-09T22:30:44","modified_gmt":"2025-05-10T01:30:44","slug":"reinado-de-oliveira","status":"publish","type":"post","link":"https:\/\/mg.passadospresentes.com.br\/festas-e-modos-de-vida\/destaque\/reinado-de-oliveira\/","title":{"rendered":"Reinado de Oliveira"},"content":{"rendered":"\n<p><strong>Por Ana Luzia da Silva Morais<\/strong><\/p>\n\n\n\n<p>O Reinado \u00e9 uma manifesta\u00e7\u00e3o religiosa afro-brasileira, o trabalho espiritual e a celebra\u00e7\u00e3o festiva de um modo de vida ancestral africano que \u00e9 o Ros\u00e1rio dos Pretos. O Reinado acontece em diferentes cidades de Minas e, em Oliveira, \u00e9 realizado sempre na primeira semana de setembro, ap\u00f3s o levantamento das bandeiras de aviso que antecedem os 30 dias, antes do Cortejo do Boi do Ros\u00e1rio, ritual que d\u00e1 in\u00edcio ao Reinado.<\/p>\n\n\n\n<figure class=\"wp-block-image size-full\"><img fetchpriority=\"high\" decoding=\"async\" width=\"540\" height=\"720\" src=\"https:\/\/mg.passadospresentes.com.br\/festas-e-modos-de-vida\/wp-content\/uploads\/sites\/3\/2024\/10\/ReisCongosdasMerces-Oliveira-dec.90.jpeg\" alt=\"\" class=\"wp-image-824\" srcset=\"https:\/\/mg.passadospresentes.com.br\/festas-e-modos-de-vida\/wp-content\/uploads\/sites\/3\/2024\/10\/ReisCongosdasMerces-Oliveira-dec.90.jpeg 540w, https:\/\/mg.passadospresentes.com.br\/festas-e-modos-de-vida\/wp-content\/uploads\/sites\/3\/2024\/10\/ReisCongosdasMerces-Oliveira-dec.90-225x300.jpeg 225w\" sizes=\"(max-width: 540px) 100vw, 540px\" \/><figcaption class=\"wp-element-caption\"><strong>T\u00edtulo da imagem:<\/strong>\u00a0Reis Congos de Nossa Senhora das Merc\u00eas e N\u2019dandalunda<br><strong>Acervo:<\/strong>\u00a0Pessoal de Sinh\u00f4 Rei Congo Vander L\u00facio Vitalino<br>Autor: Desconhecido<br><strong>Descri\u00e7\u00e3o<\/strong>: Reis Congos de Nossa Senhora das Merc\u00eas e N\u2019dandalunda Vander L\u00facio Vitalino e Maria da Paix\u00e3o (falecida em 2005) no palanque no dia do Reinado dedicado a ela. Oliveira, d\u00e9cada de 90.<\/figcaption><\/figure>\n\n\n\n<figure class=\"wp-block-image size-full\"><img decoding=\"async\" width=\"480\" height=\"720\" src=\"https:\/\/mg.passadospresentes.com.br\/festas-e-modos-de-vida\/wp-content\/uploads\/sites\/3\/2024\/10\/ReisCongosMerces-Oliveira-2007.jpeg\" alt=\"\" class=\"wp-image-825\" srcset=\"https:\/\/mg.passadospresentes.com.br\/festas-e-modos-de-vida\/wp-content\/uploads\/sites\/3\/2024\/10\/ReisCongosMerces-Oliveira-2007.jpeg 480w, https:\/\/mg.passadospresentes.com.br\/festas-e-modos-de-vida\/wp-content\/uploads\/sites\/3\/2024\/10\/ReisCongosMerces-Oliveira-2007-200x300.jpeg 200w\" sizes=\"(max-width: 480px) 100vw, 480px\" \/><figcaption class=\"wp-element-caption\"><strong>T\u00edtulo da imagem:<\/strong>\u00a0Reis Congos de Nossa Senhora das Merc\u00eas<br><strong>Acervo:\u00a0<\/strong>Acervo Pessoal S\u00e1 Rainha Ana Luzia<br>Autora: Myriam Vilas Boas(falecida)<br><strong>Descri\u00e7\u00e3o:\u00a0<\/strong>Cortejo de v\u00e1rios ternos de Massambike e Congo de Oliveira,ap\u00f3s a Missa Conga do Reinado. Entregando \u00e0 S\u00e1 Rainha Konga Ana Luzia em sua casa.<\/figcaption><\/figure>\n\n\n\n<figure class=\"wp-block-image size-large\"><img decoding=\"async\" width=\"1024\" height=\"1021\" src=\"https:\/\/mg.passadospresentes.com.br\/festas-e-modos-de-vida\/wp-content\/uploads\/sites\/3\/2024\/10\/CapitaoMor_Minas-Gerais_Edson-Tomaz-1024x1021.jpg\" alt=\"\" class=\"wp-image-826\" srcset=\"https:\/\/mg.passadospresentes.com.br\/festas-e-modos-de-vida\/wp-content\/uploads\/sites\/3\/2024\/10\/CapitaoMor_Minas-Gerais_Edson-Tomaz-1024x1021.jpg 1024w, https:\/\/mg.passadospresentes.com.br\/festas-e-modos-de-vida\/wp-content\/uploads\/sites\/3\/2024\/10\/CapitaoMor_Minas-Gerais_Edson-Tomaz-300x300.jpg 300w, https:\/\/mg.passadospresentes.com.br\/festas-e-modos-de-vida\/wp-content\/uploads\/sites\/3\/2024\/10\/CapitaoMor_Minas-Gerais_Edson-Tomaz-150x150.jpg 150w, https:\/\/mg.passadospresentes.com.br\/festas-e-modos-de-vida\/wp-content\/uploads\/sites\/3\/2024\/10\/CapitaoMor_Minas-Gerais_Edson-Tomaz-768x766.jpg 768w, https:\/\/mg.passadospresentes.com.br\/festas-e-modos-de-vida\/wp-content\/uploads\/sites\/3\/2024\/10\/CapitaoMor_Minas-Gerais_Edson-Tomaz-1536x1532.jpg 1536w, https:\/\/mg.passadospresentes.com.br\/festas-e-modos-de-vida\/wp-content\/uploads\/sites\/3\/2024\/10\/CapitaoMor_Minas-Gerais_Edson-Tomaz-2048x2043.jpg 2048w\" sizes=\"(max-width: 1024px) 100vw, 1024px\" \/><figcaption class=\"wp-element-caption\"><strong>T\u00edtulo da imagem:<\/strong>\u00a0Capit\u00e3o Mor do Estado de Minas Gerais Edson Tomaz<br><strong>Acervo:<\/strong>\u00a0Pessoal do Sinh\u00f4 Rei Vander L\u00facio Vitalino<br><strong>Autor:<\/strong>\u00a0Desconhecido<br><strong>Descri\u00e7\u00e3o:<\/strong>\u00a0Capit\u00e3o Mor do Estado de Minas Gerais Edson Tomaz, em um dos dias do Reinado de Nossa Senhora do Ros\u00e1rio, na semana de Reinado em Oliveira, na porta de um resid\u00eancia em 1973, com a sua farda de Massambike, bast\u00e3o, ros\u00e1rio de contas de saboneteira na cintura e faixa identificando o seu cargo.<\/figcaption><\/figure>\n\n\n\n<figure class=\"wp-block-image size-full\"><img loading=\"lazy\" decoding=\"async\" width=\"1024\" height=\"768\" src=\"https:\/\/mg.passadospresentes.com.br\/festas-e-modos-de-vida\/wp-content\/uploads\/sites\/3\/2024\/10\/Cortejo-do-Reinado-de-Oliveira_dec.50.jpeg\" alt=\"\" class=\"wp-image-827\" srcset=\"https:\/\/mg.passadospresentes.com.br\/festas-e-modos-de-vida\/wp-content\/uploads\/sites\/3\/2024\/10\/Cortejo-do-Reinado-de-Oliveira_dec.50.jpeg 1024w, https:\/\/mg.passadospresentes.com.br\/festas-e-modos-de-vida\/wp-content\/uploads\/sites\/3\/2024\/10\/Cortejo-do-Reinado-de-Oliveira_dec.50-300x225.jpeg 300w, https:\/\/mg.passadospresentes.com.br\/festas-e-modos-de-vida\/wp-content\/uploads\/sites\/3\/2024\/10\/Cortejo-do-Reinado-de-Oliveira_dec.50-768x576.jpeg 768w\" sizes=\"(max-width: 1024px) 100vw, 1024px\" \/><figcaption class=\"wp-element-caption\"><strong>T\u00edtulo da imagem:<\/strong>\u00a0Cortejo Reinado de Oliveira<br><strong>Acervo:<\/strong>\u00a0Casa de Cultura Carlos Chagas<br><strong>Autor:<\/strong>\u00a0Desconhecido<br><strong>Descri\u00e7\u00e3o:<\/strong>\u00a0Cortejo do Reinado em Oliveira, descendo a Av. Sebasti\u00e3o Aguiar, avenida que d\u00e1 o principal acesso ao Bairro S\u00e3o Sebasti\u00e3o, bairro com maior popula\u00e7\u00e3o negra de Oliveira, lugar onde se concentra a maioria dos terreiros\/quarteis dos ternos de Massambike, c Catop\u00e9, Congo e Vil\u00e3o. A foto \u00e9 possivelmente da d\u00e9cada de 50. <\/figcaption><\/figure>\n\n\n\n<figure class=\"wp-block-image size-full\"><img loading=\"lazy\" decoding=\"async\" width=\"720\" height=\"540\" src=\"https:\/\/mg.passadospresentes.com.br\/festas-e-modos-de-vida\/wp-content\/uploads\/sites\/3\/2024\/10\/CortejoFestadeMaio_Oliveira.jpeg\" alt=\"\" class=\"wp-image-828\" srcset=\"https:\/\/mg.passadospresentes.com.br\/festas-e-modos-de-vida\/wp-content\/uploads\/sites\/3\/2024\/10\/CortejoFestadeMaio_Oliveira.jpeg 720w, https:\/\/mg.passadospresentes.com.br\/festas-e-modos-de-vida\/wp-content\/uploads\/sites\/3\/2024\/10\/CortejoFestadeMaio_Oliveira-300x225.jpeg 300w\" sizes=\"(max-width: 720px) 100vw, 720px\" \/><figcaption class=\"wp-element-caption\"><strong>T\u00edtulo da image<\/strong>m: Cortejo do Reinado<br><strong>Acervo<\/strong>: Pessoal S\u00e1 Rainha Ana Luzia<br><strong>Autora:<\/strong>\u00a0Ana Paula da Silva<br><strong>Descri\u00e7\u00e3o:\u00a0<\/strong>Cortejo do Reinado em Oliveira, chegando na Igreja S\u00e3o Sebasti\u00e3o para a celebra\u00e7\u00e3o da Missa Conga da Festa da Aboli\u00e7\u00e3o de 20. <\/figcaption><\/figure>\n\n\n\n<p><\/p>\n","protected":false},"excerpt":{"rendered":"<p>Por Ana Luzia da Silva Morais O Reinado \u00e9 uma manifesta\u00e7\u00e3o religiosa afro-brasileira, o trabalho espiritual e a celebra\u00e7\u00e3o festiva de um modo de vida ancestral africano que \u00e9 o Ros\u00e1rio dos Pretos. O Reinado acontece em diferentes cidades de Minas e, em Oliveira, \u00e9 realizado sempre na primeira semana de setembro, ap\u00f3s o levantamento [&hellip;]<\/p>\n","protected":false},"author":6,"featured_media":1503,"comment_status":"open","ping_status":"open","sticky":false,"template":"","format":"standard","meta":{"_acf_changed":false,"footnotes":""},"categories":[29],"tags":[],"class_list":["post-1502","post","type-post","status-publish","format-standard","has-post-thumbnail","hentry","category-destaque"],"acf":[],"_links":{"self":[{"href":"https:\/\/mg.passadospresentes.com.br\/festas-e-modos-de-vida\/wp-json\/wp\/v2\/posts\/1502","targetHints":{"allow":["GET"]}}],"collection":[{"href":"https:\/\/mg.passadospresentes.com.br\/festas-e-modos-de-vida\/wp-json\/wp\/v2\/posts"}],"about":[{"href":"https:\/\/mg.passadospresentes.com.br\/festas-e-modos-de-vida\/wp-json\/wp\/v2\/types\/post"}],"author":[{"embeddable":true,"href":"https:\/\/mg.passadospresentes.com.br\/festas-e-modos-de-vida\/wp-json\/wp\/v2\/users\/6"}],"replies":[{"embeddable":true,"href":"https:\/\/mg.passadospresentes.com.br\/festas-e-modos-de-vida\/wp-json\/wp\/v2\/comments?post=1502"}],"version-history":[{"count":1,"href":"https:\/\/mg.passadospresentes.com.br\/festas-e-modos-de-vida\/wp-json\/wp\/v2\/posts\/1502\/revisions"}],"predecessor-version":[{"id":1504,"href":"https:\/\/mg.passadospresentes.com.br\/festas-e-modos-de-vida\/wp-json\/wp\/v2\/posts\/1502\/revisions\/1504"}],"wp:featuredmedia":[{"embeddable":true,"href":"https:\/\/mg.passadospresentes.com.br\/festas-e-modos-de-vida\/wp-json\/wp\/v2\/media\/1503"}],"wp:attachment":[{"href":"https:\/\/mg.passadospresentes.com.br\/festas-e-modos-de-vida\/wp-json\/wp\/v2\/media?parent=1502"}],"wp:term":[{"taxonomy":"category","embeddable":true,"href":"https:\/\/mg.passadospresentes.com.br\/festas-e-modos-de-vida\/wp-json\/wp\/v2\/categories?post=1502"},{"taxonomy":"post_tag","embeddable":true,"href":"https:\/\/mg.passadospresentes.com.br\/festas-e-modos-de-vida\/wp-json\/wp\/v2\/tags?post=1502"}],"curies":[{"name":"wp","href":"https:\/\/api.w.org\/{rel}","templated":true}]}}