{"id":1496,"date":"2025-05-09T22:18:42","date_gmt":"2025-05-10T01:18:42","guid":{"rendered":"https:\/\/mg.passadospresentes.com.br\/festas-e-modos-de-vida\/?p=1496"},"modified":"2025-05-09T22:18:43","modified_gmt":"2025-05-10T01:18:43","slug":"festa-do-reinado-a-fe-que-canta-e-danca-ouro-preto","status":"publish","type":"post","link":"https:\/\/mg.passadospresentes.com.br\/festas-e-modos-de-vida\/destaque\/festa-do-reinado-a-fe-que-canta-e-danca-ouro-preto\/","title":{"rendered":"Festa do Reinado \u2013 A F\u00e9 que Canta e Dan\u00e7a \u2013 Ouro Preto"},"content":{"rendered":"\n<p><strong>Por Sidn\u00e9a Francisca dos Santos<\/strong><\/p>\n\n\n\n<figure class=\"wp-block-image size-large\"><img fetchpriority=\"high\" decoding=\"async\" width=\"1024\" height=\"683\" src=\"https:\/\/mg.passadospresentes.com.br\/festas-e-modos-de-vida\/wp-content\/uploads\/sites\/3\/2025\/03\/Reinado_2024_Alvorada_W5A1810_140124_VelloziaFilmes-1-1024x683.jpg\" alt=\"\" class=\"wp-image-1120\" srcset=\"https:\/\/mg.passadospresentes.com.br\/festas-e-modos-de-vida\/wp-content\/uploads\/sites\/3\/2025\/03\/Reinado_2024_Alvorada_W5A1810_140124_VelloziaFilmes-1-1024x683.jpg 1024w, https:\/\/mg.passadospresentes.com.br\/festas-e-modos-de-vida\/wp-content\/uploads\/sites\/3\/2025\/03\/Reinado_2024_Alvorada_W5A1810_140124_VelloziaFilmes-1-300x200.jpg 300w, https:\/\/mg.passadospresentes.com.br\/festas-e-modos-de-vida\/wp-content\/uploads\/sites\/3\/2025\/03\/Reinado_2024_Alvorada_W5A1810_140124_VelloziaFilmes-1-768x512.jpg 768w, https:\/\/mg.passadospresentes.com.br\/festas-e-modos-de-vida\/wp-content\/uploads\/sites\/3\/2025\/03\/Reinado_2024_Alvorada_W5A1810_140124_VelloziaFilmes-1-1536x1024.jpg 1536w, https:\/\/mg.passadospresentes.com.br\/festas-e-modos-de-vida\/wp-content\/uploads\/sites\/3\/2025\/03\/Reinado_2024_Alvorada_W5A1810_140124_VelloziaFilmes-1-2048x1365.jpg 2048w\" sizes=\"(max-width: 1024px) 100vw, 1024px\" \/><figcaption class=\"wp-element-caption\"><strong>T\u00edtulo da imagem:\u00a0<\/strong>Alvorada- Mawu, Liss\u00e1 e F\u00e9 \u2013 Povo Preto de Ouro Preto\u00b4\u00e9 Ouro<br><strong>Acervo:<\/strong>\u00a0Vellozia Filmes<br><strong>Autor:<\/strong>\u00a0Lucas de Godoy<br><strong>Descri\u00e7\u00e3o:\u00a0<\/strong>Grupo de Mo\u00e7ambique de N. Sra do Ros\u00e1rio, S\u00e3o Benedito e Santa Efig\u00eania do Alto da Cruz se preparando para adentrar a Igreja de Santa Efig\u00eania durante a alvorada, 5h da manh\u00e3 do dia 7 de janeiro de 2024, no dia principal da festa. Em destaque as bandeiras e o Capit\u00e3o Kedison Geraldo.<\/figcaption><\/figure>\n\n\n\n<figure class=\"wp-block-image size-large\"><img decoding=\"async\" width=\"1024\" height=\"683\" src=\"https:\/\/mg.passadospresentes.com.br\/festas-e-modos-de-vida\/wp-content\/uploads\/sites\/3\/2025\/03\/Reinado_2024_Alvorada_W5A1494_140124_VelloziaFilmes-1024x683.jpg\" alt=\"\" class=\"wp-image-1117\" srcset=\"https:\/\/mg.passadospresentes.com.br\/festas-e-modos-de-vida\/wp-content\/uploads\/sites\/3\/2025\/03\/Reinado_2024_Alvorada_W5A1494_140124_VelloziaFilmes-1024x683.jpg 1024w, https:\/\/mg.passadospresentes.com.br\/festas-e-modos-de-vida\/wp-content\/uploads\/sites\/3\/2025\/03\/Reinado_2024_Alvorada_W5A1494_140124_VelloziaFilmes-300x200.jpg 300w, https:\/\/mg.passadospresentes.com.br\/festas-e-modos-de-vida\/wp-content\/uploads\/sites\/3\/2025\/03\/Reinado_2024_Alvorada_W5A1494_140124_VelloziaFilmes-768x512.jpg 768w, https:\/\/mg.passadospresentes.com.br\/festas-e-modos-de-vida\/wp-content\/uploads\/sites\/3\/2025\/03\/Reinado_2024_Alvorada_W5A1494_140124_VelloziaFilmes-1536x1024.jpg 1536w, https:\/\/mg.passadospresentes.com.br\/festas-e-modos-de-vida\/wp-content\/uploads\/sites\/3\/2025\/03\/Reinado_2024_Alvorada_W5A1494_140124_VelloziaFilmes-2048x1365.jpg 2048w\" sizes=\"(max-width: 1024px) 100vw, 1024px\" \/><figcaption class=\"wp-element-caption\"><strong>T\u00edtulo da imagem:\u00a0<\/strong>Sons da Alvorada<br><strong>Acervo:\u00a0<\/strong>Vellozia Filmes<br><strong>Autor:<\/strong>\u00a0Lucas de Godoy<br><strong>Descri\u00e7\u00e3o:<\/strong>\u00a0Congado de N. Sra. do Ros\u00e1rio, S\u00e3o Benedito e Santa Efig\u00eania do Alto da Cruz (Ouro Preto MG) subindo a Ladeira do Padre Faria, na manh\u00e3 de domingo, 7 de janeiro de 2024 (\u00e1pice da festa), para fazer a alvorada na Igreja de Santa Efig\u00eania. \u00e0 frente do grupo a bandeira de santa Efig\u00eania e o Capit\u00e3o Rodrigo.<\/figcaption><\/figure>\n\n\n\n<figure class=\"wp-block-image size-large\"><img decoding=\"async\" width=\"1024\" height=\"683\" src=\"https:\/\/mg.passadospresentes.com.br\/festas-e-modos-de-vida\/wp-content\/uploads\/sites\/3\/2025\/03\/Reinado_2024_Cortejo_W5A3272_140124_VelloziaFilmes-1024x683.jpg\" alt=\"\" class=\"wp-image-1118\" srcset=\"https:\/\/mg.passadospresentes.com.br\/festas-e-modos-de-vida\/wp-content\/uploads\/sites\/3\/2025\/03\/Reinado_2024_Cortejo_W5A3272_140124_VelloziaFilmes-1024x683.jpg 1024w, https:\/\/mg.passadospresentes.com.br\/festas-e-modos-de-vida\/wp-content\/uploads\/sites\/3\/2025\/03\/Reinado_2024_Cortejo_W5A3272_140124_VelloziaFilmes-300x200.jpg 300w, https:\/\/mg.passadospresentes.com.br\/festas-e-modos-de-vida\/wp-content\/uploads\/sites\/3\/2025\/03\/Reinado_2024_Cortejo_W5A3272_140124_VelloziaFilmes-768x512.jpg 768w, https:\/\/mg.passadospresentes.com.br\/festas-e-modos-de-vida\/wp-content\/uploads\/sites\/3\/2025\/03\/Reinado_2024_Cortejo_W5A3272_140124_VelloziaFilmes-1536x1024.jpg 1536w, https:\/\/mg.passadospresentes.com.br\/festas-e-modos-de-vida\/wp-content\/uploads\/sites\/3\/2025\/03\/Reinado_2024_Cortejo_W5A3272_140124_VelloziaFilmes-2048x1365.jpg 2048w\" sizes=\"(max-width: 1024px) 100vw, 1024px\" \/><figcaption class=\"wp-element-caption\"><strong>T\u00edtulo da imagem:<\/strong>\u00a0\u201cEnquanto Mastro Erguer, N. Sra. Rege\u201d C\u00e9u e Terra Conectados<br><strong>Acervo:\u00a0<\/strong>Vellozia Filmes<br><strong>Autor:<\/strong>\u00a0Lucas de Godoy<br><strong>Descri\u00e7\u00e3o:\u00a0<\/strong>Mastros de N. Sra do Ros\u00e1rio, Santa Efig\u00eania, S\u00e3o Benedito e Santo Ant\u00f4nio levantados no adro da Capela do Padre Faria em janeiro de 2024. Desde 2008 Mastros s\u00e3o levantados no Padre Faria, de onde sai a grande Prociss\u00e3o dos Tambores no \u00faltimo dia da Festa, que desce at\u00e9 a Mina do Chico Rei e retorna para a Igreja de Santa Efig\u00eania. Na noite do segundo domingo de janeiro, \u00faltimo dia de festa, ap\u00f3s a Missa Conga os mastros s\u00e3o arriados aos sons dos tambores, cantos e dan\u00e7as de cada grupo presente.<\/figcaption><\/figure>\n\n\n\n<figure class=\"wp-block-image size-large\"><img loading=\"lazy\" decoding=\"async\" width=\"1024\" height=\"683\" src=\"https:\/\/mg.passadospresentes.com.br\/festas-e-modos-de-vida\/wp-content\/uploads\/sites\/3\/2025\/03\/Reinado_2024_Alvorada_W5A1766_140124_VelloziaFilmes-1024x683.jpg\" alt=\"\" class=\"wp-image-1119\" srcset=\"https:\/\/mg.passadospresentes.com.br\/festas-e-modos-de-vida\/wp-content\/uploads\/sites\/3\/2025\/03\/Reinado_2024_Alvorada_W5A1766_140124_VelloziaFilmes-1024x683.jpg 1024w, https:\/\/mg.passadospresentes.com.br\/festas-e-modos-de-vida\/wp-content\/uploads\/sites\/3\/2025\/03\/Reinado_2024_Alvorada_W5A1766_140124_VelloziaFilmes-300x200.jpg 300w, https:\/\/mg.passadospresentes.com.br\/festas-e-modos-de-vida\/wp-content\/uploads\/sites\/3\/2025\/03\/Reinado_2024_Alvorada_W5A1766_140124_VelloziaFilmes-768x512.jpg 768w, https:\/\/mg.passadospresentes.com.br\/festas-e-modos-de-vida\/wp-content\/uploads\/sites\/3\/2025\/03\/Reinado_2024_Alvorada_W5A1766_140124_VelloziaFilmes-1536x1024.jpg 1536w, https:\/\/mg.passadospresentes.com.br\/festas-e-modos-de-vida\/wp-content\/uploads\/sites\/3\/2025\/03\/Reinado_2024_Alvorada_W5A1766_140124_VelloziaFilmes-2048x1365.jpg 2048w\" sizes=\"(max-width: 1024px) 100vw, 1024px\" \/><figcaption class=\"wp-element-caption\"><strong>T\u00edtulo da imagem:\u00a0<\/strong>Transpor o Portal Sagrado \u2013 Capit\u00e3es e suas Espadas \u2013 prote\u00e7\u00e3o e Ngunzo<br><strong>Acervo:\u00a0<\/strong>Vellozia Filmes<br><strong>Autor:\u00a0<\/strong>Lucas de Godoy<br><strong>Descri\u00e7\u00e3o:\u00a0<\/strong>Os Capit\u00e3es do Mo\u00e7ambique e do Congado do Alto da Cruz, de espada em riste, protegendo o portal de entrada da Igreja de Santa Efig\u00eania, para que os grupos, os reinados, tocadores, cantantes e dan\u00e7antes possam adentrar a igreja e saudar seus protetores N. Sra. do Ros\u00e1rio, Santa Efig\u00eania, S\u00e3o Benedito e Santo Ant\u00f4nio no dia principal da Festa do Reinado, a F\u00e9 que Canta e Dan\u00e7a de Ouro Preto\/MG.<\/figcaption><\/figure>\n\n\n\n<p><\/p>\n","protected":false},"excerpt":{"rendered":"<p>Por Sidn\u00e9a Francisca dos Santos<\/p>\n","protected":false},"author":6,"featured_media":1497,"comment_status":"open","ping_status":"open","sticky":false,"template":"","format":"standard","meta":{"_acf_changed":false,"footnotes":""},"categories":[29],"tags":[],"class_list":["post-1496","post","type-post","status-publish","format-standard","has-post-thumbnail","hentry","category-destaque"],"acf":[],"_links":{"self":[{"href":"https:\/\/mg.passadospresentes.com.br\/festas-e-modos-de-vida\/wp-json\/wp\/v2\/posts\/1496","targetHints":{"allow":["GET"]}}],"collection":[{"href":"https:\/\/mg.passadospresentes.com.br\/festas-e-modos-de-vida\/wp-json\/wp\/v2\/posts"}],"about":[{"href":"https:\/\/mg.passadospresentes.com.br\/festas-e-modos-de-vida\/wp-json\/wp\/v2\/types\/post"}],"author":[{"embeddable":true,"href":"https:\/\/mg.passadospresentes.com.br\/festas-e-modos-de-vida\/wp-json\/wp\/v2\/users\/6"}],"replies":[{"embeddable":true,"href":"https:\/\/mg.passadospresentes.com.br\/festas-e-modos-de-vida\/wp-json\/wp\/v2\/comments?post=1496"}],"version-history":[{"count":1,"href":"https:\/\/mg.passadospresentes.com.br\/festas-e-modos-de-vida\/wp-json\/wp\/v2\/posts\/1496\/revisions"}],"predecessor-version":[{"id":1498,"href":"https:\/\/mg.passadospresentes.com.br\/festas-e-modos-de-vida\/wp-json\/wp\/v2\/posts\/1496\/revisions\/1498"}],"wp:featuredmedia":[{"embeddable":true,"href":"https:\/\/mg.passadospresentes.com.br\/festas-e-modos-de-vida\/wp-json\/wp\/v2\/media\/1497"}],"wp:attachment":[{"href":"https:\/\/mg.passadospresentes.com.br\/festas-e-modos-de-vida\/wp-json\/wp\/v2\/media?parent=1496"}],"wp:term":[{"taxonomy":"category","embeddable":true,"href":"https:\/\/mg.passadospresentes.com.br\/festas-e-modos-de-vida\/wp-json\/wp\/v2\/categories?post=1496"},{"taxonomy":"post_tag","embeddable":true,"href":"https:\/\/mg.passadospresentes.com.br\/festas-e-modos-de-vida\/wp-json\/wp\/v2\/tags?post=1496"}],"curies":[{"name":"wp","href":"https:\/\/api.w.org\/{rel}","templated":true}]}}