{"id":1491,"date":"2025-05-09T22:07:01","date_gmt":"2025-05-10T01:07:01","guid":{"rendered":"https:\/\/mg.passadospresentes.com.br\/festas-e-modos-de-vida\/?p=1491"},"modified":"2025-05-09T22:07:02","modified_gmt":"2025-05-10T01:07:02","slug":"clube-social-negro-mundo-velho","status":"publish","type":"post","link":"https:\/\/mg.passadospresentes.com.br\/festas-e-modos-de-vida\/destaque\/clube-social-negro-mundo-velho\/","title":{"rendered":"Clube social negro Mundo Velho"},"content":{"rendered":"\n<p><strong>Por Marlon Marcelo<\/strong><\/p>\n\n\n\n<p>O Clube Mundo Velho \u00e9 um clube social e carnavalesco fundado em 1896 na cidade de Sabar\u00e1, Minas Gerais. Criado para organizar desfiles carnavalescos, bailes e encontros entre seus participantes, sua funda\u00e7\u00e3o reuniu figuras importantes da pol\u00edtica e da cultura da cidade, al\u00e9m de pessoas negras que organizavam rodas de batuque no Morro da Intend\u00eancia \u2013 regi\u00e3o mais alta da cidade, onde vivia grande parte da popula\u00e7\u00e3o negra ap\u00f3s o fim da escravid\u00e3o.<\/p>\n\n\n\n<p>Ao longo de sua trajet\u00f3ria, o clube tornou-se um importante espa\u00e7o de conviv\u00eancia e troca para pessoas negras e trabalhadores da sider\u00fargica de Sabar\u00e1 e da regi\u00e3o central de Minas Gerais. Em 1935, seus s\u00f3cios constru\u00edram uma sede pr\u00f3pria, onde passaram a realizar bailes, concursos de beleza, ensaios e espet\u00e1culos teatrais, al\u00e9m de manter uma escola voltada para trabalhadores. O clube reunia m\u00fasicos, oper\u00e1rios da ind\u00fastria, comerciantes e diversos outros profissionais da cidade e arredores. Na d\u00e9cada de 1940, seus membros formaram uma banda de jazz, que animava bailes e festas locais.<\/p>\n\n\n\n<p>A principal atividade do Clube Mundo Velho era seu tradicional bloco carnavalesco, que desfilava todos os anos. No entanto, al\u00e9m de ser um espa\u00e7o de lazer, o clube tamb\u00e9m desempenhava um papel essencial na constru\u00e7\u00e3o de redes de apoio entre seus associados. Nele, as fam\u00edlias fortaleciam seus la\u00e7os, e os trabalhadores se ajudavam, indicando empregos e criando oportunidades. Essa colabora\u00e7\u00e3o contribu\u00eda para a melhoria das condi\u00e7\u00f5es de vida da popula\u00e7\u00e3o negra da regi\u00e3o, promovendo solidariedade e fortalecimento da comunidade.<\/p>\n\n\n\n<p>Os clubes sociais negros surgiram como espa\u00e7os fundamentais para a popula\u00e7\u00e3o negra logo ap\u00f3s o fim da escravid\u00e3o, quando essas pessoas ainda enfrentavam muitas dificuldades para acessar lazer e oportunidades de trabalho. Como n\u00e3o podiam frequentar os clubes exclusivos para brancos, criaram seus pr\u00f3prios espa\u00e7os de conviv\u00eancia. Durante as festas, os participantes criavam la\u00e7os de amizade e ajudavam uns aos outros a conseguir trabalho. Al\u00e9m disso, formavam fam\u00edlias e ocupavam as ruas com s\u00edmbolos da cultura negra e das classes populares. Esses clubes foram e ainda s\u00e3o espa\u00e7os de resist\u00eancia e refer\u00eancia para a comunidade negra. O Clube Mundo Velho, em particular, \u00e9 o mais antigo clube negro fundado em Minas Gerais.<\/p>\n\n\n\n<figure class=\"wp-block-image size-large\"><img fetchpriority=\"high\" decoding=\"async\" width=\"1024\" height=\"774\" src=\"https:\/\/mg.passadospresentes.com.br\/festas-e-modos-de-vida\/wp-content\/uploads\/sites\/3\/2024\/10\/AFCMV_1-Carnaval-Club-Mundo-Velho-1898-Largo-do-Rosario-1024x774.jpg\" alt=\"\" class=\"wp-image-835\" srcset=\"https:\/\/mg.passadospresentes.com.br\/festas-e-modos-de-vida\/wp-content\/uploads\/sites\/3\/2024\/10\/AFCMV_1-Carnaval-Club-Mundo-Velho-1898-Largo-do-Rosario-1024x774.jpg 1024w, https:\/\/mg.passadospresentes.com.br\/festas-e-modos-de-vida\/wp-content\/uploads\/sites\/3\/2024\/10\/AFCMV_1-Carnaval-Club-Mundo-Velho-1898-Largo-do-Rosario-300x227.jpg 300w, https:\/\/mg.passadospresentes.com.br\/festas-e-modos-de-vida\/wp-content\/uploads\/sites\/3\/2024\/10\/AFCMV_1-Carnaval-Club-Mundo-Velho-1898-Largo-do-Rosario-768x581.jpg 768w, https:\/\/mg.passadospresentes.com.br\/festas-e-modos-de-vida\/wp-content\/uploads\/sites\/3\/2024\/10\/AFCMV_1-Carnaval-Club-Mundo-Velho-1898-Largo-do-Rosario-1536x1162.jpg 1536w, https:\/\/mg.passadospresentes.com.br\/festas-e-modos-de-vida\/wp-content\/uploads\/sites\/3\/2024\/10\/AFCMV_1-Carnaval-Club-Mundo-Velho-1898-Largo-do-Rosario-2048x1549.jpg 2048w\" sizes=\"(max-width: 1024px) 100vw, 1024px\" \/><figcaption class=\"wp-element-caption\"><strong>T\u00edtulo da imagem:\u00a0<\/strong>Carnaval bloco Mundo Velho de 1898<br><strong>Acervo<\/strong>: Acervo Clube Mundo Velho<br><strong>Autor:<\/strong>\u00a0Desconhecido<br><strong>Descri\u00e7\u00e3o:<\/strong>\u00a0Bloco carnavalesco do clube Mundo Velho posicionados a frente do chafariz do Ros\u00e1rio em 1898<br><\/figcaption><\/figure>\n\n\n\n<figure class=\"wp-block-image size-large\"><img decoding=\"async\" width=\"1024\" height=\"738\" src=\"https:\/\/mg.passadospresentes.com.br\/festas-e-modos-de-vida\/wp-content\/uploads\/sites\/3\/2024\/10\/AFCMV_2-Bloco-carnavalesco-1898--1024x738.jpg\" alt=\"\" class=\"wp-image-836\" srcset=\"https:\/\/mg.passadospresentes.com.br\/festas-e-modos-de-vida\/wp-content\/uploads\/sites\/3\/2024\/10\/AFCMV_2-Bloco-carnavalesco-1898--1024x738.jpg 1024w, https:\/\/mg.passadospresentes.com.br\/festas-e-modos-de-vida\/wp-content\/uploads\/sites\/3\/2024\/10\/AFCMV_2-Bloco-carnavalesco-1898--300x216.jpg 300w, https:\/\/mg.passadospresentes.com.br\/festas-e-modos-de-vida\/wp-content\/uploads\/sites\/3\/2024\/10\/AFCMV_2-Bloco-carnavalesco-1898--768x553.jpg 768w, https:\/\/mg.passadospresentes.com.br\/festas-e-modos-de-vida\/wp-content\/uploads\/sites\/3\/2024\/10\/AFCMV_2-Bloco-carnavalesco-1898--1536x1107.jpg 1536w, https:\/\/mg.passadospresentes.com.br\/festas-e-modos-de-vida\/wp-content\/uploads\/sites\/3\/2024\/10\/AFCMV_2-Bloco-carnavalesco-1898-.jpg 1883w\" sizes=\"(max-width: 1024px) 100vw, 1024px\" \/><figcaption class=\"wp-element-caption\"><strong>T\u00edtulo da imagem:<\/strong>\u00a0Carnaval bloco Mundo Velho de 1898 \u2013 Igreja do Ros\u00e1rio<br><strong>Acervo:\u00a0<\/strong>Acervo Clube Mundo Velho<br><strong>Autor:\u00a0<\/strong>Desconhecido<br><strong>Descri\u00e7\u00e3o:<\/strong>\u00a0Foli\u00f5es do bloco Mundo Velho posicionados na frente da Igreja de Nossa Senhora do Ros\u00e1rio de Sabar\u00e1 em 1898. <br><\/figcaption><\/figure>\n\n\n\n<figure class=\"wp-block-image size-large\"><img decoding=\"async\" width=\"795\" height=\"1024\" src=\"https:\/\/mg.passadospresentes.com.br\/festas-e-modos-de-vida\/wp-content\/uploads\/sites\/3\/2024\/10\/AFCMV_6-Porta-estandarte-do-clube-Mundo-Velho-1941-795x1024.jpg\" alt=\"\" class=\"wp-image-837\" srcset=\"https:\/\/mg.passadospresentes.com.br\/festas-e-modos-de-vida\/wp-content\/uploads\/sites\/3\/2024\/10\/AFCMV_6-Porta-estandarte-do-clube-Mundo-Velho-1941-795x1024.jpg 795w, https:\/\/mg.passadospresentes.com.br\/festas-e-modos-de-vida\/wp-content\/uploads\/sites\/3\/2024\/10\/AFCMV_6-Porta-estandarte-do-clube-Mundo-Velho-1941-233x300.jpg 233w, https:\/\/mg.passadospresentes.com.br\/festas-e-modos-de-vida\/wp-content\/uploads\/sites\/3\/2024\/10\/AFCMV_6-Porta-estandarte-do-clube-Mundo-Velho-1941-768x990.jpg 768w, https:\/\/mg.passadospresentes.com.br\/festas-e-modos-de-vida\/wp-content\/uploads\/sites\/3\/2024\/10\/AFCMV_6-Porta-estandarte-do-clube-Mundo-Velho-1941-1192x1536.jpg 1192w, https:\/\/mg.passadospresentes.com.br\/festas-e-modos-de-vida\/wp-content\/uploads\/sites\/3\/2024\/10\/AFCMV_6-Porta-estandarte-do-clube-Mundo-Velho-1941-1589x2048.jpg 1589w, https:\/\/mg.passadospresentes.com.br\/festas-e-modos-de-vida\/wp-content\/uploads\/sites\/3\/2024\/10\/AFCMV_6-Porta-estandarte-do-clube-Mundo-Velho-1941.jpg 1884w\" sizes=\"(max-width: 795px) 100vw, 795px\" \/><figcaption class=\"wp-element-caption\"><strong>T\u00edtulo da imagem:\u00a0<\/strong>Porta Estandarte Clube Mundo Velho de 1941<br><strong>Acervo:<\/strong>\u00a0Acervo Clube Mundo Velho<br><strong>Autor:<\/strong>\u00a0Desconhecido<br><strong>Descri\u00e7\u00e3o:<\/strong>\u00a0Porta estandarte Mirtes no carnaval do Clube Mundo Velho de 1941.<\/figcaption><\/figure>\n\n\n\n<figure class=\"wp-block-image size-large\"><img loading=\"lazy\" decoding=\"async\" width=\"1024\" height=\"670\" src=\"https:\/\/mg.passadospresentes.com.br\/festas-e-modos-de-vida\/wp-content\/uploads\/sites\/3\/2024\/10\/AFCMV_9-Diretoria-do-Clube-Mundo-Velho_1940_Acervo-Centro-de-Memoria-da-ArcelorMittal-1024x670.jpg\" alt=\"\" class=\"wp-image-838\" srcset=\"https:\/\/mg.passadospresentes.com.br\/festas-e-modos-de-vida\/wp-content\/uploads\/sites\/3\/2024\/10\/AFCMV_9-Diretoria-do-Clube-Mundo-Velho_1940_Acervo-Centro-de-Memoria-da-ArcelorMittal-1024x670.jpg 1024w, https:\/\/mg.passadospresentes.com.br\/festas-e-modos-de-vida\/wp-content\/uploads\/sites\/3\/2024\/10\/AFCMV_9-Diretoria-do-Clube-Mundo-Velho_1940_Acervo-Centro-de-Memoria-da-ArcelorMittal-300x196.jpg 300w, https:\/\/mg.passadospresentes.com.br\/festas-e-modos-de-vida\/wp-content\/uploads\/sites\/3\/2024\/10\/AFCMV_9-Diretoria-do-Clube-Mundo-Velho_1940_Acervo-Centro-de-Memoria-da-ArcelorMittal-768x502.jpg 768w, https:\/\/mg.passadospresentes.com.br\/festas-e-modos-de-vida\/wp-content\/uploads\/sites\/3\/2024\/10\/AFCMV_9-Diretoria-do-Clube-Mundo-Velho_1940_Acervo-Centro-de-Memoria-da-ArcelorMittal-1536x1005.jpg 1536w, https:\/\/mg.passadospresentes.com.br\/festas-e-modos-de-vida\/wp-content\/uploads\/sites\/3\/2024\/10\/AFCMV_9-Diretoria-do-Clube-Mundo-Velho_1940_Acervo-Centro-de-Memoria-da-ArcelorMittal.jpg 1960w\" sizes=\"(max-width: 1024px) 100vw, 1024px\" \/><figcaption class=\"wp-element-caption\"><strong>T\u00edtulo da imagem:<\/strong>\u00a0Diretoria do Clube Mundo Velho de 1940<br><strong>Acervo:<\/strong>\u00a0Clube Mundo Velho<br><strong>Autor:<\/strong>\u00a0Desconhecido<br><strong>Descri\u00e7\u00e3o:<\/strong>\u00a0Diretoria eleita para o clube Mundo Velho em 1940. <\/figcaption><\/figure>\n\n\n\n<figure class=\"wp-block-image size-large\"><img loading=\"lazy\" decoding=\"async\" width=\"1024\" height=\"765\" src=\"https:\/\/mg.passadospresentes.com.br\/festas-e-modos-de-vida\/wp-content\/uploads\/sites\/3\/2024\/10\/AFCMV_8-Teatro-Mundo-Velho-S.D-1024x765.jpg\" alt=\"\" class=\"wp-image-839\" srcset=\"https:\/\/mg.passadospresentes.com.br\/festas-e-modos-de-vida\/wp-content\/uploads\/sites\/3\/2024\/10\/AFCMV_8-Teatro-Mundo-Velho-S.D-1024x765.jpg 1024w, https:\/\/mg.passadospresentes.com.br\/festas-e-modos-de-vida\/wp-content\/uploads\/sites\/3\/2024\/10\/AFCMV_8-Teatro-Mundo-Velho-S.D-300x224.jpg 300w, https:\/\/mg.passadospresentes.com.br\/festas-e-modos-de-vida\/wp-content\/uploads\/sites\/3\/2024\/10\/AFCMV_8-Teatro-Mundo-Velho-S.D-768x574.jpg 768w, https:\/\/mg.passadospresentes.com.br\/festas-e-modos-de-vida\/wp-content\/uploads\/sites\/3\/2024\/10\/AFCMV_8-Teatro-Mundo-Velho-S.D-1536x1148.jpg 1536w, https:\/\/mg.passadospresentes.com.br\/festas-e-modos-de-vida\/wp-content\/uploads\/sites\/3\/2024\/10\/AFCMV_8-Teatro-Mundo-Velho-S.D-2048x1531.jpg 2048w\" sizes=\"(max-width: 1024px) 100vw, 1024px\" \/><figcaption class=\"wp-element-caption\"><strong>T\u00edtulo da imagem:<\/strong>\u00a0Gr\u00eamio teatral Mund\u00e3o<br><strong>Acervo:\u00a0<\/strong>Clube Mundo Velho<br><strong>Autor:<\/strong>\u00a0Desconhecido<br><strong>Descri\u00e7\u00e3o<\/strong>: Apresenta\u00e7\u00e3o teatral do gr\u00eamio teatral Mund\u00e3o do Clube Mundo Velho na d\u00e9cada de 1930.<\/figcaption><\/figure>\n\n\n\n<p><\/p>\n","protected":false},"excerpt":{"rendered":"<p>Por Marlon Marcelo O Clube Mundo Velho \u00e9 um clube social e carnavalesco fundado em 1896 na cidade de Sabar\u00e1, Minas Gerais. Criado para organizar desfiles carnavalescos, bailes e encontros entre seus participantes, sua funda\u00e7\u00e3o reuniu figuras importantes da pol\u00edtica e da cultura da cidade, al\u00e9m de pessoas negras que organizavam rodas de batuque no [&hellip;]<\/p>\n","protected":false},"author":6,"featured_media":1492,"comment_status":"open","ping_status":"open","sticky":false,"template":"","format":"standard","meta":{"_acf_changed":false,"footnotes":""},"categories":[29],"tags":[],"class_list":["post-1491","post","type-post","status-publish","format-standard","has-post-thumbnail","hentry","category-destaque"],"acf":[],"_links":{"self":[{"href":"https:\/\/mg.passadospresentes.com.br\/festas-e-modos-de-vida\/wp-json\/wp\/v2\/posts\/1491","targetHints":{"allow":["GET"]}}],"collection":[{"href":"https:\/\/mg.passadospresentes.com.br\/festas-e-modos-de-vida\/wp-json\/wp\/v2\/posts"}],"about":[{"href":"https:\/\/mg.passadospresentes.com.br\/festas-e-modos-de-vida\/wp-json\/wp\/v2\/types\/post"}],"author":[{"embeddable":true,"href":"https:\/\/mg.passadospresentes.com.br\/festas-e-modos-de-vida\/wp-json\/wp\/v2\/users\/6"}],"replies":[{"embeddable":true,"href":"https:\/\/mg.passadospresentes.com.br\/festas-e-modos-de-vida\/wp-json\/wp\/v2\/comments?post=1491"}],"version-history":[{"count":1,"href":"https:\/\/mg.passadospresentes.com.br\/festas-e-modos-de-vida\/wp-json\/wp\/v2\/posts\/1491\/revisions"}],"predecessor-version":[{"id":1493,"href":"https:\/\/mg.passadospresentes.com.br\/festas-e-modos-de-vida\/wp-json\/wp\/v2\/posts\/1491\/revisions\/1493"}],"wp:featuredmedia":[{"embeddable":true,"href":"https:\/\/mg.passadospresentes.com.br\/festas-e-modos-de-vida\/wp-json\/wp\/v2\/media\/1492"}],"wp:attachment":[{"href":"https:\/\/mg.passadospresentes.com.br\/festas-e-modos-de-vida\/wp-json\/wp\/v2\/media?parent=1491"}],"wp:term":[{"taxonomy":"category","embeddable":true,"href":"https:\/\/mg.passadospresentes.com.br\/festas-e-modos-de-vida\/wp-json\/wp\/v2\/categories?post=1491"},{"taxonomy":"post_tag","embeddable":true,"href":"https:\/\/mg.passadospresentes.com.br\/festas-e-modos-de-vida\/wp-json\/wp\/v2\/tags?post=1491"}],"curies":[{"name":"wp","href":"https:\/\/api.w.org\/{rel}","templated":true}]}}