{"id":1485,"date":"2025-05-09T18:52:33","date_gmt":"2025-05-09T21:52:33","guid":{"rendered":"https:\/\/mg.passadospresentes.com.br\/festas-e-modos-de-vida\/?p=1485"},"modified":"2025-05-09T18:52:33","modified_gmt":"2025-05-09T21:52:33","slug":"festas-de-folias-do-vale-do-mucuri","status":"publish","type":"post","link":"https:\/\/mg.passadospresentes.com.br\/festas-e-modos-de-vida\/destaque\/festas-de-folias-do-vale-do-mucuri\/","title":{"rendered":"Festas de Folias do Vale do Mucuri"},"content":{"rendered":"\n<p><strong>Por Andr\u00e9 Luiz Ribeiro de Ara\u00fajo<\/strong><\/p>\n\n\n\n<p>As festas de Folias est\u00e3o presentes em v\u00e1rios estados brasileiros, como Minas Gerais, S\u00e3o Paulo, Rio de Janeiro, Paran\u00e1, Mato Grosso do Sul, Goi\u00e1s, etc. Em uma alus\u00e3o aos Reis Magos, os grupos performantes em torno destas festas, podem ser denominados na cosmovis\u00e3o dos \u201creisados\u201d, como ternos, caravanas, companhias ou embaixadas. Todavia, os grupos de Folias em Minas Gerais, s\u00e3o tamb\u00e9m estruturados a partir da devo\u00e7\u00e3o de mais de 50 santos, como, por exemplo: Divino Esp\u00edrito Santo, S\u00e3o Sebasti\u00e3o, Bom Jesus, Nossa Senhora Aparecida, entre outros. No Vale do Mucuri, no nordeste mineiro, cada festa de Folia possui uma data comemorativa espec\u00edfica: as Folias de Reis (6 de janeiro), as festas de Folia de S\u00e3o Sebasti\u00e3o (20 de janeiro) e as de Bom Jesus da Lapa (6 de agosto).<\/p>\n\n\n\n<p>As festas de Folias se caracterizam por sustentar o tecido social de v\u00e1rios grupos envolvidos com as manifesta\u00e7\u00f5es, expressas em seus diversos s\u00edmbolos e nas rela\u00e7\u00f5es entre participantes e a comunidade. Essa forma de express\u00e3o \u00e9 singular por ser transmitida de gera\u00e7\u00e3o a gera\u00e7\u00e3o, sobretudo a partir da oralidade. No caso do Vale do Mucuri, estas festas se destacam por ter origem ligada \u00e0 zona rural, mas s\u00e3o presentes tamb\u00e9m nas cidades, envolvendo a comunidade no geral, inclusive, quilombolas e alguns ind\u00edgenas Maxakali.<\/p>\n\n\n\n<p>Nesta regi\u00e3o, as pessoas que atuam na musicalidade das festas, s\u00e3o reconhecidas como \u201ccantadores de folia\u201d, mas em outros locais do Brasil, podem ser denominados como cantores, tocadores, e, em alguns casos, reis e palha\u00e7os. As pessoas envolvidas nas performances musicais s\u00e3o tocadores de viol\u00e3o, caixa, pandeiro, sanfona, viola, prato, etc. H\u00e1 tamb\u00e9m duas modalidades de vozes dos\/as cantores\/as: as \u201crequincas\u201d, vozes mais agudas e a \u201ccontra\u201d, voz mais grave. A jun\u00e7\u00e3o destas duas melodias, em posi\u00e7\u00f5es opostas, ou seja, agudo e grave, s\u00e3o fundamentais e recorrentemente exigidas para o desempenho e qualidade musical.<\/p>\n\n\n\n<p>Esses foli\u00f5es e foli\u00e3s, realizam visitas \u00e0s casas dos devotos e devotas, distribuindo b\u00ean\u00e7\u00e3os e recolhendo donativos reconhecidos como \u201cesmola\u201d, destinada para variados fins, principalmente para a gest\u00e3o da festa. Durante a jornada, os foli\u00f5es e foli\u00e3s, possuem como elemento simb\u00f3lico principal a bandeira e se organizam a partir dos \u201cgiros\u201d para cumprimento de promessas, realiza\u00e7\u00e3o de Ter\u00e7os e levantamento da bandeira no mastro.<\/p>\n\n\n\n<p>No Vale do Mucuri, durante os Ter\u00e7os, acontece maior concentra\u00e7\u00e3o do p\u00fablico, de ora\u00e7\u00f5es e distribui\u00e7\u00e3o de alimentos. Este \u00e9 o momento final da festa, quando as pessoas e comunidade rezam ao redor do pres\u00e9pio e tamb\u00e9m queimam fogos de artif\u00edcio em comemora\u00e7\u00e3o ao dia do santo, o qual o S\u00e3o Sebasti\u00e3o, \u00e9 mais destacado. Ap\u00f3s a realiza\u00e7\u00e3o do Ter\u00e7o, a bandeira \u00e9 levantada no mastro. Em Santa Helena de Minas\u2013MG, uma das 23 cidades que comp\u00f5em a regi\u00e3o do Vale do Mucuri, esta bandeira, ainda pode ser roubada do mastro, provocando motivo de chacota e por sua vez, grande sociabiliza\u00e7\u00e3o do\/as devotos\/as em torno da religiosidade.&nbsp;<br><\/p>\n\n\n\n<figure class=\"wp-block-image size-full\"><img fetchpriority=\"high\" decoding=\"async\" width=\"745\" height=\"373\" src=\"https:\/\/mg.passadospresentes.com.br\/festas-e-modos-de-vida\/wp-content\/uploads\/sites\/3\/2025\/03\/Festa-de-folia-com-os-Maxakali.jpeg\" alt=\"\" class=\"wp-image-894\" srcset=\"https:\/\/mg.passadospresentes.com.br\/festas-e-modos-de-vida\/wp-content\/uploads\/sites\/3\/2025\/03\/Festa-de-folia-com-os-Maxakali.jpeg 745w, https:\/\/mg.passadospresentes.com.br\/festas-e-modos-de-vida\/wp-content\/uploads\/sites\/3\/2025\/03\/Festa-de-folia-com-os-Maxakali-300x150.jpeg 300w\" sizes=\"(max-width: 745px) 100vw, 745px\" \/><figcaption class=\"wp-element-caption\"><strong>T\u00edtulo da imagem:\u00a0<\/strong>Festa de Folia de S\u00e3o Sebasti\u00e3o liderada pelos irm\u00e3os Ded\u00e9 e Ol\u00edvio com participa\u00e7\u00e3o dos ind\u00edgenas Maxakali, \u201cT\u00e9 Caboclo\u201d e \u201cNeg\u00e3o Caboclo\u201d \u2013 Santa Helena de Minas (MG).<br><strong>Acervo:\u00a0<\/strong>Andr\u00e9 Luiz Ribeiro de Ara\u00fajo<br><strong>Autor:<\/strong>\u00a0Desconhecido.<br><strong>Descri\u00e7\u00e3o:<\/strong>\u00a0Foto posada durante festa de Folia em louvor a S\u00e3o Sebasti\u00e3o no m\u00eas de janeiro (ano n\u00e3o identificado), liderada pelos m\u00fasicos \u201cmarcantes\u201d Ded\u00e9 e Ol\u00edvio. Esta festa conta anualmente com a participa\u00e7\u00e3o musical dos ind\u00edgenas Maxakali, \u201cT\u00e9 Caboclo\u201d e \u201cNeg\u00e3o Caboclo\u201d em Santa Helena de Minas, Vale do Mucuri, nordeste de Minas Gerais. Os foli\u00f5es n\u00e3o ind\u00edgenas tocam viol\u00e3o, viola, sanfona e cantam e os ind\u00edgenas Maxakali tocam caixa, pandeiro e cantam respondendo os versos das m\u00fasicas. A dona da casa, na extrema-direita da foto, segura a bandeira da festa em louvor ao santo e em respeito \u00e0 tradi\u00e7\u00e3o local. <\/figcaption><\/figure>\n\n\n\n<figure class=\"wp-block-image size-large\"><img decoding=\"async\" width=\"1024\" height=\"768\" src=\"https:\/\/mg.passadospresentes.com.br\/festas-e-modos-de-vida\/wp-content\/uploads\/sites\/3\/2025\/03\/Casa-de-seu-Telvino-1024x768.jpg\" alt=\"\" class=\"wp-image-895\" srcset=\"https:\/\/mg.passadospresentes.com.br\/festas-e-modos-de-vida\/wp-content\/uploads\/sites\/3\/2025\/03\/Casa-de-seu-Telvino-1024x768.jpg 1024w, https:\/\/mg.passadospresentes.com.br\/festas-e-modos-de-vida\/wp-content\/uploads\/sites\/3\/2025\/03\/Casa-de-seu-Telvino-300x225.jpg 300w, https:\/\/mg.passadospresentes.com.br\/festas-e-modos-de-vida\/wp-content\/uploads\/sites\/3\/2025\/03\/Casa-de-seu-Telvino-768x576.jpg 768w, https:\/\/mg.passadospresentes.com.br\/festas-e-modos-de-vida\/wp-content\/uploads\/sites\/3\/2025\/03\/Casa-de-seu-Telvino-1536x1152.jpg 1536w, https:\/\/mg.passadospresentes.com.br\/festas-e-modos-de-vida\/wp-content\/uploads\/sites\/3\/2025\/03\/Casa-de-seu-Telvino-2048x1536.jpg 2048w\" sizes=\"(max-width: 1024px) 100vw, 1024px\" \/><figcaption class=\"wp-element-caption\"><strong>T\u00edtulo da imagem:\u00a0<\/strong>Folia de Bom Jesus da Lapa \u2013 Carlos Chagas, Vale do Mucuri (MG).<br><strong>Acervo:\u00a0<\/strong>Andr\u00e9 Luiz Ribeiro de Ara\u00fajo<br><strong>Autor:<\/strong>\u00a0Andr\u00e9 Luiz Ribeiro de Ara\u00fajo<br><strong>Descri\u00e7\u00e3o:\u00a0<\/strong>Foto posada na festa de Folia em louvor a Bom Jesus da Lapa, durante o \u201cgiro\u201d que passou pela casa de Sr. Etelvino da Cruz Prates, em agosto de 2022 \u2013 Carlos Chagas, Vale do Mucuri, no nordeste de Minas Gerais. A performance musical da festa foi liderada pelos \u201cmarcantes\u201d Reinaldo (voz e viol\u00e3o) e Souza (viola e voz). Nessa ocasi\u00e3o teve a participa\u00e7\u00e3o de Fabinha (pandeiro e voz), Tamiro (viol\u00e3o), Puba (voz e carregador da bandeira), Sarapi\u00e3o (caixa, prato e voz) e Paran\u00e1 (bumbo). As pessoas participantes, al\u00e9m de tocar instrumentos como o viol\u00e3o, bumbo, sanfona, caixa, pandeiro e pratos, cantam fazendo as \u201ccontra\u201d, vozes graves, e as \u201crequincas\u201d, vozes agudas.<\/figcaption><\/figure>\n\n\n\n<figure class=\"wp-block-image size-large\"><img decoding=\"async\" width=\"768\" height=\"1024\" src=\"https:\/\/mg.passadospresentes.com.br\/festas-e-modos-de-vida\/wp-content\/uploads\/sites\/3\/2025\/03\/Tiao-Supita-768x1024.jpeg\" alt=\"\" class=\"wp-image-896\" srcset=\"https:\/\/mg.passadospresentes.com.br\/festas-e-modos-de-vida\/wp-content\/uploads\/sites\/3\/2025\/03\/Tiao-Supita-768x1024.jpeg 768w, https:\/\/mg.passadospresentes.com.br\/festas-e-modos-de-vida\/wp-content\/uploads\/sites\/3\/2025\/03\/Tiao-Supita-225x300.jpeg 225w, https:\/\/mg.passadospresentes.com.br\/festas-e-modos-de-vida\/wp-content\/uploads\/sites\/3\/2025\/03\/Tiao-Supita.jpeg 780w\" sizes=\"(max-width: 768px) 100vw, 768px\" \/><figcaption class=\"wp-element-caption\"><strong>T\u00edtulo da imagem:<\/strong>\u00a0Ti\u00e3o Supita da Folia \u2013 Santa Helena de Minas (MG)<br><strong>Acervo:<\/strong>\u00a0Andr\u00e9 Luiz Ribeiro de Ara\u00fajo<br><strong>Autor:\u00a0<\/strong>Andr\u00e9 Luiz Ribeiro de Ara\u00fajo<br><strong>Descri\u00e7\u00e3o:\u00a0<\/strong>Registro fotogr\u00e1fico do foli\u00e3o de 86 anos, Ti\u00e3o Supita, em sua casa durante a implementa\u00e7\u00e3o da Lei Aldir Blanc (n\u00ba14017) na cidade de Santa Helena de Minas (MG) em 2020. Ti\u00e3o Supita, como \u00e9 conhecido, Sebasti\u00e3o Rosa Pereira da Silva, nasceu em Pedra Azul (MG), no Vale do Jequitinhonha (MG). Assim como muitos outros cantadores de Folia entrevistados no Vale do Mucuri (MG), migrou do Vale do Jequitinhonha (MG) para o Vale do Mucuri (MG) nas primeiras d\u00e9cadas do s\u00e9culo XX para se tornar agregado de fazendeiros da regi\u00e3o. Ti\u00e3o Supita participa das festas de Folia desde crian\u00e7a e nos \u00faltimos 20 anos t\u00eam incorporado \u00e0 sua festa alguns ind\u00edgenas Maxakali da cidade de Santa Helena de Minas no Vale do Mucuri (MG).<\/figcaption><\/figure>\n\n\n\n<figure class=\"wp-block-image size-large\"><img loading=\"lazy\" decoding=\"async\" width=\"1024\" height=\"768\" src=\"https:\/\/mg.passadospresentes.com.br\/festas-e-modos-de-vida\/wp-content\/uploads\/sites\/3\/2025\/03\/FOLIA-DE-BOM-JESUS-DA-LAPA-1024x768.jpg\" alt=\"\" class=\"wp-image-897\" srcset=\"https:\/\/mg.passadospresentes.com.br\/festas-e-modos-de-vida\/wp-content\/uploads\/sites\/3\/2025\/03\/FOLIA-DE-BOM-JESUS-DA-LAPA-1024x768.jpg 1024w, https:\/\/mg.passadospresentes.com.br\/festas-e-modos-de-vida\/wp-content\/uploads\/sites\/3\/2025\/03\/FOLIA-DE-BOM-JESUS-DA-LAPA-300x225.jpg 300w, https:\/\/mg.passadospresentes.com.br\/festas-e-modos-de-vida\/wp-content\/uploads\/sites\/3\/2025\/03\/FOLIA-DE-BOM-JESUS-DA-LAPA-768x576.jpg 768w, https:\/\/mg.passadospresentes.com.br\/festas-e-modos-de-vida\/wp-content\/uploads\/sites\/3\/2025\/03\/FOLIA-DE-BOM-JESUS-DA-LAPA-1536x1152.jpg 1536w, https:\/\/mg.passadospresentes.com.br\/festas-e-modos-de-vida\/wp-content\/uploads\/sites\/3\/2025\/03\/FOLIA-DE-BOM-JESUS-DA-LAPA-2048x1536.jpg 2048w\" sizes=\"(max-width: 1024px) 100vw, 1024px\" \/><figcaption class=\"wp-element-caption\"><strong>T\u00edtulo da imagem:<\/strong>\u00a0Folia de Bom Jesus da Lapa \u2013 Carlos Chagas, Vale do Mucuri (MG).<br><strong>Acervo:\u00a0<\/strong>Andr\u00e9 Luiz Ribeiro de Ara\u00fajo<br><strong>Autor:\u00a0<\/strong>Andr\u00e9 Luiz Ribeiro de Ara\u00fajo<br><strong>Descri\u00e7\u00e3o:\u00a0<\/strong>Festa de Folia de Bom Jesus da Lapa em Carlos Chagas, Vale do Mucuri no nordeste mineiro no dia 06 de agosto de 2012. O registro foi realizado durante o giro da fFolia na casa de Dona Branca e contou com a presen\u00e7a dos cantadores de fFolia j\u00e1 falecidos: Ab\u00edlio em 2016 e Joaquim Caboclo e Mestre Dema, em 2019. Os outros, Sarapi\u00e3o, Tamiro, Ligeirinho e Reinaldo continuam atuantes nas festas de Folias da cidade at\u00e9 hoje em dia. No registro, os foli\u00f5es aparecem em uma sala estreita cantando as modalidades de vozes agudas e graves (contra e requincas). Ao mesmo tempo que cantam, tocam viol\u00e3o, pandeiro e caixa, a dona da casa segura a bandeira da festa em louvor ao santo e em respeito \u00e0 tradi\u00e7\u00e3o local.<\/figcaption><\/figure>\n\n\n\n<figure class=\"wp-block-image size-large\"><img loading=\"lazy\" decoding=\"async\" width=\"768\" height=\"1024\" src=\"https:\/\/mg.passadospresentes.com.br\/festas-e-modos-de-vida\/wp-content\/uploads\/sites\/3\/2025\/03\/PRESEPIO-768x1024.jpeg\" alt=\"\" class=\"wp-image-898\" srcset=\"https:\/\/mg.passadospresentes.com.br\/festas-e-modos-de-vida\/wp-content\/uploads\/sites\/3\/2025\/03\/PRESEPIO-768x1024.jpeg 768w, https:\/\/mg.passadospresentes.com.br\/festas-e-modos-de-vida\/wp-content\/uploads\/sites\/3\/2025\/03\/PRESEPIO-225x300.jpeg 225w, https:\/\/mg.passadospresentes.com.br\/festas-e-modos-de-vida\/wp-content\/uploads\/sites\/3\/2025\/03\/PRESEPIO.jpeg 780w\" sizes=\"(max-width: 768px) 100vw, 768px\" \/><figcaption class=\"wp-element-caption\"><strong>T\u00edtulo da imagem:<\/strong>\u00a0Pres\u00e9pio \u2013 o dia de rezar o Ter\u00e7o<br><strong>Acervo:\u00a0<\/strong>Andr\u00e9 Luiz Ribeiro de Ara\u00fajo<br><strong>Autor:<\/strong>\u00a0Andr\u00e9 Luiz Ribeiro de Ara\u00fajo<br><strong>Descri\u00e7\u00e3o:<\/strong>\u00a0Os pres\u00e9pios s\u00e3o montados a partir do per\u00edodo natalino e configuram como cen\u00e1rio onde o menino Jesus teria nascido e recebido a visita dos \u201cTr\u00eas Reis Magos\u201d. Esses Magos aparecem na passagem b\u00edblica no livro de Mateus (2: 1-16) guiados por uma estrela at\u00e9 Jesus a quem foi doado presentes (ouro, incenso e mirra). \u00c9 diante deste cen\u00e1rio, montado dentro das casas que as pessoas devotas rezam o Ter\u00e7o, costumeiramente em dias de Santos Reis ou S\u00e3o Sebasti\u00e3o. Este registro foi realizado no dia 20 de janeiro de 2021 (dia de S\u00e3o Sebasti\u00e3o) na casa de L\u00e9o da Folia na cidade de Santa Helena de Minas no Vale do Mucuri (MG). Ap\u00f3s a reza do Ter\u00e7o, distribui\u00e7\u00e3o de alimentos, bebidas, a queima de fogos de artif\u00edcio, acontece o levantamento p\u00fablico da bandeira com a imagem do santo no mastro.<\/figcaption><\/figure>\n\n\n\n<figure class=\"wp-block-image size-large\"><img loading=\"lazy\" decoding=\"async\" width=\"768\" height=\"1024\" src=\"https:\/\/mg.passadospresentes.com.br\/festas-e-modos-de-vida\/wp-content\/uploads\/sites\/3\/2025\/03\/MASCARADOS-768x1024.jpeg\" alt=\"\" class=\"wp-image-899\" srcset=\"https:\/\/mg.passadospresentes.com.br\/festas-e-modos-de-vida\/wp-content\/uploads\/sites\/3\/2025\/03\/MASCARADOS-768x1024.jpeg 768w, https:\/\/mg.passadospresentes.com.br\/festas-e-modos-de-vida\/wp-content\/uploads\/sites\/3\/2025\/03\/MASCARADOS-225x300.jpeg 225w, https:\/\/mg.passadospresentes.com.br\/festas-e-modos-de-vida\/wp-content\/uploads\/sites\/3\/2025\/03\/MASCARADOS.jpeg 960w\" sizes=\"(max-width: 768px) 100vw, 768px\" \/><figcaption class=\"wp-element-caption\"><strong>T\u00edtulo da imagem:<\/strong>\u00a0Os Ladr\u00f5es da Bandeira \u2013 Santa Helena de Minas no Vale do Mucuri (MG)<br><strong>Acervo:<\/strong>\u00a0Andr\u00e9 Luiz Ribeiro de Ara\u00fajo<br><strong>Autor:<\/strong>\u00a0Desconhecido.<br><strong>Descri\u00e7\u00e3o:\u00a0<\/strong>Os Ladr\u00f5es da bandeira s\u00e3o brincantes da pr\u00f3pria comunidade e seu papel \u00e9 divertir a comunidade devota do santo. O registro \u00e9 do ano de 2023. No \u00faltimo dia da festa de Folia de S\u00e3o Sebasti\u00e3o, no dia 20 de janeiro, rezam o Ter\u00e7o e levantam a bandeira do santo. Ap\u00f3s o levantamento da bandeira, o \u201cLadr\u00e3o\u201d, sem que ningu\u00e9m saiba, a rouba. Estes ficam por um ano no anonimato e somente no ano seguinte, no dia 20 de janeiro, aparecem mascarados e com a bandeira roubada. Em lugar p\u00fablico, os festeiros e os Ladr\u00f5es da bandeira re\u00fanem a comunidade e fazem a encena\u00e7\u00e3o do julgamento dos Ladr\u00f5es perante o juiz e advogados imag\u00e9ticos em um clima de muita chacota. Revelada a identidade dos Ladr\u00f5es da bandeira, suas puni\u00e7\u00f5es costumam ser convertidas em pagamentos de mantimentos como bebidas, alimentos e fogos de artif\u00edcio, para colaborar com o desenvolvimento da festa.<\/figcaption><\/figure>\n\n\n\n<p><\/p>\n","protected":false},"excerpt":{"rendered":"<p>Por Andr\u00e9 Luiz Ribeiro de Ara\u00fajo As festas de Folias est\u00e3o presentes em v\u00e1rios estados brasileiros, como Minas Gerais, S\u00e3o Paulo, Rio de Janeiro, Paran\u00e1, Mato Grosso do Sul, Goi\u00e1s, etc. Em uma alus\u00e3o aos Reis Magos, os grupos performantes em torno destas festas, podem ser denominados na cosmovis\u00e3o dos \u201creisados\u201d, como ternos, caravanas, companhias [&hellip;]<\/p>\n","protected":false},"author":6,"featured_media":1486,"comment_status":"open","ping_status":"open","sticky":false,"template":"","format":"standard","meta":{"_acf_changed":false,"footnotes":""},"categories":[29],"tags":[],"class_list":["post-1485","post","type-post","status-publish","format-standard","has-post-thumbnail","hentry","category-destaque"],"acf":[],"_links":{"self":[{"href":"https:\/\/mg.passadospresentes.com.br\/festas-e-modos-de-vida\/wp-json\/wp\/v2\/posts\/1485","targetHints":{"allow":["GET"]}}],"collection":[{"href":"https:\/\/mg.passadospresentes.com.br\/festas-e-modos-de-vida\/wp-json\/wp\/v2\/posts"}],"about":[{"href":"https:\/\/mg.passadospresentes.com.br\/festas-e-modos-de-vida\/wp-json\/wp\/v2\/types\/post"}],"author":[{"embeddable":true,"href":"https:\/\/mg.passadospresentes.com.br\/festas-e-modos-de-vida\/wp-json\/wp\/v2\/users\/6"}],"replies":[{"embeddable":true,"href":"https:\/\/mg.passadospresentes.com.br\/festas-e-modos-de-vida\/wp-json\/wp\/v2\/comments?post=1485"}],"version-history":[{"count":1,"href":"https:\/\/mg.passadospresentes.com.br\/festas-e-modos-de-vida\/wp-json\/wp\/v2\/posts\/1485\/revisions"}],"predecessor-version":[{"id":1487,"href":"https:\/\/mg.passadospresentes.com.br\/festas-e-modos-de-vida\/wp-json\/wp\/v2\/posts\/1485\/revisions\/1487"}],"wp:featuredmedia":[{"embeddable":true,"href":"https:\/\/mg.passadospresentes.com.br\/festas-e-modos-de-vida\/wp-json\/wp\/v2\/media\/1486"}],"wp:attachment":[{"href":"https:\/\/mg.passadospresentes.com.br\/festas-e-modos-de-vida\/wp-json\/wp\/v2\/media?parent=1485"}],"wp:term":[{"taxonomy":"category","embeddable":true,"href":"https:\/\/mg.passadospresentes.com.br\/festas-e-modos-de-vida\/wp-json\/wp\/v2\/categories?post=1485"},{"taxonomy":"post_tag","embeddable":true,"href":"https:\/\/mg.passadospresentes.com.br\/festas-e-modos-de-vida\/wp-json\/wp\/v2\/tags?post=1485"}],"curies":[{"name":"wp","href":"https:\/\/api.w.org\/{rel}","templated":true}]}}