{"id":1481,"date":"2025-05-09T18:34:11","date_gmt":"2025-05-09T21:34:11","guid":{"rendered":"https:\/\/mg.passadospresentes.com.br\/festas-e-modos-de-vida\/?p=1481"},"modified":"2025-05-09T18:34:12","modified_gmt":"2025-05-09T21:34:12","slug":"reinados-e-congados-do-campo-das-vertentes","status":"publish","type":"post","link":"https:\/\/mg.passadospresentes.com.br\/festas-e-modos-de-vida\/destaque\/reinados-e-congados-do-campo-das-vertentes\/","title":{"rendered":"Reinados e Congados do Campo das Vertentes"},"content":{"rendered":"\n<p><strong>Por Samuel Pereira Avelar J\u00fanior<\/strong><\/p>\n\n\n\n<p>A Festa do Ros\u00e1rio da comunidade de S\u00e3o Dimas acontece desde o in\u00edcio da d\u00e9cada de 1970 em S\u00e3o Jo\u00e3o del-Rei (MG). O bairro de S\u00e3o Dimas possui um hist\u00f3rico de luta comunit\u00e1ria, marcado pela atua\u00e7\u00e3o da Associa\u00e7\u00e3o de Moradores, formada na d\u00e9cada de 1960. Um de seus principais l\u00edderes, o capit\u00e3o de Congado Lu\u00eds Santana, fundou o Catup\u00e9 de Nossa Senhora do Ros\u00e1rio. No in\u00edcio da d\u00e9cada de 1970, uma divis\u00e3o no grupo resultou na cria\u00e7\u00e3o de um novo Catup\u00e9, liderado pelo capit\u00e3o Jos\u00e9 Camilo.<\/p>\n\n\n\n<p>Ao longo dos anos, esses dois grupos tornaram-se espa\u00e7os de afirma\u00e7\u00e3o e continuidade dos saberes ancestrais das popula\u00e7\u00f5es negras, mantendo vivas as celebra\u00e7\u00f5es ao Reino do Congo e as pr\u00e1ticas das religiosidades africanas. A rela\u00e7\u00e3o entre pol\u00edtica e Congado na comunidade tamb\u00e9m se evidencia na cria\u00e7\u00e3o do Partido dos Trabalhadores (PT) de S\u00e3o Jo\u00e3o del-Rei, que teve sua funda\u00e7\u00e3o na casa da Rainha Conga Maria da Gl\u00f3ria, com a participa\u00e7\u00e3o de diversos membros dos grupos de Congado e da Associa\u00e7\u00e3o de Moradores.<\/p>\n\n\n\n<p>No final da d\u00e9cada de 1990 e in\u00edcio dos anos 2000, com o falecimento dos dois capit\u00e3es, um novo grupo foi fundado sob a lideran\u00e7a de Z\u00e9 Mineiro e Maria Auxiliadora M\u00e1rtir, recebendo o nome de Mo\u00e7ambique e Catup\u00e9 de Nossa Senhora do Ros\u00e1rio. Nas primeiras d\u00e9cadas dos anos 2000, a lideran\u00e7a principal ficou a cargo da Capitua Maria Auxiliadora. Com a chegada de novos integrantes, como Mayara, Mercedes e Rodolfo, o grupo se fortaleceu ainda mais, conquistando maior acesso a editais de fomento cultural p\u00fablico.<\/p>\n\n\n\n<p>A Festa do Ros\u00e1rio ocorre anualmente no m\u00eas de setembro. Com o falecimento da Capitua Maria Auxiliadora, a lideran\u00e7a passou para seu irm\u00e3o, Sidney Rafael dos Santos, filho do Capit\u00e3o Jos\u00e9 Camilo e da Rainha Conga Maria da Gl\u00f3ria, que atualmente ocupa o cargo de Capit\u00e3o. A continuidade dessa celebra\u00e7\u00e3o demonstra como as sabedorias religiosas e pol\u00edticas africanas seguem vivas no tempo presente, ressignificadas por novas gera\u00e7\u00f5es e fortalecidas pela atua\u00e7\u00e3o comunit\u00e1ria e pelos processos de resist\u00eancia cultural.<\/p>\n\n\n\n<figure class=\"wp-block-image size-full\"><img fetchpriority=\"high\" decoding=\"async\" width=\"944\" height=\"531\" src=\"https:\/\/mg.passadospresentes.com.br\/festas-e-modos-de-vida\/wp-content\/uploads\/sites\/3\/2025\/03\/Capitua-Maria-Auxiliadora-Martir.png\" alt=\"\" class=\"wp-image-1051\" srcset=\"https:\/\/mg.passadospresentes.com.br\/festas-e-modos-de-vida\/wp-content\/uploads\/sites\/3\/2025\/03\/Capitua-Maria-Auxiliadora-Martir.png 944w, https:\/\/mg.passadospresentes.com.br\/festas-e-modos-de-vida\/wp-content\/uploads\/sites\/3\/2025\/03\/Capitua-Maria-Auxiliadora-Martir-300x169.png 300w, https:\/\/mg.passadospresentes.com.br\/festas-e-modos-de-vida\/wp-content\/uploads\/sites\/3\/2025\/03\/Capitua-Maria-Auxiliadora-Martir-768x432.png 768w\" sizes=\"(max-width: 944px) 100vw, 944px\" \/><figcaption class=\"wp-element-caption\"><strong>T\u00edtulo da imagem:\u00a0<\/strong>Capitua Maria Auxiliadora M\u00e1rtir.<br><strong>Acervo:<\/strong>\u00a0Disserta\u00e7\u00e3o Mestrado de Samuel Avelar Jr. : \u201cBeira mar \u00f4, a Congada \u00e9 coisa de Preto Velho\u201d \u2013 Mem\u00f3ria e Consci\u00eancia Hist\u00f3rica: a festa do Ros\u00e1rio na comunidade S\u00e3o Dimas (S\u00e3o Jo\u00e3o del-Rei \u2013 MG).<br><strong>Autor:<\/strong>\u00a0Samuel Avelar Jr.<br><strong>Descri\u00e7\u00e3o:<\/strong>\u00a0Capitua do Mo\u00e7ambique Catup\u00e9 Nossa Senhora do Ros\u00e1rio e S\u00e3o<br>Benedito \u2013 Comunidade S\u00e3o Dimas, S\u00e3o Jo\u00e3o del-Rei, MG. 15\/05\/2016. S\u00e3o Jo\u00e3o del-Rei, bairro S\u00e3o Dimas (Fotoframe).<\/figcaption><\/figure>\n\n\n\n<figure class=\"wp-block-image size-full\"><img decoding=\"async\" width=\"916\" height=\"522\" src=\"https:\/\/mg.passadospresentes.com.br\/festas-e-modos-de-vida\/wp-content\/uploads\/sites\/3\/2025\/03\/Dona-Merces.png\" alt=\"\" class=\"wp-image-1052\" srcset=\"https:\/\/mg.passadospresentes.com.br\/festas-e-modos-de-vida\/wp-content\/uploads\/sites\/3\/2025\/03\/Dona-Merces.png 916w, https:\/\/mg.passadospresentes.com.br\/festas-e-modos-de-vida\/wp-content\/uploads\/sites\/3\/2025\/03\/Dona-Merces-300x171.png 300w, https:\/\/mg.passadospresentes.com.br\/festas-e-modos-de-vida\/wp-content\/uploads\/sites\/3\/2025\/03\/Dona-Merces-768x438.png 768w\" sizes=\"(max-width: 916px) 100vw, 916px\" \/><figcaption class=\"wp-element-caption\"><strong>T\u00edtulo da imagem:<\/strong>\u00a0Bandereira Merc\u00eas Maria de Oliveira<br><strong>Acervo:\u00a0<\/strong>Disserta\u00e7\u00e3o Mestrado de Samuel Avelar Jr. : \u201cBeira mar \u00f4, a Congada \u00e9 coisa de Preto Velho\u201d \u2013 Mem\u00f3ria e Consci\u00eancia Hist\u00f3rica: a festa do Ros\u00e1rio na comunidade S\u00e3o Dimas (S\u00e3o Jo\u00e3o del-Rei \u2013 MG).<br><strong>Autor:<\/strong>\u00a0Samuel Avelar Jr.<br><strong>Descri\u00e7\u00e3o:<\/strong>\u00a0Merc\u00eas Maria de Oliveira Lima: Bandeireira do Mo\u00e7ambique Catup\u00e9 Nossa Senhora do Ros\u00e1rio e S\u00e3o Benedito \u2013 S\u00e3o Jo\u00e3o del-Rei \u2013 MG. Comunidade S\u00e3o Dimas. Samuel Avelar Jr. 27\/07\/2018. S\u00e3o Jo\u00e3o del-Rei, bairro Senhor dos Montes (Fotoframe).<\/figcaption><\/figure>\n\n\n\n<figure class=\"wp-block-image size-full\"><img decoding=\"async\" width=\"912\" height=\"511\" src=\"https:\/\/mg.passadospresentes.com.br\/festas-e-modos-de-vida\/wp-content\/uploads\/sites\/3\/2025\/03\/Ze-Mineiro-1.png\" alt=\"\" class=\"wp-image-1054\" srcset=\"https:\/\/mg.passadospresentes.com.br\/festas-e-modos-de-vida\/wp-content\/uploads\/sites\/3\/2025\/03\/Ze-Mineiro-1.png 912w, https:\/\/mg.passadospresentes.com.br\/festas-e-modos-de-vida\/wp-content\/uploads\/sites\/3\/2025\/03\/Ze-Mineiro-1-300x168.png 300w, https:\/\/mg.passadospresentes.com.br\/festas-e-modos-de-vida\/wp-content\/uploads\/sites\/3\/2025\/03\/Ze-Mineiro-1-768x430.png 768w\" sizes=\"(max-width: 912px) 100vw, 912px\" \/><figcaption class=\"wp-element-caption\"><strong>T\u00edtulo da imagem:<\/strong>\u00a0Z\u00e9 Mineiro, Lutero Castorino da Silva.<br><strong>Acervo:<\/strong>\u00a0Disserta\u00e7\u00e3o Mestrado de Samuel Avelar Jr. : \u201cBeira mar \u00f4, a Congada \u00e9 coisa de Preto Velho\u201d \u2013 Mem\u00f3ria e Consci\u00eancia Hist\u00f3rica: a festa do Ros\u00e1rio na comunidade S\u00e3o Dimas (S\u00e3o Jo\u00e3o del-Rei \u2013 MG).<br><strong>Autor:<\/strong>\u00a0Samuel Avelar Jr.<br><strong>Descri\u00e7\u00e3o:<\/strong>\u00a0Lutero Castorino da Silva. Radialista e Capit\u00e3o de Congado de diferentes guardas em S\u00e3o Jo\u00e3o del \u2013 Rei- MG. Samuel Avelar Jr. 16\/08\/2018. S\u00e3o Jo\u00e3o del-Rei, bairro Matosinhos (Fotoframe).<\/figcaption><\/figure>\n\n\n\n<figure class=\"wp-block-image size-full\"><img loading=\"lazy\" decoding=\"async\" width=\"911\" height=\"511\" src=\"https:\/\/mg.passadospresentes.com.br\/festas-e-modos-de-vida\/wp-content\/uploads\/sites\/3\/2025\/03\/Congado-da-Maria.png\" alt=\"\" class=\"wp-image-1055\" srcset=\"https:\/\/mg.passadospresentes.com.br\/festas-e-modos-de-vida\/wp-content\/uploads\/sites\/3\/2025\/03\/Congado-da-Maria.png 911w, https:\/\/mg.passadospresentes.com.br\/festas-e-modos-de-vida\/wp-content\/uploads\/sites\/3\/2025\/03\/Congado-da-Maria-300x168.png 300w, https:\/\/mg.passadospresentes.com.br\/festas-e-modos-de-vida\/wp-content\/uploads\/sites\/3\/2025\/03\/Congado-da-Maria-768x431.png 768w\" sizes=\"(max-width: 911px) 100vw, 911px\" \/><figcaption class=\"wp-element-caption\"><strong>T\u00edtulo da imagem:\u00a0<\/strong>Mo\u00e7ambique Catup\u00e9 Nossa Senhora do Ros\u00e1rio e S\u00e3o Benedito na Festa do Ros\u00e1rio da comunidade S\u00e3o Dimas.<br><strong>Acervo:<\/strong>\u00a0Disserta\u00e7\u00e3o Mestrado de Samuel Avelar Jr. : \u201cBeira mar \u00f4, a Congada \u00e9 coisa de Preto Velho\u201d \u2013 Mem\u00f3ria e Consci\u00eancia Hist\u00f3rica: a festa do Ros\u00e1rio na comunidade S\u00e3o Dimas (S\u00e3o Jo\u00e3o del-Rei \u2013 MG).<br><strong>Autor:<\/strong>\u00a0Samuel Avelar Jr.<br><strong>Descri\u00e7\u00e3o:\u00a0<\/strong>Capela de Nossa Senhora do Ros\u00e1rio do bairro S\u00e3o Dimas \/ Samuel Avelar Jr. 16\/08\/2018. S\u00e3o Jo\u00e3o del-Rei, bairro Matosinhos (Fotoframe).<\/figcaption><\/figure>\n\n\n\n<figure class=\"wp-block-image size-full\"><img loading=\"lazy\" decoding=\"async\" width=\"910\" height=\"512\" src=\"https:\/\/mg.passadospresentes.com.br\/festas-e-modos-de-vida\/wp-content\/uploads\/sites\/3\/2025\/03\/Kigongo-Ijaci.png\" alt=\"\" class=\"wp-image-1056\" srcset=\"https:\/\/mg.passadospresentes.com.br\/festas-e-modos-de-vida\/wp-content\/uploads\/sites\/3\/2025\/03\/Kigongo-Ijaci.png 910w, https:\/\/mg.passadospresentes.com.br\/festas-e-modos-de-vida\/wp-content\/uploads\/sites\/3\/2025\/03\/Kigongo-Ijaci-300x169.png 300w, https:\/\/mg.passadospresentes.com.br\/festas-e-modos-de-vida\/wp-content\/uploads\/sites\/3\/2025\/03\/Kigongo-Ijaci-768x432.png 768w\" sizes=\"(max-width: 910px) 100vw, 910px\" \/><figcaption class=\"wp-element-caption\"><strong>T\u00edtulo da imagem:\u00a0<\/strong>Capitua Maria Auxiliadora festeja com o Terno Kicongo de Ijaci-MG.<br><strong>Acervo:\u00a0<\/strong>Disserta\u00e7\u00e3o Mestrado de Samuel Avelar Jr. : \u201cBeira mar \u00f4, a Congada \u00e9 coisa de Preto Velho\u201d \u2013 Mem\u00f3ria e Consci\u00eancia Hist\u00f3rica: a festa do Ros\u00e1rio na comunidade S\u00e3o Dimas (S\u00e3o Jo\u00e3o del-Rei \u2013 MG).<br><strong>Autor:\u00a0<\/strong>Samuel Avelar Jr.<br><strong>Descri\u00e7\u00e3o:<\/strong>\u00a0Festa do Ros\u00e1rio S\u00e3o Dimas 2017 (Fotoframe) \/Samuel Avelar Jr.<\/figcaption><\/figure>\n\n\n\n<figure class=\"wp-block-image size-full\"><img loading=\"lazy\" decoding=\"async\" width=\"917\" height=\"513\" src=\"https:\/\/mg.passadospresentes.com.br\/festas-e-modos-de-vida\/wp-content\/uploads\/sites\/3\/2025\/03\/Congado-da-Maria-2.png\" alt=\"\" class=\"wp-image-1057\" srcset=\"https:\/\/mg.passadospresentes.com.br\/festas-e-modos-de-vida\/wp-content\/uploads\/sites\/3\/2025\/03\/Congado-da-Maria-2.png 917w, https:\/\/mg.passadospresentes.com.br\/festas-e-modos-de-vida\/wp-content\/uploads\/sites\/3\/2025\/03\/Congado-da-Maria-2-300x168.png 300w, https:\/\/mg.passadospresentes.com.br\/festas-e-modos-de-vida\/wp-content\/uploads\/sites\/3\/2025\/03\/Congado-da-Maria-2-768x430.png 768w\" sizes=\"(max-width: 917px) 100vw, 917px\" \/><figcaption class=\"wp-element-caption\"><strong>T\u00edtulo da imagem:\u00a0<\/strong>Mo\u00e7ambique e Catup\u00e9 Nossa Senhora do Ros\u00e1rio e S\u00e3o Benedito, da comunidade S\u00e3o Dias, S\u00e3o Jo\u00e3o del-Rei (MG)<br><strong>Acervo:\u00a0<\/strong>Disserta\u00e7\u00e3o Mestrado de Samuel Avelar Jr. : \u201cBeira mar \u00f4, a Congada \u00e9 coisa de Preto Velho\u201d \u2013 Mem\u00f3ria e Consci\u00eancia Hist\u00f3rica: a festa do Ros\u00e1rio na comunidade S\u00e3o Dimas (S\u00e3o Jo\u00e3o del-Rei \u2013 MG).<br><strong>Autor:\u00a0<\/strong>Samuel Avelar Jr.<br><strong>Descri\u00e7\u00e3o:<\/strong>\u00a0Samuel Avelar Jr. 17\/04\/2016. S\u00e3o Jo\u00e3o del-Rei, bairro S\u00e3o Dimas (Fotoframe)<\/figcaption><\/figure>\n\n\n\n<figure class=\"wp-block-image size-full\"><img loading=\"lazy\" decoding=\"async\" width=\"922\" height=\"514\" src=\"https:\/\/mg.passadospresentes.com.br\/festas-e-modos-de-vida\/wp-content\/uploads\/sites\/3\/2025\/03\/Embaixada-em-Itapecerica-.png\" alt=\"\" class=\"wp-image-1058\" srcset=\"https:\/\/mg.passadospresentes.com.br\/festas-e-modos-de-vida\/wp-content\/uploads\/sites\/3\/2025\/03\/Embaixada-em-Itapecerica-.png 922w, https:\/\/mg.passadospresentes.com.br\/festas-e-modos-de-vida\/wp-content\/uploads\/sites\/3\/2025\/03\/Embaixada-em-Itapecerica--300x167.png 300w, https:\/\/mg.passadospresentes.com.br\/festas-e-modos-de-vida\/wp-content\/uploads\/sites\/3\/2025\/03\/Embaixada-em-Itapecerica--768x428.png 768w\" sizes=\"(max-width: 922px) 100vw, 922px\" \/><figcaption class=\"wp-element-caption\"><strong>T\u00edtulo da imagem:<\/strong>\u00a0Ritual da Embaixada em Itapecerica \u2013 MG<br><strong>Acervo:<\/strong>\u00a0Disserta\u00e7\u00e3o Mestrado de Samuel Avelar Jr. : \u201cBeira mar \u00f4, a Congada \u00e9 coisa de Preto Velho\u201d \u2013 Mem\u00f3ria e Consci\u00eancia Hist\u00f3rica: a festa do Ros\u00e1rio na comunidade S\u00e3o Dimas (S\u00e3o Jo\u00e3o del-Rei \u2013 MG).<br><strong>Autor:<\/strong>\u00a0Samuel Avelar Jr.<br><strong>Descri\u00e7\u00e3o:<\/strong>\u00a0Capitua Maria Auxiliadora e Z\u00e9 Mineiro. Samuel Avelar Jr. \/ Festa do Ros\u00e1rio de Itapecerica-MG 2018 (Fotoframe).<\/figcaption><\/figure>\n\n\n\n<figure class=\"wp-block-image size-full\"><img loading=\"lazy\" decoding=\"async\" width=\"771\" height=\"507\" src=\"https:\/\/mg.passadospresentes.com.br\/festas-e-modos-de-vida\/wp-content\/uploads\/sites\/3\/2025\/03\/Festa-Sao-Dimas.png\" alt=\"\" class=\"wp-image-1059\" srcset=\"https:\/\/mg.passadospresentes.com.br\/festas-e-modos-de-vida\/wp-content\/uploads\/sites\/3\/2025\/03\/Festa-Sao-Dimas.png 771w, https:\/\/mg.passadospresentes.com.br\/festas-e-modos-de-vida\/wp-content\/uploads\/sites\/3\/2025\/03\/Festa-Sao-Dimas-300x197.png 300w, https:\/\/mg.passadospresentes.com.br\/festas-e-modos-de-vida\/wp-content\/uploads\/sites\/3\/2025\/03\/Festa-Sao-Dimas-768x505.png 768w\" sizes=\"(max-width: 771px) 100vw, 771px\" \/><figcaption class=\"wp-element-caption\"><strong>T\u00edtulo da imagem:\u00a0<\/strong>Festa do Ros\u00e1rio da comunidade S\u00e3o Dimas \u2013 S\u00e3o Jo\u00e3o del \u2013 Rei \u2013 MG (2017)<br><strong>Acervo:<\/strong>\u00a0Disserta\u00e7\u00e3o Mestrado de Samuel Avelar Jr. : \u201cBeira mar \u00f4, a Congada \u00e9 coisa de Preto Velho\u201d \u2013 Mem\u00f3ria e Consci\u00eancia Hist\u00f3rica: a festa do Ros\u00e1rio na comunidade S\u00e3o Dimas (S\u00e3o Jo\u00e3o del-Rei \u2013 MG).<br><strong>Autor:\u00a0<\/strong>Samuel Avelar Jr.<br><strong>Descri\u00e7\u00e3o:\u00a0<\/strong>Terno Kicongo de Ijaci-MG e logo a frente o Congado de Concei\u00e7\u00e3o da Barra de Minas.<\/figcaption><\/figure>\n\n\n\n<figure class=\"wp-block-image size-full\"><img loading=\"lazy\" decoding=\"async\" width=\"756\" height=\"426\" src=\"https:\/\/mg.passadospresentes.com.br\/festas-e-modos-de-vida\/wp-content\/uploads\/sites\/3\/2025\/03\/Retirada-dos-Mastros-Festa-Sao-Dimas-.png\" alt=\"\" class=\"wp-image-1060\" srcset=\"https:\/\/mg.passadospresentes.com.br\/festas-e-modos-de-vida\/wp-content\/uploads\/sites\/3\/2025\/03\/Retirada-dos-Mastros-Festa-Sao-Dimas-.png 756w, https:\/\/mg.passadospresentes.com.br\/festas-e-modos-de-vida\/wp-content\/uploads\/sites\/3\/2025\/03\/Retirada-dos-Mastros-Festa-Sao-Dimas--300x169.png 300w\" sizes=\"(max-width: 756px) 100vw, 756px\" \/><figcaption class=\"wp-element-caption\"><strong>T\u00edtulo da imagem:\u00a0<\/strong>Retirada dos Mastros na festa do Ros\u00e1rio da comunidade S\u00e3o Dimas<br><strong>Acervo:\u00a0<\/strong>Disserta\u00e7\u00e3o Mestrado de Samuel Avelar Jr.: \u201cBeira mar \u00f4, a Congada \u00e9 coisa de Preto Velho\u201d \u2013 Mem\u00f3ria e Consci\u00eancia Hist\u00f3rica: a festa do Ros\u00e1rio na comunidade S\u00e3o Dimas (S\u00e3o Jo\u00e3o del-Rei \u2013 MG).<br><strong>Autor:<\/strong>\u00a0Samuel Avelar Jr.<br><strong>Descri\u00e7\u00e3o:<\/strong>\u00a0Terno Kicongo de Ijaci-MG e Mo\u00e7ambique e Catup\u00e9 S\u00e3o Dimas na retirada dos mastros. Samuel Avelar Jr. \/ Festa do Ros\u00e1rio do S\u00e3o Dimas 2017.<\/figcaption><\/figure>\n\n\n\n<figure class=\"wp-block-image size-full\"><img loading=\"lazy\" decoding=\"async\" width=\"761\" height=\"427\" src=\"https:\/\/mg.passadospresentes.com.br\/festas-e-modos-de-vida\/wp-content\/uploads\/sites\/3\/2025\/03\/Denucia-Capitua-Maria-.png\" alt=\"\" class=\"wp-image-1061\" srcset=\"https:\/\/mg.passadospresentes.com.br\/festas-e-modos-de-vida\/wp-content\/uploads\/sites\/3\/2025\/03\/Denucia-Capitua-Maria-.png 761w, https:\/\/mg.passadospresentes.com.br\/festas-e-modos-de-vida\/wp-content\/uploads\/sites\/3\/2025\/03\/Denucia-Capitua-Maria--300x168.png 300w\" sizes=\"(max-width: 761px) 100vw, 761px\" \/><figcaption class=\"wp-element-caption\"><strong>T\u00edtulo da imagem:\u00a0<\/strong>Den\u00fancia da Capitua Maria Auxiliadora M\u00e1rtir: \u201cO Congado n\u00e3o pode entrar na Igreja Nossa Senhora do Ros\u00e1rio de S\u00e3o Jo\u00e3o del \u2013 Rei.<br><strong>Acervo:\u00a0<\/strong>Disserta\u00e7\u00e3o Mestrado de Samuel Avelar Jr. : \u201cBeira mar \u00f4, a Congada \u00e9 coisa de Preto Velho\u201d \u2013 Mem\u00f3ria e Consci\u00eancia Hist\u00f3rica: a festa do Ros\u00e1rio na comunidade S\u00e3o Dimas (S\u00e3o Jo\u00e3o del-Rei \u2013 MG).<br><strong>Autor:<\/strong>\u00a0Samuel Avelar Jr.<br><strong>Descri\u00e7\u00e3o:\u00a0<\/strong>Capitua Maria Auxiliadora cantando em frente a Igreja do Ros\u00e1rio de S\u00e3o Jo\u00e3o del-Rei. 30\u00ba Festival de Inverno UFSJ.<\/figcaption><\/figure>\n\n\n\n<figure class=\"wp-block-image size-full\"><img loading=\"lazy\" decoding=\"async\" width=\"759\" height=\"429\" src=\"https:\/\/mg.passadospresentes.com.br\/festas-e-modos-de-vida\/wp-content\/uploads\/sites\/3\/2025\/03\/Frase-Festa-do-Rosario.png\" alt=\"\" class=\"wp-image-1062\" srcset=\"https:\/\/mg.passadospresentes.com.br\/festas-e-modos-de-vida\/wp-content\/uploads\/sites\/3\/2025\/03\/Frase-Festa-do-Rosario.png 759w, https:\/\/mg.passadospresentes.com.br\/festas-e-modos-de-vida\/wp-content\/uploads\/sites\/3\/2025\/03\/Frase-Festa-do-Rosario-300x170.png 300w\" sizes=\"(max-width: 759px) 100vw, 759px\" \/><figcaption class=\"wp-element-caption\"><strong>T\u00edtulo da imagem:<\/strong>\u00a0\u201cValorizar as diferen\u00e7as e cultivar a igualdade. A teimosia nos ensina a resistir\u201d.<br><strong>Acervo:\u00a0<\/strong>Disserta\u00e7\u00e3o Mestrado de Samuel Avelar Jr. : \u201cBeira mar \u00f4, a Congada \u00e9 coisa de Preto Velho\u201d \u2013 Mem\u00f3ria e Consci\u00eancia Hist\u00f3rica: a festa do Ros\u00e1rio na comunidade S\u00e3o Dimas (S\u00e3o Jo\u00e3o del-Rei \u2013 MG).<br><strong>Autor:<\/strong>\u00a0Samuel Avelar Jr.<br><strong>Descri\u00e7\u00e3o:\u00a0<\/strong>Cartaz do espa\u00e7o de vendas de produtos artesanatos e religiosos produzidos pelo grupo Mo\u00e7ambique e Catup\u00e9 na comunidade S\u00e3o Dimas \u2013 S\u00e3o Jo\u00e3o del \u2013 Rei. Samuel Avelar Jr. Festa do Ros\u00e1rio 2018 (Fotoframe).<\/figcaption><\/figure>\n","protected":false},"excerpt":{"rendered":"<p>Por Samuel Pereira Avelar J\u00fanior A Festa do Ros\u00e1rio da comunidade de S\u00e3o Dimas acontece desde o in\u00edcio da d\u00e9cada de 1970 em S\u00e3o Jo\u00e3o del-Rei (MG). O bairro de S\u00e3o Dimas possui um hist\u00f3rico de luta comunit\u00e1ria, marcado pela atua\u00e7\u00e3o da Associa\u00e7\u00e3o de Moradores, formada na d\u00e9cada de 1960. Um de seus principais l\u00edderes, [&hellip;]<\/p>\n","protected":false},"author":6,"featured_media":1482,"comment_status":"open","ping_status":"open","sticky":false,"template":"","format":"standard","meta":{"_acf_changed":false,"footnotes":""},"categories":[29],"tags":[],"class_list":["post-1481","post","type-post","status-publish","format-standard","has-post-thumbnail","hentry","category-destaque"],"acf":[],"_links":{"self":[{"href":"https:\/\/mg.passadospresentes.com.br\/festas-e-modos-de-vida\/wp-json\/wp\/v2\/posts\/1481","targetHints":{"allow":["GET"]}}],"collection":[{"href":"https:\/\/mg.passadospresentes.com.br\/festas-e-modos-de-vida\/wp-json\/wp\/v2\/posts"}],"about":[{"href":"https:\/\/mg.passadospresentes.com.br\/festas-e-modos-de-vida\/wp-json\/wp\/v2\/types\/post"}],"author":[{"embeddable":true,"href":"https:\/\/mg.passadospresentes.com.br\/festas-e-modos-de-vida\/wp-json\/wp\/v2\/users\/6"}],"replies":[{"embeddable":true,"href":"https:\/\/mg.passadospresentes.com.br\/festas-e-modos-de-vida\/wp-json\/wp\/v2\/comments?post=1481"}],"version-history":[{"count":1,"href":"https:\/\/mg.passadospresentes.com.br\/festas-e-modos-de-vida\/wp-json\/wp\/v2\/posts\/1481\/revisions"}],"predecessor-version":[{"id":1483,"href":"https:\/\/mg.passadospresentes.com.br\/festas-e-modos-de-vida\/wp-json\/wp\/v2\/posts\/1481\/revisions\/1483"}],"wp:featuredmedia":[{"embeddable":true,"href":"https:\/\/mg.passadospresentes.com.br\/festas-e-modos-de-vida\/wp-json\/wp\/v2\/media\/1482"}],"wp:attachment":[{"href":"https:\/\/mg.passadospresentes.com.br\/festas-e-modos-de-vida\/wp-json\/wp\/v2\/media?parent=1481"}],"wp:term":[{"taxonomy":"category","embeddable":true,"href":"https:\/\/mg.passadospresentes.com.br\/festas-e-modos-de-vida\/wp-json\/wp\/v2\/categories?post=1481"},{"taxonomy":"post_tag","embeddable":true,"href":"https:\/\/mg.passadospresentes.com.br\/festas-e-modos-de-vida\/wp-json\/wp\/v2\/tags?post=1481"}],"curies":[{"name":"wp","href":"https:\/\/api.w.org\/{rel}","templated":true}]}}