{"id":1474,"date":"2025-05-09T17:59:38","date_gmt":"2025-05-09T20:59:38","guid":{"rendered":"https:\/\/mg.passadospresentes.com.br\/festas-e-modos-de-vida\/?p=1474"},"modified":"2025-05-09T17:59:38","modified_gmt":"2025-05-09T20:59:38","slug":"bumba-meu-boi-do-maranhao","status":"publish","type":"post","link":"https:\/\/mg.passadospresentes.com.br\/festas-e-modos-de-vida\/destaque\/bumba-meu-boi-do-maranhao\/","title":{"rendered":"Bumba meu boi do Maranh\u00e3o"},"content":{"rendered":"\n<p><strong>Por Carolina Martins<\/strong><\/p>\n\n\n\n<p>O Bumba meu boi \u00e9 uma manifesta\u00e7\u00e3o cultural encontrada em diferentes partes do pa\u00eds, inclusive em Minas Gerais. Em geral, a brincadeira consiste na representa\u00e7\u00e3o da morte e ressurrei\u00e7\u00e3o de um boi e apresenta como personagens o Pai Francisco, a M\u00e3e Catirina, o amo da fazenda, os ind\u00edgenas e outros, que podem variar de acordo com a regi\u00e3o e com o grupo que organiza o cord\u00e3o. Apesar das imagens serem referentes \u00e0 brincadeira maranhense, elas trazem elementos que podem nos ajudar a compreender a constitui\u00e7\u00e3o de rela\u00e7\u00f5es afro ind\u00edgenas no passado e as formas como essas rela\u00e7\u00f5es s\u00e3o comumente representadas nas manifesta\u00e7\u00f5es da cultura popular brasileira e mineira.<\/p>\n\n\n\n<figure class=\"wp-block-image size-full\"><img fetchpriority=\"high\" decoding=\"async\" width=\"482\" height=\"321\" src=\"https:\/\/mg.passadospresentes.com.br\/festas-e-modos-de-vida\/wp-content\/uploads\/sites\/3\/2025\/03\/Indias-do-Boi-de-Iguaiba.jpg\" alt=\"\" class=\"wp-image-905\" srcset=\"https:\/\/mg.passadospresentes.com.br\/festas-e-modos-de-vida\/wp-content\/uploads\/sites\/3\/2025\/03\/Indias-do-Boi-de-Iguaiba.jpg 482w, https:\/\/mg.passadospresentes.com.br\/festas-e-modos-de-vida\/wp-content\/uploads\/sites\/3\/2025\/03\/Indias-do-Boi-de-Iguaiba-300x200.jpg 300w\" sizes=\"(max-width: 482px) 100vw, 482px\" \/><figcaption class=\"wp-element-caption\"><strong>T\u00edtulo da imagem:\u00a0<\/strong>\u00cdndias do Boi de Igua\u00edba<br><strong>Acervo:<\/strong>\u00a0Carolina Martins<br><strong>Autora:<\/strong>\u00a0Carolina Martins<br><strong>Descri\u00e7\u00e3o:<\/strong>\u00a0As \u00edndias do boi s\u00e3o personagens presentes na brincadeira do bumba meu boi maranhense. Na imagem, observa-se a presen\u00e7a de quatro jovens integrantes do grupo Bumba meu boi de Igua\u00edba vestidas de \u00edndias do boi, na ocasi\u00e3o das festividades de S\u00e3o Mar\u00e7al, em S\u00e3o Lu\u00eds do Maranh\u00e3o.<\/figcaption><\/figure>\n\n\n\n<figure class=\"wp-block-image size-full\"><img decoding=\"async\" width=\"572\" height=\"523\" src=\"https:\/\/mg.passadospresentes.com.br\/festas-e-modos-de-vida\/wp-content\/uploads\/sites\/3\/2025\/03\/Pai-Francisco.jpg\" alt=\"\" class=\"wp-image-906\" srcset=\"https:\/\/mg.passadospresentes.com.br\/festas-e-modos-de-vida\/wp-content\/uploads\/sites\/3\/2025\/03\/Pai-Francisco.jpg 572w, https:\/\/mg.passadospresentes.com.br\/festas-e-modos-de-vida\/wp-content\/uploads\/sites\/3\/2025\/03\/Pai-Francisco-300x274.jpg 300w\" sizes=\"(max-width: 572px) 100vw, 572px\" \/><figcaption class=\"wp-element-caption\"><strong>T\u00edtulo da imagem:<\/strong>\u00a0Pai Francisco realizando a matan\u00e7a do boi<br><strong>Acervo:<\/strong>\u00a0Carolina Martins<br><strong>Autora:<\/strong>\u00a0Carolina Martins<br><strong>Descri\u00e7\u00e3o:\u00a0<\/strong>No ciclo do bumba meu boi, h\u00e1 um ritual denominado de morte de boi. Esse ritual apresenta varia\u00e7\u00f5es, conforme a regi\u00e3o em que \u00e9 realizado. Na imagem a seguir, o personagem Pai Francisco efetua a morte do boi, denominada de \u201cmorte de esbandalhar\u201d, que consiste na quebra do boi brinquedo. Suas partes s\u00e3o divididas, de forma teatral, aos participantes do ritual. A morte de boi registrada na imagem foi realizada na sede do Boi de Cajapi\u00f3, localizada em S\u00e3o Lu\u00eds do Maranh\u00e3o.<\/figcaption><\/figure>\n\n\n\n<figure class=\"wp-block-image size-large\"><img decoding=\"async\" width=\"1024\" height=\"681\" src=\"https:\/\/mg.passadospresentes.com.br\/festas-e-modos-de-vida\/wp-content\/uploads\/sites\/3\/2025\/03\/Indias-do-Boi-de-Pindare-1024x681.jpg\" alt=\"\" class=\"wp-image-907\" srcset=\"https:\/\/mg.passadospresentes.com.br\/festas-e-modos-de-vida\/wp-content\/uploads\/sites\/3\/2025\/03\/Indias-do-Boi-de-Pindare-1024x681.jpg 1024w, https:\/\/mg.passadospresentes.com.br\/festas-e-modos-de-vida\/wp-content\/uploads\/sites\/3\/2025\/03\/Indias-do-Boi-de-Pindare-300x200.jpg 300w, https:\/\/mg.passadospresentes.com.br\/festas-e-modos-de-vida\/wp-content\/uploads\/sites\/3\/2025\/03\/Indias-do-Boi-de-Pindare-768x511.jpg 768w, https:\/\/mg.passadospresentes.com.br\/festas-e-modos-de-vida\/wp-content\/uploads\/sites\/3\/2025\/03\/Indias-do-Boi-de-Pindare-1536x1022.jpg 1536w, https:\/\/mg.passadospresentes.com.br\/festas-e-modos-de-vida\/wp-content\/uploads\/sites\/3\/2025\/03\/Indias-do-Boi-de-Pindare-2048x1362.jpg 2048w\" sizes=\"(max-width: 1024px) 100vw, 1024px\" \/><figcaption class=\"wp-element-caption\"><strong>T\u00edtulo da imagem:\u00a0<\/strong>\u00cdndias do Boi de Pindar\u00e9<br><strong>Acervo:\u00a0<\/strong>Bumba meu boi de Pindar\u00e9<br><strong>Autor:\u00a0<\/strong>Pablo Monteiro<br><strong>Descri\u00e7\u00e3o:<\/strong>\u00a0Na imagem, observa-se duas jovens representando as \u00edndias do boi segurando o boi brinquedo em uma apresenta\u00e7\u00e3o do grupo Boi de Pindar\u00e9, em um arraial junino na cidade de S\u00e3o Lu\u00eds do Maranh\u00e3o<\/figcaption><\/figure>\n\n\n\n<p><\/p>\n\n\n\n<figure class=\"wp-block-image size-large\"><img loading=\"lazy\" decoding=\"async\" width=\"1024\" height=\"683\" src=\"https:\/\/mg.passadospresentes.com.br\/festas-e-modos-de-vida\/wp-content\/uploads\/sites\/3\/2025\/03\/Seu-Antonio-de-Marciro-1024x683.jpg\" alt=\"\" class=\"wp-image-908\" srcset=\"https:\/\/mg.passadospresentes.com.br\/festas-e-modos-de-vida\/wp-content\/uploads\/sites\/3\/2025\/03\/Seu-Antonio-de-Marciro-1024x683.jpg 1024w, https:\/\/mg.passadospresentes.com.br\/festas-e-modos-de-vida\/wp-content\/uploads\/sites\/3\/2025\/03\/Seu-Antonio-de-Marciro-300x200.jpg 300w, https:\/\/mg.passadospresentes.com.br\/festas-e-modos-de-vida\/wp-content\/uploads\/sites\/3\/2025\/03\/Seu-Antonio-de-Marciro-768x512.jpg 768w, https:\/\/mg.passadospresentes.com.br\/festas-e-modos-de-vida\/wp-content\/uploads\/sites\/3\/2025\/03\/Seu-Antonio-de-Marciro-1536x1024.jpg 1536w, https:\/\/mg.passadospresentes.com.br\/festas-e-modos-de-vida\/wp-content\/uploads\/sites\/3\/2025\/03\/Seu-Antonio-de-Marciro-2048x1365.jpg 2048w\" sizes=\"(max-width: 1024px) 100vw, 1024px\" \/><figcaption class=\"wp-element-caption\"><strong>T\u00edtulo da imagem:\u00a0<\/strong>Rokran Akro\u00e1 Gamella\/Ant\u00f4nio de Marciro<br><strong>Acervo:<\/strong>\u00a0Carolina Martins<br><strong>Autora:\u00a0<\/strong>Carolina Martins<br><strong>Descri\u00e7\u00e3o:<\/strong>\u00a0Na imagem, o mestre Rokran Akro\u00e1 Gamella, tamb\u00e9m conhecido como Ant\u00f4nio de Marciro, do povo ind\u00edgena Akro\u00e1 Gamela. Ele \u00e9 o patr\u00e3o do boi Uni\u00e3o do Povo\/Turma de Santeiro. O registro foi feito na T.I Taquaritiua, no munic\u00edpio de Viana-MA.<\/figcaption><\/figure>\n\n\n\n<figure class=\"wp-block-image size-full\"><img loading=\"lazy\" decoding=\"async\" width=\"369\" height=\"368\" src=\"https:\/\/mg.passadospresentes.com.br\/festas-e-modos-de-vida\/wp-content\/uploads\/sites\/3\/2025\/03\/Mae-Marlene-.jpeg\" alt=\"\" class=\"wp-image-960\" srcset=\"https:\/\/mg.passadospresentes.com.br\/festas-e-modos-de-vida\/wp-content\/uploads\/sites\/3\/2025\/03\/Mae-Marlene-.jpeg 369w, https:\/\/mg.passadospresentes.com.br\/festas-e-modos-de-vida\/wp-content\/uploads\/sites\/3\/2025\/03\/Mae-Marlene--300x300.jpeg 300w, https:\/\/mg.passadospresentes.com.br\/festas-e-modos-de-vida\/wp-content\/uploads\/sites\/3\/2025\/03\/Mae-Marlene--150x150.jpeg 150w\" sizes=\"(max-width: 369px) 100vw, 369px\" \/><figcaption class=\"wp-element-caption\"><strong>T\u00edtulo da imagem:<\/strong>\u00a0M\u00e3e Marlene Souza<br><strong>Acervo:<\/strong>\u00a0Carolina Martins<br><strong>Autor<\/strong>: Desconhecido<br><strong>Descri\u00e7\u00e3o:\u00a0<\/strong>Na Amaz\u00f4nia brasileira, nas religi\u00f5es de matriz africana\/afroind\u00edgena considera-se a exist\u00eancia dos Encantados, entidades espirituais recebidas em transe medi\u00fanico. S\u00e3o caboclos, \u00edndios, gentis (nobres) ou voduns e que, geralmente, se apresentam como pessoas que j\u00e1 tiveram vida terrena e que, por algum motivo misterioso, desapareceram, ou seja, se encantaram. Muitos tamb\u00e9m se apresentam como encantados em forma de animais, como p\u00e1ssaros, on\u00e7as, lagartixas, cobras, botos, etc. As Encantarias (ou Encantaria) s\u00e3o os lugares onde vivem os Encantados. Uma Encantaria pode ser um rio, uma praia, uma pedra, um lago, a mata. Na imagem, a m\u00e3e de santo Marlene Souza, da Tenda Esp\u00edrita Umbandista da Cabocla Jurema, localizada em S\u00e3o Lu\u00eds, incorporada com uma encantada.<\/figcaption><\/figure>\n","protected":false},"excerpt":{"rendered":"<p>Por Carolina Martins O Bumba meu boi \u00e9 uma manifesta\u00e7\u00e3o cultural encontrada em diferentes partes do pa\u00eds, inclusive em Minas Gerais. Em geral, a brincadeira consiste na representa\u00e7\u00e3o da morte e ressurrei\u00e7\u00e3o de um boi e apresenta como personagens o Pai Francisco, a M\u00e3e Catirina, o amo da fazenda, os ind\u00edgenas e outros, que podem [&hellip;]<\/p>\n","protected":false},"author":6,"featured_media":1475,"comment_status":"open","ping_status":"open","sticky":false,"template":"","format":"standard","meta":{"_acf_changed":false,"footnotes":""},"categories":[29],"tags":[],"class_list":["post-1474","post","type-post","status-publish","format-standard","has-post-thumbnail","hentry","category-destaque"],"acf":[],"_links":{"self":[{"href":"https:\/\/mg.passadospresentes.com.br\/festas-e-modos-de-vida\/wp-json\/wp\/v2\/posts\/1474","targetHints":{"allow":["GET"]}}],"collection":[{"href":"https:\/\/mg.passadospresentes.com.br\/festas-e-modos-de-vida\/wp-json\/wp\/v2\/posts"}],"about":[{"href":"https:\/\/mg.passadospresentes.com.br\/festas-e-modos-de-vida\/wp-json\/wp\/v2\/types\/post"}],"author":[{"embeddable":true,"href":"https:\/\/mg.passadospresentes.com.br\/festas-e-modos-de-vida\/wp-json\/wp\/v2\/users\/6"}],"replies":[{"embeddable":true,"href":"https:\/\/mg.passadospresentes.com.br\/festas-e-modos-de-vida\/wp-json\/wp\/v2\/comments?post=1474"}],"version-history":[{"count":1,"href":"https:\/\/mg.passadospresentes.com.br\/festas-e-modos-de-vida\/wp-json\/wp\/v2\/posts\/1474\/revisions"}],"predecessor-version":[{"id":1476,"href":"https:\/\/mg.passadospresentes.com.br\/festas-e-modos-de-vida\/wp-json\/wp\/v2\/posts\/1474\/revisions\/1476"}],"wp:featuredmedia":[{"embeddable":true,"href":"https:\/\/mg.passadospresentes.com.br\/festas-e-modos-de-vida\/wp-json\/wp\/v2\/media\/1475"}],"wp:attachment":[{"href":"https:\/\/mg.passadospresentes.com.br\/festas-e-modos-de-vida\/wp-json\/wp\/v2\/media?parent=1474"}],"wp:term":[{"taxonomy":"category","embeddable":true,"href":"https:\/\/mg.passadospresentes.com.br\/festas-e-modos-de-vida\/wp-json\/wp\/v2\/categories?post=1474"},{"taxonomy":"post_tag","embeddable":true,"href":"https:\/\/mg.passadospresentes.com.br\/festas-e-modos-de-vida\/wp-json\/wp\/v2\/tags?post=1474"}],"curies":[{"name":"wp","href":"https:\/\/api.w.org\/{rel}","templated":true}]}}