{"id":1467,"date":"2025-05-09T17:36:42","date_gmt":"2025-05-09T20:36:42","guid":{"rendered":"https:\/\/mg.passadospresentes.com.br\/festas-e-modos-de-vida\/?p=1467"},"modified":"2025-05-09T17:36:43","modified_gmt":"2025-05-09T20:36:43","slug":"saberes-do-rosario-em-cambuquira","status":"publish","type":"post","link":"https:\/\/mg.passadospresentes.com.br\/festas-e-modos-de-vida\/destaque\/saberes-do-rosario-em-cambuquira\/","title":{"rendered":"Saberes do Ros\u00e1rio em Cambuquira"},"content":{"rendered":"\n<p><strong>Por Simone de Assis<\/strong><\/p>\n\n\n\n<p>\u201cOlha o Congo de Minas\/Congo de Minas Gerais\/Nessa terra quem tem f\u00e9 e \u00e9 filho de Congo\/Balan\u00e7a, mas n\u00e3o cai.\u201d&nbsp;<\/p>\n\n\n\n<p>Em Cambuquira, ao<a href=\"https:\/\/youtu.be\/v2Q-lbQh87g?si=j372ohnx4V2JYN6j\">&nbsp;Sul de Minas Gerais,<\/a>&nbsp;o modo de vida das pessoas conectadas aos saberes do Ros\u00e1rio acontece por meio do ciclo festivo e cosmol\u00f3gico, que ocorre entre os meses de abril e novembro. Os detentores culturais desta viv\u00eancia fazem parte da Irmandade Nossa Senhora do Ros\u00e1rio \u2013 INSR e do Terno de Congada Nossa Senhora do Ros\u00e1rio e S\u00e3o Benedito \u2013 Fam\u00edlia dos Gatos.<\/p>\n\n\n\n<p>O ciclo do Ros\u00e1rio se abre no S\u00e1bado de Aleluia, em conson\u00e2ncia com o calend\u00e1rio lunar e com pr\u00e1ticas afro-religiosas. Acontece a reza do ter\u00e7o e ritos internos, depois, os toques e dan\u00e7as congadeiras ganham a dimens\u00e3o do espa\u00e7o p\u00fablico na cidade. No dia seguinte, no Domingo de P\u00e1scoa, h\u00e1 ensaios e a sequ\u00eancia da abertura do tempo sagrado.&nbsp;<\/p>\n\n\n\n<p>Os Congados cambuquirenses cumprem compromissos de f\u00e9 junto \u00e0 Festa de S\u00e3o Benedito em Aparecida do Norte, na terra e santu\u00e1rio da santa preta, em S\u00e3o Paulo. Geralmente este evento \u00e9 realizado no m\u00eas de abril. Consideramos que se trata de um dos maiores encontros congadeiros do Brasil.<\/p>\n\n\n\n<p>O pr\u00f3ximo ato de f\u00e9 dos grupos do Ros\u00e1rio em Cambuquira, \u00e9 fundamentado pela ancestralidade do dia 13 de maio, quando a comunidade congadeira promove a Festa da Aboli\u00e7\u00e3o e do Congo Velho, em mem\u00f3ria aos saberes afro-diasp\u00f3ricos que sobreviveram aos terr\u00edveis processos da escraviza\u00e7\u00e3o. Al\u00e9m disso, lutaram pelo direito \u00e0 liberdade e \u00e0 cidadania.&nbsp;&nbsp;&nbsp;<\/p>\n\n\n\n<p>A comunidade congadeira participa de um circuito de viagens entre os meses de abril, junho, julho, agosto e setembro, a fim de celebrar as festas dos Reinados e Congados das cidades mineiras de Nat\u00e9rcia, Machado, Jesu\u00e2nia, Silvian\u00f3polis, Turvol\u00e2ndia, Esp\u00edrito Santo Dourado, S\u00e3o Jo\u00e3o da Mata, dentre outras.&nbsp;<\/p>\n\n\n\n<p>A Festa do Ros\u00e1rio cambuquirense ocorre no m\u00eas de outubro, no intervalo de sete dias. Trata-se do tempo de maior conflu\u00eancia ancestral, em que os mastros (Minkisi) de Nossa Senhora do Ros\u00e1rio, da INSR, e, o mastro de S\u00e3o Benedito, do terno de S\u00e3o Benedito e Nossa Senhora do Ros\u00e1rio, s\u00e3o levantados no per\u00edodo da festividade. Os Minkisi ativam os quadrantes do interior da terra e do c\u00e9u, em uma esp\u00e9cie de portal sagrado, na conflu\u00eancia de mundos entre humanos, n\u00e3o humanos e ancestrais. H\u00e1 caf\u00e9s e almo\u00e7o festivos pela cidade. Reinados, Congados e Congadas de outras localidades participam e prestigiam o s\u00e9timo e \u00faltimo dia da festa, no domingo. Momento em que ocorre a descida dos mastros e os procedimentos que d\u00e3o in\u00edcio aos rituais de encerramento do ciclo cosmol\u00f3gico daquele ano.&nbsp;&nbsp;<\/p>\n\n\n\n<p>Em novembro, no m\u00eas da Consci\u00eancia Negra, a prefeitura de Cambuquira promovia a Festa das Congadas. Todavia, nos \u00faltimos anos, ocorreu a Roda de Congo, organizada pela Associa\u00e7\u00e3o Cultural Afro-Cambuquirense. \u00c9 neste m\u00eas, em conflu\u00eancia com os movimentos sociais de negritude, que ocorre a conclus\u00e3o do ciclo sagrado e festivo na territorialidade cambuquirense, fechando o tempo do Ros\u00e1rio at\u00e9 o pr\u00f3ximo ano. Salve Maria!<\/p>\n\n\n\n<figure class=\"wp-block-image size-large\"><img fetchpriority=\"high\" decoding=\"async\" width=\"1024\" height=\"782\" src=\"https:\/\/mg.passadospresentes.com.br\/festas-e-modos-de-vida\/wp-content\/uploads\/sites\/3\/2025\/03\/Mastros-1024x782.jpg\" alt=\"\" class=\"wp-image-848\" srcset=\"https:\/\/mg.passadospresentes.com.br\/festas-e-modos-de-vida\/wp-content\/uploads\/sites\/3\/2025\/03\/Mastros-1024x782.jpg 1024w, https:\/\/mg.passadospresentes.com.br\/festas-e-modos-de-vida\/wp-content\/uploads\/sites\/3\/2025\/03\/Mastros-300x229.jpg 300w, https:\/\/mg.passadospresentes.com.br\/festas-e-modos-de-vida\/wp-content\/uploads\/sites\/3\/2025\/03\/Mastros-768x586.jpg 768w, https:\/\/mg.passadospresentes.com.br\/festas-e-modos-de-vida\/wp-content\/uploads\/sites\/3\/2025\/03\/Mastros.jpg 1280w\" sizes=\"(max-width: 1024px) 100vw, 1024px\" \/><figcaption class=\"wp-element-caption\"><strong>T\u00edtulo da imagem:\u00a0<\/strong>Mastros que anunciam o tempo da Festa do Ros\u00e1rio e de S\u00e3o Benedito em Cambuquira-MG<br><strong>Acervo:\u00a0<\/strong>Irmandade Nossa Senhora do Ros\u00e1rio de Cambuquira-MG<br><strong>Autora:<\/strong>\u00a0Aline Guerra<br><strong>Descri\u00e7\u00e3o:\u00a0<\/strong>O enquadramento fotogr\u00e1fico mostra o portal estabelecido pela cultura material e imaterial dos mastros (Minkisi) de S\u00e3o Benedito e Nossa Senhora do Ros\u00e1rio, tendo ao centro a guarda do Congo Irmandade Nossa Senhora do Ros\u00e1rio, na festa do Ros\u00e1rio em Cambuquira.<\/figcaption><\/figure>\n\n\n\n<figure class=\"wp-block-image size-full\"><img decoding=\"async\" width=\"650\" height=\"487\" src=\"https:\/\/mg.passadospresentes.com.br\/festas-e-modos-de-vida\/wp-content\/uploads\/sites\/3\/2025\/03\/Tempo-de-festejar-.jpeg\" alt=\"\" class=\"wp-image-852\" srcset=\"https:\/\/mg.passadospresentes.com.br\/festas-e-modos-de-vida\/wp-content\/uploads\/sites\/3\/2025\/03\/Tempo-de-festejar-.jpeg 650w, https:\/\/mg.passadospresentes.com.br\/festas-e-modos-de-vida\/wp-content\/uploads\/sites\/3\/2025\/03\/Tempo-de-festejar--300x225.jpeg 300w\" sizes=\"(max-width: 650px) 100vw, 650px\" \/><figcaption class=\"wp-element-caption\"><strong>T\u00edtulo da imagem:<\/strong>\u00a0Cambuquira em festa: Viva Nossa Senhora do Ros\u00e1rio! Viva S\u00e3o Benedito!<br><strong>Acervo:\u00a0<\/strong>Irmandade Nossa Senhora do Ros\u00e1rio e Terno de Congada Nossa Senhora do Ros\u00e1rio e S\u00e3o Benedito \u2013 Fam\u00edlia dos Gatos<br><strong>Autora:<\/strong>\u00a0Aline Guerra<br><strong>Descri\u00e7\u00e3o:<\/strong>\u00a0Festa do Ros\u00e1rio em Cambuquira, realizada na igreja de Nossa Senhora do Ros\u00e1rio e S\u00e3o Benedito, em outubro de 2023.<\/figcaption><\/figure>\n\n\n\n<figure class=\"wp-block-image size-large\"><img decoding=\"async\" width=\"1024\" height=\"857\" src=\"https:\/\/mg.passadospresentes.com.br\/festas-e-modos-de-vida\/wp-content\/uploads\/sites\/3\/2025\/03\/Irmandade-Nossa-Senhora-do-Rosario-1024x857.jpeg\" alt=\"\" class=\"wp-image-854\" srcset=\"https:\/\/mg.passadospresentes.com.br\/festas-e-modos-de-vida\/wp-content\/uploads\/sites\/3\/2025\/03\/Irmandade-Nossa-Senhora-do-Rosario-1024x857.jpeg 1024w, https:\/\/mg.passadospresentes.com.br\/festas-e-modos-de-vida\/wp-content\/uploads\/sites\/3\/2025\/03\/Irmandade-Nossa-Senhora-do-Rosario-300x251.jpeg 300w, https:\/\/mg.passadospresentes.com.br\/festas-e-modos-de-vida\/wp-content\/uploads\/sites\/3\/2025\/03\/Irmandade-Nossa-Senhora-do-Rosario-768x643.jpeg 768w, https:\/\/mg.passadospresentes.com.br\/festas-e-modos-de-vida\/wp-content\/uploads\/sites\/3\/2025\/03\/Irmandade-Nossa-Senhora-do-Rosario-1536x1285.jpeg 1536w, https:\/\/mg.passadospresentes.com.br\/festas-e-modos-de-vida\/wp-content\/uploads\/sites\/3\/2025\/03\/Irmandade-Nossa-Senhora-do-Rosario.jpeg 1600w\" sizes=\"(max-width: 1024px) 100vw, 1024px\" \/><figcaption class=\"wp-element-caption\"><strong>T\u00edtulo da imagem:\u00a0<\/strong>Irmandade Nossa Senhora do Ros\u00e1rio<br><strong>Acervo:\u00a0<\/strong>Irmandade Nossa Senhora do Ros\u00e1rio<br><strong>Autora:<\/strong>\u00a0Aline Guerra<br><strong>Descri\u00e7\u00e3o:<\/strong>\u00a0Irmandade Nossa Senhora do Ros\u00e1rio na Festa das Congadas em Cambuquira MG. Novembro de 2023.<\/figcaption><\/figure>\n\n\n\n<figure class=\"wp-block-image size-full\"><img loading=\"lazy\" decoding=\"async\" width=\"753\" height=\"809\" src=\"https:\/\/mg.passadospresentes.com.br\/festas-e-modos-de-vida\/wp-content\/uploads\/sites\/3\/2025\/03\/Terno-de-Congada-Nossa-Senhora-do-Rosario-e-Sao-Benedito-1-1.jpeg\" alt=\"\" class=\"wp-image-856\" srcset=\"https:\/\/mg.passadospresentes.com.br\/festas-e-modos-de-vida\/wp-content\/uploads\/sites\/3\/2025\/03\/Terno-de-Congada-Nossa-Senhora-do-Rosario-e-Sao-Benedito-1-1.jpeg 753w, https:\/\/mg.passadospresentes.com.br\/festas-e-modos-de-vida\/wp-content\/uploads\/sites\/3\/2025\/03\/Terno-de-Congada-Nossa-Senhora-do-Rosario-e-Sao-Benedito-1-1-279x300.jpeg 279w\" sizes=\"(max-width: 753px) 100vw, 753px\" \/><figcaption class=\"wp-element-caption\"><strong>T\u00edtulo da imagem:<\/strong>\u00a0Terno de Congada Nossa Senhora do Ros\u00e1rio e S\u00e3o Benedito \u2013 Fam\u00edlia dos Gatos<br><strong>Acervo:<\/strong>\u00a0Terno de Congada Nossa Senhora do Ros\u00e1rio e S\u00e3o Benedito \u2013 Fam\u00edlia dos Gatos<br><strong>Autora:\u00a0<\/strong>Aline Guerra<br><strong>Descri\u00e7\u00e3o:<\/strong>\u00a0Terno de Congada Nossa Senhora do Ros\u00e1rio e S\u00e3o Benedito, da<br>Fam\u00edlia dos Gatos, na Festa das Congadas em Cambuquira-MG. Novembro de 2023.<\/figcaption><\/figure>\n\n\n\n<figure class=\"wp-block-image size-large\"><img loading=\"lazy\" decoding=\"async\" width=\"1024\" height=\"768\" src=\"https:\/\/mg.passadospresentes.com.br\/festas-e-modos-de-vida\/wp-content\/uploads\/sites\/3\/2025\/03\/Reinado-Congo-em-Cambuquira--1024x768.jpeg\" alt=\"\" class=\"wp-image-857\" srcset=\"https:\/\/mg.passadospresentes.com.br\/festas-e-modos-de-vida\/wp-content\/uploads\/sites\/3\/2025\/03\/Reinado-Congo-em-Cambuquira--1024x768.jpeg 1024w, https:\/\/mg.passadospresentes.com.br\/festas-e-modos-de-vida\/wp-content\/uploads\/sites\/3\/2025\/03\/Reinado-Congo-em-Cambuquira--300x225.jpeg 300w, https:\/\/mg.passadospresentes.com.br\/festas-e-modos-de-vida\/wp-content\/uploads\/sites\/3\/2025\/03\/Reinado-Congo-em-Cambuquira--768x576.jpeg 768w, https:\/\/mg.passadospresentes.com.br\/festas-e-modos-de-vida\/wp-content\/uploads\/sites\/3\/2025\/03\/Reinado-Congo-em-Cambuquira--1536x1152.jpeg 1536w, https:\/\/mg.passadospresentes.com.br\/festas-e-modos-de-vida\/wp-content\/uploads\/sites\/3\/2025\/03\/Reinado-Congo-em-Cambuquira-.jpeg 1600w\" sizes=\"(max-width: 1024px) 100vw, 1024px\" \/><figcaption class=\"wp-element-caption\"><strong>T\u00edtulo da imagem:\u00a0<\/strong>Reinado Congo<br><strong>Acervo:<\/strong>\u00a0Irmandade Nossa Senhora do Ros\u00e1rio e Terno de Congada Nossa Senhora do Ros\u00e1rio e S\u00e3o Benedito \u2013 Fam\u00edlia dos Gatos<br><strong>Autora:\u00a0<\/strong>Aline Guerra<br><strong>Descri\u00e7\u00e3o:<\/strong>\u00a0Rainha Conga Larissa Gatti e Rei Congo Leandro Barros no Reinado Congo em Cambuquira-MG, com a presen\u00e7a de grupos dos munic\u00edpios de Campanha, Lambari, Concei\u00e7\u00e3o do Rio Verde, al\u00e9m dos ternos cambuquirenses. Novembro de 2023.<\/figcaption><\/figure>\n","protected":false},"excerpt":{"rendered":"<p>Por Simone de Assis \u201cOlha o Congo de Minas\/Congo de Minas Gerais\/Nessa terra quem tem f\u00e9 e \u00e9 filho de Congo\/Balan\u00e7a, mas n\u00e3o cai.\u201d&nbsp; Em Cambuquira, ao&nbsp;Sul de Minas Gerais,&nbsp;o modo de vida das pessoas conectadas aos saberes do Ros\u00e1rio acontece por meio do ciclo festivo e cosmol\u00f3gico, que ocorre entre os meses de abril [&hellip;]<\/p>\n","protected":false},"author":6,"featured_media":1468,"comment_status":"open","ping_status":"open","sticky":false,"template":"","format":"standard","meta":{"_acf_changed":false,"footnotes":""},"categories":[29],"tags":[],"class_list":["post-1467","post","type-post","status-publish","format-standard","has-post-thumbnail","hentry","category-destaque"],"acf":[],"_links":{"self":[{"href":"https:\/\/mg.passadospresentes.com.br\/festas-e-modos-de-vida\/wp-json\/wp\/v2\/posts\/1467","targetHints":{"allow":["GET"]}}],"collection":[{"href":"https:\/\/mg.passadospresentes.com.br\/festas-e-modos-de-vida\/wp-json\/wp\/v2\/posts"}],"about":[{"href":"https:\/\/mg.passadospresentes.com.br\/festas-e-modos-de-vida\/wp-json\/wp\/v2\/types\/post"}],"author":[{"embeddable":true,"href":"https:\/\/mg.passadospresentes.com.br\/festas-e-modos-de-vida\/wp-json\/wp\/v2\/users\/6"}],"replies":[{"embeddable":true,"href":"https:\/\/mg.passadospresentes.com.br\/festas-e-modos-de-vida\/wp-json\/wp\/v2\/comments?post=1467"}],"version-history":[{"count":1,"href":"https:\/\/mg.passadospresentes.com.br\/festas-e-modos-de-vida\/wp-json\/wp\/v2\/posts\/1467\/revisions"}],"predecessor-version":[{"id":1469,"href":"https:\/\/mg.passadospresentes.com.br\/festas-e-modos-de-vida\/wp-json\/wp\/v2\/posts\/1467\/revisions\/1469"}],"wp:featuredmedia":[{"embeddable":true,"href":"https:\/\/mg.passadospresentes.com.br\/festas-e-modos-de-vida\/wp-json\/wp\/v2\/media\/1468"}],"wp:attachment":[{"href":"https:\/\/mg.passadospresentes.com.br\/festas-e-modos-de-vida\/wp-json\/wp\/v2\/media?parent=1467"}],"wp:term":[{"taxonomy":"category","embeddable":true,"href":"https:\/\/mg.passadospresentes.com.br\/festas-e-modos-de-vida\/wp-json\/wp\/v2\/categories?post=1467"},{"taxonomy":"post_tag","embeddable":true,"href":"https:\/\/mg.passadospresentes.com.br\/festas-e-modos-de-vida\/wp-json\/wp\/v2\/tags?post=1467"}],"curies":[{"name":"wp","href":"https:\/\/api.w.org\/{rel}","templated":true}]}}