{"id":1459,"date":"2025-05-09T17:15:59","date_gmt":"2025-05-09T20:15:59","guid":{"rendered":"https:\/\/mg.passadospresentes.com.br\/festas-e-modos-de-vida\/?p=1459"},"modified":"2025-05-28T22:15:20","modified_gmt":"2025-05-29T01:15:20","slug":"festa-de-maio-de-piedade-do-rio-grande","status":"publish","type":"post","link":"https:\/\/mg.passadospresentes.com.br\/festas-e-modos-de-vida\/destaque\/festa-de-maio-de-piedade-do-rio-grande\/","title":{"rendered":"Festa de Maio de Piedade do Rio Grande"},"content":{"rendered":"\n<p><strong>Por L\u00edvia Nascimento Monteiro<\/strong><\/p>\n\n\n\n<p>A festa de maio na cidade de Piedade do Rio Grande, regi\u00e3o do campo das vertentes do estado de Minas, acontece desde 1928, organizada pela Associa\u00e7\u00e3o de Congada e Mo\u00e7ambique de Nossa Senhora do Ros\u00e1rio e Nossa Senhora das Merc\u00eas desde essa \u00e9poca. A Associa\u00e7\u00e3o foi fundada por descendentes de ex-escravizados que moravam na regi\u00e3o desde a segunda metade do s\u00e9culo XIX e que mantinham rela\u00e7\u00f5es de sociabilidades e amizade com os irm\u00e3os do Ros\u00e1rio da irmandade do Ros\u00e1rio de Ibertioga, cidade vizinha \u00e0 Piedade, onde tamb\u00e9m acontecem os festejos at\u00e9 os dias atuais, no m\u00eas de setembro. Em Piedade, a festa \u00e9 parte do calend\u00e1rio tur\u00edstico e religioso da cidade e se transformou em patrim\u00f4nio imaterial do munic\u00edpio. O grupo de mais de cem homens negros, vestidos com suas camisetas produzidas para a festa a cada ano, rompe com o barulho da caixa e canta em louvor \u00e0 S\u00e3o Benedito no primeiro dia da festa, sempre na \u00faltima sexta-feira do m\u00eas de maio. No s\u00e1bado, com suas roupas brancas, chap\u00e9us com fitas azuis e rosa e toalhas na cintura, esses mesmos homens louvam e festejam a f\u00e9 em Nossa Senhora das Merc\u00eas. \u00c0 noite, os mesmos homens congadeiros transvestem-se em mo\u00e7ambiqueiros e o guizo no p\u00e9, a manguara na m\u00e3o e o len\u00e7o amarrado na cabe\u00e7a avisam que chegou a hora de brincar o mo\u00e7ambique e saudar Nossa Senhora do Ros\u00e1rio, o que acontece por todo domingo. Nos tr\u00eas dias de festa acontecem as prociss\u00f5es, chamada de reis, missas conga e a coroa\u00e7\u00e3o e cortejo do rei e rainha congos pela cidade. A lideran\u00e7a \u00e9 exercida pelos capit\u00e3es, que puxam os cantos e comandam a festa, sob a prote\u00e7\u00e3o do rei e rainha congos. As mem\u00f3rias da escravid\u00e3o e do passado afro-diasp\u00f3rico dos ancestrais congadeiros s\u00e3o cantadas, relembradas, ritualizadas e presentes na festa de maio.&nbsp;<\/p>\n\n\n\n<p><\/p>\n\n\n\n<figure class=\"wp-block-image size-large\"><img fetchpriority=\"high\" decoding=\"async\" width=\"1024\" height=\"519\" src=\"https:\/\/mg.passadospresentes.com.br\/festas-e-modos-de-vida\/wp-content\/uploads\/sites\/3\/2025\/03\/Foto-1-1024x519.png\" alt=\"\" class=\"wp-image-1099\" srcset=\"https:\/\/mg.passadospresentes.com.br\/festas-e-modos-de-vida\/wp-content\/uploads\/sites\/3\/2025\/03\/Foto-1-1024x519.png 1024w, https:\/\/mg.passadospresentes.com.br\/festas-e-modos-de-vida\/wp-content\/uploads\/sites\/3\/2025\/03\/Foto-1-300x152.png 300w, https:\/\/mg.passadospresentes.com.br\/festas-e-modos-de-vida\/wp-content\/uploads\/sites\/3\/2025\/03\/Foto-1-768x390.png 768w, https:\/\/mg.passadospresentes.com.br\/festas-e-modos-de-vida\/wp-content\/uploads\/sites\/3\/2025\/03\/Foto-1-1536x779.png 1536w, https:\/\/mg.passadospresentes.com.br\/festas-e-modos-de-vida\/wp-content\/uploads\/sites\/3\/2025\/03\/Foto-1-2048x1039.png 2048w\" sizes=\"(max-width: 1024px) 100vw, 1024px\" \/><figcaption class=\"wp-element-caption\"><strong>T\u00edtulo da imagem:&nbsp;<\/strong>Fundadores da Associa\u00e7\u00e3o de Congada e Mo\u00e7ambique N.S. das Merc\u00eas e N.S. do Ros\u00e1rio de Piedade do Rio Grande, sem data.<br><strong>Acervo:<\/strong>&nbsp;Associa\u00e7\u00e3o de Congada e Mo\u00e7ambique N.S. das Merc\u00eas e N.S. do Ros\u00e1rio de Piedade do Rio Grande<br><strong>Autor:&nbsp;<\/strong>Sem autoria.<br><strong>Descri\u00e7\u00e3o<\/strong>: A foto \u00e9 posada, em local indefinido e tem a presen\u00e7a dos integrantes da primeira gera\u00e7\u00e3o da Associa\u00e7\u00e3o de Congada e Mo\u00e7ambique de Piedade do Rio Grande, Minas Gerais. Os nomes dos integrantes s\u00e3o: em p\u00e9, da esquerda para a direita: primeiro capit\u00e3o Jos\u00e9 Ven\u00e2ncio, segundo capit\u00e3o Jo\u00e3o Lotera, Joza, Waldemar, Pedro Cinza, Bironga, Bilota e Carlos. Agachados, da esquerda para a direita est\u00e3o: Ant\u00f4nio Faustino, Zezinho, Alcides, Xixico, Jo\u00e3o Cec\u00edlia, Z\u00e9 e Sebasti\u00e3o Lino.<\/figcaption><\/figure>\n\n\n\n<figure class=\"wp-block-image size-full\"><img decoding=\"async\" width=\"500\" height=\"352\" src=\"https:\/\/mg.passadospresentes.com.br\/festas-e-modos-de-vida\/wp-content\/uploads\/sites\/3\/2025\/03\/Foto-2.jpg\" alt=\"\" class=\"wp-image-1100\" srcset=\"https:\/\/mg.passadospresentes.com.br\/festas-e-modos-de-vida\/wp-content\/uploads\/sites\/3\/2025\/03\/Foto-2.jpg 500w, https:\/\/mg.passadospresentes.com.br\/festas-e-modos-de-vida\/wp-content\/uploads\/sites\/3\/2025\/03\/Foto-2-300x211.jpg 300w\" sizes=\"(max-width: 500px) 100vw, 500px\" \/><figcaption class=\"wp-element-caption\"><strong>T\u00edtulo da imagem:&nbsp;<\/strong>Festa de maio em Piedade do Rio Grande, Largo do Ros\u00e1rio, sem data.<br><strong>Acervo:&nbsp;<\/strong>Associa\u00e7\u00e3o de Congada e Mo\u00e7ambique N.S. das Merc\u00eas e N.S. do Ros\u00e1rio de Piedade do Rio Grande.<br><strong>Autor:<\/strong>&nbsp;Sem autoria<br><strong>Descri\u00e7\u00e3o:<\/strong>&nbsp;A imagem \u00e9 da festa de maio, em data desconhecida, no largo do Ros\u00e1rio, em frente \u00e0 igreja. O terno de Congada est\u00e1 com as roupas brancas, ao centro da foto, cercado por crian\u00e7as e demais pessoas, que assistem ao cortejo.<\/figcaption><\/figure>\n\n\n\n<figure class=\"wp-block-image size-full\"><img decoding=\"async\" width=\"11520\" height=\"7881\" src=\"https:\/\/mg.passadospresentes.com.br\/festas-e-modos-de-vida\/wp-content\/uploads\/sites\/3\/2025\/03\/Foto-3.jpg\" alt=\"\" class=\"wp-image-1101\"\/><figcaption class=\"wp-element-caption\"><strong>T\u00edtulo da imagem:&nbsp;<\/strong>Terno de Mo\u00e7ambique de Piedade do Rio Grande, festa de maio de 1975.<br><strong>Acervo:<\/strong>&nbsp;Associa\u00e7\u00e3o de Congada e Mo\u00e7ambique N.S. das Merc\u00eas e N.S. do Ros\u00e1rio de Piedade do Rio Grande.<br><strong>Autor:&nbsp;<\/strong>Sem autoria<br><strong>Descri\u00e7\u00e3o:<\/strong>&nbsp;A foto tem o sr. Waldemar Natalino \u00e0 frente, com a bandeira de N.S. do Ros\u00e1rio e o terno do Mo\u00e7ambique de Piedade do Rio Grande, na descida da rua em frente \u00e0 Matriz.<br><\/figcaption><\/figure>\n\n\n\n<figure class=\"wp-block-image size-large\"><img loading=\"lazy\" decoding=\"async\" width=\"1024\" height=\"769\" src=\"https:\/\/mg.passadospresentes.com.br\/festas-e-modos-de-vida\/wp-content\/uploads\/sites\/3\/2025\/03\/Foto-4-1024x769.jpeg\" alt=\"\" class=\"wp-image-1102\" srcset=\"https:\/\/mg.passadospresentes.com.br\/festas-e-modos-de-vida\/wp-content\/uploads\/sites\/3\/2025\/03\/Foto-4-1024x769.jpeg 1024w, https:\/\/mg.passadospresentes.com.br\/festas-e-modos-de-vida\/wp-content\/uploads\/sites\/3\/2025\/03\/Foto-4-300x225.jpeg 300w, https:\/\/mg.passadospresentes.com.br\/festas-e-modos-de-vida\/wp-content\/uploads\/sites\/3\/2025\/03\/Foto-4-768x577.jpeg 768w, https:\/\/mg.passadospresentes.com.br\/festas-e-modos-de-vida\/wp-content\/uploads\/sites\/3\/2025\/03\/Foto-4.jpeg 1080w\" sizes=\"(max-width: 1024px) 100vw, 1024px\" \/><figcaption class=\"wp-element-caption\"><strong>T\u00edtulo da imagem:<\/strong>&nbsp;Fogueira da senhora das Merc\u00eas, festa de maio de 2022.<br><strong>Acervo:&nbsp;<\/strong>Dionismar Est\u00fadio<br><strong>Autor:&nbsp;<\/strong>Dionismar Est\u00fadio<br><strong>Descri\u00e7\u00e3o:<\/strong>&nbsp;A foto foi feita por drone, da empresa de comunica\u00e7\u00e3o Dionismar Est\u00fadio e retrata o s\u00e1bado da festa de maio, em 2022, no largo do Ros\u00e1rio, repleta de pessoas ao redor da fogueira com o terno do Mo\u00e7ambique ao centro.<\/figcaption><\/figure>\n\n\n\n<figure class=\"wp-block-image size-full\"><img loading=\"lazy\" decoding=\"async\" width=\"960\" height=\"639\" src=\"https:\/\/mg.passadospresentes.com.br\/festas-e-modos-de-vida\/wp-content\/uploads\/sites\/3\/2025\/03\/Foto-5.jpg\" alt=\"\" class=\"wp-image-1103\" srcset=\"https:\/\/mg.passadospresentes.com.br\/festas-e-modos-de-vida\/wp-content\/uploads\/sites\/3\/2025\/03\/Foto-5.jpg 960w, https:\/\/mg.passadospresentes.com.br\/festas-e-modos-de-vida\/wp-content\/uploads\/sites\/3\/2025\/03\/Foto-5-300x200.jpg 300w, https:\/\/mg.passadospresentes.com.br\/festas-e-modos-de-vida\/wp-content\/uploads\/sites\/3\/2025\/03\/Foto-5-768x511.jpg 768w\" sizes=\"(max-width: 960px) 100vw, 960px\" \/><figcaption class=\"wp-element-caption\"><strong>T\u00edtulo da imagem:&nbsp;<\/strong>Terno de congada de Piedade do Rio Grande, sem data.<br><strong>Acervo:&nbsp;<\/strong>Rui Ernani<br><strong>Autor:&nbsp;<\/strong>Rui Ernani<br><strong>Descri\u00e7\u00e3o:<\/strong>&nbsp;A foto \u00e9 posada em frente \u00e0 igreja do Ros\u00e1rio, em Piedade, com o terno de Congada \u00e0 frente e o destaque para a maioria de crian\u00e7as, adolescentes e jovens.<\/figcaption><\/figure>\n\n\n\n<p><strong>Cita\u00e7\u00f5es:<\/strong><\/p>\n\n\n\n<p>Trechos de documentos, cantigas, depoimentos, entrevistas.<\/p>\n\n\n\n<p>Cantigas<\/p>\n\n\n\n<p>Playlist:<\/p>\n\n\n\n<figure class=\"wp-block-embed is-type-video is-provider-youtube wp-block-embed-youtube wp-embed-aspect-16-9 wp-has-aspect-ratio\"><div class=\"wp-block-embed__wrapper\">\n<iframe title=\"VAMOS FESTEJAR A FOGUEIRA DA SENHORA DAS MERC\u00caS\" width=\"800\" height=\"450\" src=\"https:\/\/www.youtube.com\/embed\/E93Qzo-p-xU?list=PLAVqFHYOdWrYSrhErfkGc-WKeRdkA7l_X\" frameborder=\"0\" allow=\"accelerometer; autoplay; clipboard-write; encrypted-media; gyroscope; picture-in-picture; web-share\" referrerpolicy=\"strict-origin-when-cross-origin\" allowfullscreen><\/iframe>\n<\/div><\/figure>\n\n\n\n<p>Document\u00e1rio<\/p>\n\n\n\n<figure class=\"wp-block-embed is-type-video is-provider-youtube wp-block-embed-youtube wp-embed-aspect-16-9 wp-has-aspect-ratio\"><div class=\"wp-block-embed__wrapper\">\n<iframe title=\"TEASER | DOS GRILH\u00d5ES AOS GUIZOS - Festa de Maio e as narrativas do passado | Longa Documental 2018\" width=\"800\" height=\"450\" src=\"https:\/\/www.youtube.com\/embed\/F97CEDBeZNI?feature=oembed\" frameborder=\"0\" allow=\"accelerometer; autoplay; clipboard-write; encrypted-media; gyroscope; picture-in-picture; web-share\" referrerpolicy=\"strict-origin-when-cross-origin\" allowfullscreen><\/iframe>\n<\/div><\/figure>\n\n\n\n<p><strong>&nbsp;Refer\u00eancias<\/strong><\/p>\n\n\n\n<p>ASSIS, Simone; SOUSA, Francival Ara\u00fajo; MONTEIRO, L\u00edvia. \u201cA Congada \u00e9 algo grande, \u00e9 ancestral, \u00e9 resist\u00eancia.\u201d Texto publicado no blog: <a href=\"https:\/\/conversadehistoriadoras.com\/2020\/06\/14\/a-congada-e-algo-grande-e-ancestral-e-resistencia\/\">https:\/\/conversadehistoriadoras.com\/2020\/06\/14\/a-congada-e-algo-grande-e-ancestral-e-resistencia\/<\/a>&nbsp;<\/p>\n\n\n\n<p>MENEZES, Giane de Carvalho. <em>Congada e Mo\u00e7ambique em Piedade do Rio Grande: passos de folia e f\u00e9.<\/em> Volta Redonda, 2008.<\/p>\n\n\n\n<p>MONTEIRO, L\u00edvia Nascimento. \u201cFoi quando estava acabando o tempo dos escravos\u201d: devo\u00e7\u00e3o, redes familiares e conflitos nas \u00faltimas d\u00e9cadas da escravid\u00e3o em Minas Gerais. <em>Afro-\u00c1sia<\/em>, n. 62 (2020).<\/p>\n\n\n\n<p><\/p>\n","protected":false},"excerpt":{"rendered":"<p>Por L\u00edvia Nascimento Monteiro A festa de maio na cidade de Piedade do Rio Grande, regi\u00e3o do campo das vertentes do estado de Minas, acontece desde 1928, organizada pela Associa\u00e7\u00e3o de Congada e Mo\u00e7ambique de Nossa Senhora do Ros\u00e1rio e Nossa Senhora das Merc\u00eas desde essa \u00e9poca. A Associa\u00e7\u00e3o foi fundada por descendentes de ex-escravizados [&hellip;]<\/p>\n","protected":false},"author":6,"featured_media":1462,"comment_status":"open","ping_status":"open","sticky":false,"template":"","format":"standard","meta":{"_acf_changed":false,"footnotes":""},"categories":[29],"tags":[],"class_list":["post-1459","post","type-post","status-publish","format-standard","has-post-thumbnail","hentry","category-destaque"],"acf":[],"_links":{"self":[{"href":"https:\/\/mg.passadospresentes.com.br\/festas-e-modos-de-vida\/wp-json\/wp\/v2\/posts\/1459","targetHints":{"allow":["GET"]}}],"collection":[{"href":"https:\/\/mg.passadospresentes.com.br\/festas-e-modos-de-vida\/wp-json\/wp\/v2\/posts"}],"about":[{"href":"https:\/\/mg.passadospresentes.com.br\/festas-e-modos-de-vida\/wp-json\/wp\/v2\/types\/post"}],"author":[{"embeddable":true,"href":"https:\/\/mg.passadospresentes.com.br\/festas-e-modos-de-vida\/wp-json\/wp\/v2\/users\/6"}],"replies":[{"embeddable":true,"href":"https:\/\/mg.passadospresentes.com.br\/festas-e-modos-de-vida\/wp-json\/wp\/v2\/comments?post=1459"}],"version-history":[{"count":4,"href":"https:\/\/mg.passadospresentes.com.br\/festas-e-modos-de-vida\/wp-json\/wp\/v2\/posts\/1459\/revisions"}],"predecessor-version":[{"id":1635,"href":"https:\/\/mg.passadospresentes.com.br\/festas-e-modos-de-vida\/wp-json\/wp\/v2\/posts\/1459\/revisions\/1635"}],"wp:featuredmedia":[{"embeddable":true,"href":"https:\/\/mg.passadospresentes.com.br\/festas-e-modos-de-vida\/wp-json\/wp\/v2\/media\/1462"}],"wp:attachment":[{"href":"https:\/\/mg.passadospresentes.com.br\/festas-e-modos-de-vida\/wp-json\/wp\/v2\/media?parent=1459"}],"wp:term":[{"taxonomy":"category","embeddable":true,"href":"https:\/\/mg.passadospresentes.com.br\/festas-e-modos-de-vida\/wp-json\/wp\/v2\/categories?post=1459"},{"taxonomy":"post_tag","embeddable":true,"href":"https:\/\/mg.passadospresentes.com.br\/festas-e-modos-de-vida\/wp-json\/wp\/v2\/tags?post=1459"}],"curies":[{"name":"wp","href":"https:\/\/api.w.org\/{rel}","templated":true}]}}