{"id":1448,"date":"2025-05-09T16:26:17","date_gmt":"2025-05-09T19:26:17","guid":{"rendered":"https:\/\/mg.passadospresentes.com.br\/festas-e-modos-de-vida\/?p=1448"},"modified":"2025-05-28T20:02:35","modified_gmt":"2025-05-28T23:02:35","slug":"reinados-e-congadas-de-machado","status":"publish","type":"post","link":"https:\/\/mg.passadospresentes.com.br\/festas-e-modos-de-vida\/destaque\/reinados-e-congadas-de-machado\/","title":{"rendered":"\u00a0Reinados e Congadas de Machado"},"content":{"rendered":"\n<p><strong>Por Isaac Cassemiro Ribeiro<\/strong><\/p>\n\n\n\n<p>O Rei Perp\u00e9tuo Joaquim Santana nos ensinou que \u201co congo teve um princ\u00edpio muito bonito aqui no Machado. No tempo do cativeiro tinha uns que gostavam de ca\u00e7ar de bodoque\u201d, e em meio a essas ca\u00e7adas, encontraram uma imagem de Nossa Senhora do Ros\u00e1rio em um rochedo de pedra. Tentaram lev\u00e1-la, mas n\u00e3o conseguiram. Voltaram no outro dia e s\u00f3 puderam retir\u00e1-la quando tentaram \u201coutro modo, que nem na \u00c1frica: um arranjou uma violinha, outro uma caixa, um pandeirinho, e todos vestiram uma saia colorida (&#8230;) e quando viu, a Santa deitou e eles puderam trazer. (&#8230;) Eram todos gente africana, cantavam enrolado numa l\u00edngua velha que era a deles. Da\u00ed n\u00f3s continuamos todo o sempre com o nosso canto e nossa dan\u00e7a, pra homenagear a Santa e ao S\u00e3o Benedito\u201d.<\/p>\n\n\n\n<p>As tradi\u00e7\u00f5es afro-diasp\u00f3ricas se propagaram pelo territ\u00f3rio colonial, e em Machado elas remetem h\u00e1 mais de duzentos anos. O registro mais antigo que se encontrou para o sudoeste de Minas, em pesquisa do prof. Tarc\u00edsio Gaspar de Souza, \u00e9 de 1790. Em julho daquele ano, foi sepultado na freguesia de Jacu\u00ed o crioulo forro Ant\u00f4nio Machado de Miranda, rei da Irmandade do Ros\u00e1rio. Meio s\u00e9culo depois, sabemos, atrav\u00e9s das mem\u00f3rias de Francisco de Paula Ferreira de Rezende (1832 \u2013 1893), que a Festa de Nossa Senhora do Ros\u00e1rio era a mais concorrida pelos moradores da vila de Campanha, chamada de o \u201cber\u00e7o\u201d do Sul de Minas. Ferreira Rezende rememora, de sua inf\u00e2ncia, que \u201cem contraposi\u00e7\u00e3o a todas estas tristezas da semana santa, a mais alegre de todas as festas da Campanha era a festa dos negros; isto \u00e9, a de N. Sra. do Ros\u00e1rio\u201d.&nbsp;<\/p>\n\n\n\n<p>Por essa \u00e9poca, em 1845, foi iniciada a constru\u00e7\u00e3o da primeira Igreja de N. Sra. do Ros\u00e1rio, em Machado. De acordo com Tia Anselma, preta velha machadense nascida por volta do ano de 1879, \u201cos primeiros ternos de Congado apareceram nas festas de S\u00e3o Jo\u00e3o, realizadas nas fazendas do Munic\u00edpio\u201d, depois passaram para a cidade. Em 1923, trocou-se o nome de \u201cFesta do Ros\u00e1rio\u201d para \u201cFesta de S\u00e3o Benedito\u201d. A partir de 1942, a festa passou a ser celebrada sempre em agosto, por serem ent\u00e3o os congadeiros, em sua grande maioria, trabalhadores nas colheitas de caf\u00e9, e, findada a colheita, teriam melhores condi\u00e7\u00f5es para fazer a festa. Em 1981 inaugurou-se a \u201cCasa do Congadeiro Tio Chico\u201d, e no ano seguinte foi aprovado o estatuto da Associa\u00e7\u00e3o dos Congadeiros de Machado, entidade que fortaleceu a festa e os ternos. Em 2010, a Festa de S\u00e3o Benedito foi registrada como patrim\u00f4nio cultural imaterial do Munic\u00edpio e reconhecida como a maior celebra\u00e7\u00e3o religiosa e festiva da cidade. Em 2023, se apresentaram 27 ternos. Nesse mesmo ano, durante a festa, foi inaugurada a exposi\u00e7\u00e3o \u201cImagem e Festa: Hist\u00f3rias e Mem\u00f3rias da Festa de S\u00e3o Benedito e de seus Ternos de Congada (Machado\u2013MG, 1914 &#8211; 2023)\u201d. A exposi\u00e7\u00e3o foi fruto de diversos projetos de extens\u00e3o coordenados pelo prof. Dr. Isaac Cassemiro Ribeiro em parceria com o prof. Cl\u00e1udio Aparecido de Carvalho, presidente da Associa\u00e7\u00e3o dos Congadeiros de Machado.&nbsp;<\/p>\n\n\n\n<figure class=\"wp-block-image size-large\"><img fetchpriority=\"high\" decoding=\"async\" width=\"1024\" height=\"683\" src=\"https:\/\/mg.passadospresentes.com.br\/festas-e-modos-de-vida\/wp-content\/uploads\/sites\/3\/2025\/03\/IMG_0169-1024x683.jpg\" alt=\"\" class=\"wp-image-1071\" srcset=\"https:\/\/mg.passadospresentes.com.br\/festas-e-modos-de-vida\/wp-content\/uploads\/sites\/3\/2025\/03\/IMG_0169-1024x683.jpg 1024w, https:\/\/mg.passadospresentes.com.br\/festas-e-modos-de-vida\/wp-content\/uploads\/sites\/3\/2025\/03\/IMG_0169-300x200.jpg 300w, https:\/\/mg.passadospresentes.com.br\/festas-e-modos-de-vida\/wp-content\/uploads\/sites\/3\/2025\/03\/IMG_0169-768x512.jpg 768w, https:\/\/mg.passadospresentes.com.br\/festas-e-modos-de-vida\/wp-content\/uploads\/sites\/3\/2025\/03\/IMG_0169-1536x1024.jpg 1536w, https:\/\/mg.passadospresentes.com.br\/festas-e-modos-de-vida\/wp-content\/uploads\/sites\/3\/2025\/03\/IMG_0169-2048x1365.jpg 2048w\" sizes=\"(max-width: 1024px) 100vw, 1024px\" \/><figcaption class=\"wp-element-caption\"><strong>T\u00edtulo da imagem<\/strong>: Abertura da exposi\u00e7\u00e3o \u201cImagem e Festa: hist\u00f3rias e mem\u00f3rias da Festa de S\u00e3o Benedito e de seus Ternos de Congada (Machado \u2013 MG, 1914 \u2013 2023)\u201d<br><strong>Acervo:&nbsp;<\/strong>Grupo de Pesquisas em Cultura Material \u2013 GPCM \/ IFSULDEMINAS \u2013 Campus Machado<br><strong>Autor:<\/strong>&nbsp;Isaac Cassemiro Ribeiro<br><strong>Descri\u00e7\u00e3o:<\/strong>&nbsp;Exposi\u00e7\u00e3o com 16 banners afixados em 4 cavaletes em forma de \u201cL\u201d contendo dados e imagens sobre a hist\u00f3ria da Festa de S\u00e3o Benedito e de seus Ternos de Congada, em Machado (MG). Ao centro uma mesa contendo \u00e1lbuns com fotografias de festas anteriores. Ao fundo a Rainha Congo, Marlene de Souza, em frente aos trajes do Rei, Rainha, Guardi\u00e3o da Rainha, Mulinha e Boi das Oliveiras. Ao lado direito, dois expectadores. Fotografado em agosto de 2023.<\/figcaption><\/figure>\n\n\n\n<figure class=\"wp-block-image size-large\"><img decoding=\"async\" width=\"1024\" height=\"683\" src=\"https:\/\/mg.passadospresentes.com.br\/festas-e-modos-de-vida\/wp-content\/uploads\/sites\/3\/2025\/03\/IMG_0176-1024x683.jpg\" alt=\"\" class=\"wp-image-1072\" srcset=\"https:\/\/mg.passadospresentes.com.br\/festas-e-modos-de-vida\/wp-content\/uploads\/sites\/3\/2025\/03\/IMG_0176-1024x683.jpg 1024w, https:\/\/mg.passadospresentes.com.br\/festas-e-modos-de-vida\/wp-content\/uploads\/sites\/3\/2025\/03\/IMG_0176-300x200.jpg 300w, https:\/\/mg.passadospresentes.com.br\/festas-e-modos-de-vida\/wp-content\/uploads\/sites\/3\/2025\/03\/IMG_0176-768x512.jpg 768w, https:\/\/mg.passadospresentes.com.br\/festas-e-modos-de-vida\/wp-content\/uploads\/sites\/3\/2025\/03\/IMG_0176-1536x1024.jpg 1536w, https:\/\/mg.passadospresentes.com.br\/festas-e-modos-de-vida\/wp-content\/uploads\/sites\/3\/2025\/03\/IMG_0176-2048x1365.jpg 2048w\" sizes=\"(max-width: 1024px) 100vw, 1024px\" \/><figcaption class=\"wp-element-caption\"><strong>T\u00edtulo da imagem:&nbsp;<\/strong>Trajes do Rei Perp\u00e9tuo, Rainhas do Ramalhete, Guardi\u00e3o da Rainha, Mulinha e Boi das Oliveiras<br><strong>Acervo:<\/strong>&nbsp;Grupo de Pesquisas em Cultura Material \u2013 GPCM \/ IFSULDEMINAS \u2013 Campus Machado<br><strong>Autor:&nbsp;<\/strong>Isaac Cassemiro Ribeiro<br><strong>Descri\u00e7\u00e3o:<\/strong>&nbsp;Da esquerda para direita, os trajes da Mulinha, pertencente ao Terno da Mulinha; o do Guardi\u00e3o da Rainha (Carlos); o da Rainha do Ramalhete Aparecida de Souza; o do Rei Perp\u00e9tuo, Vitor Santana; e o da Atual Rainha do Ramalhete, Vanessa de Souza. Ao centro, a coroa do do Rei Perp\u00e9tuo, Vitor Santana. Fotografado em agosto de 2023.<\/figcaption><\/figure>\n\n\n\n<figure class=\"wp-block-image size-large\"><img decoding=\"async\" width=\"1024\" height=\"683\" src=\"https:\/\/mg.passadospresentes.com.br\/festas-e-modos-de-vida\/wp-content\/uploads\/sites\/3\/2025\/03\/IMG_0196-1024x683.jpg\" alt=\"\" class=\"wp-image-1073\" srcset=\"https:\/\/mg.passadospresentes.com.br\/festas-e-modos-de-vida\/wp-content\/uploads\/sites\/3\/2025\/03\/IMG_0196-1024x683.jpg 1024w, https:\/\/mg.passadospresentes.com.br\/festas-e-modos-de-vida\/wp-content\/uploads\/sites\/3\/2025\/03\/IMG_0196-300x200.jpg 300w, https:\/\/mg.passadospresentes.com.br\/festas-e-modos-de-vida\/wp-content\/uploads\/sites\/3\/2025\/03\/IMG_0196-768x512.jpg 768w, https:\/\/mg.passadospresentes.com.br\/festas-e-modos-de-vida\/wp-content\/uploads\/sites\/3\/2025\/03\/IMG_0196-1536x1024.jpg 1536w, https:\/\/mg.passadospresentes.com.br\/festas-e-modos-de-vida\/wp-content\/uploads\/sites\/3\/2025\/03\/IMG_0196-2048x1365.jpg 2048w\" sizes=\"(max-width: 1024px) 100vw, 1024px\" \/><figcaption class=\"wp-element-caption\"><strong>T\u00edtulo da imagem:&nbsp;<\/strong>Equipe do Projeto na Inaugura\u00e7\u00e3o da Exposi\u00e7\u00e3o \u201cImagem e Festa: hist\u00f3rias e mem\u00f3rias da Festa de S\u00e3o Benedito e de seus Ternos de Congada (Machado \u2013 MG, 1914 \u2013 2023)\u201d<br><strong>Acervo:&nbsp;<\/strong>Grupo de Pesquisas em Cultura Material \u2013 GPCM \/ IFSULDEMINAS \u2013 Campus Machado<br><strong>Autora:&nbsp;<\/strong>Marcela Soares Milagre<br><strong>Descri\u00e7\u00e3o:&nbsp;<\/strong>Equipe do projeto, em frente a Tenda Congo, na inaugura\u00e7\u00e3o da exposi\u00e7\u00e3o. Na fotografia, da esquerda para direita, prof. Cl\u00e1udio Carvalho, presidente da Associa\u00e7\u00e3o dos Congadeiros de Machado; bolsista Tayn\u00e1 Santos; beb\u00ea Ant\u00f4nio Milagre Ribeiro; bolsista Frederico Martins; bolsista Let\u00edcia Carvalho e o coordenador do projeto, prof. Dr. Isaac Cassemiro Ribeiro Ribeiro. 19 de agosto de 2023.<\/figcaption><\/figure>\n\n\n\n<figure class=\"wp-block-image size-large\"><img loading=\"lazy\" decoding=\"async\" width=\"1024\" height=\"683\" src=\"https:\/\/mg.passadospresentes.com.br\/festas-e-modos-de-vida\/wp-content\/uploads\/sites\/3\/2025\/03\/IMG_0242-1024x683.jpg\" alt=\"\" class=\"wp-image-1074\" srcset=\"https:\/\/mg.passadospresentes.com.br\/festas-e-modos-de-vida\/wp-content\/uploads\/sites\/3\/2025\/03\/IMG_0242-1024x683.jpg 1024w, https:\/\/mg.passadospresentes.com.br\/festas-e-modos-de-vida\/wp-content\/uploads\/sites\/3\/2025\/03\/IMG_0242-300x200.jpg 300w, https:\/\/mg.passadospresentes.com.br\/festas-e-modos-de-vida\/wp-content\/uploads\/sites\/3\/2025\/03\/IMG_0242-768x512.jpg 768w, https:\/\/mg.passadospresentes.com.br\/festas-e-modos-de-vida\/wp-content\/uploads\/sites\/3\/2025\/03\/IMG_0242-1536x1024.jpg 1536w, https:\/\/mg.passadospresentes.com.br\/festas-e-modos-de-vida\/wp-content\/uploads\/sites\/3\/2025\/03\/IMG_0242-2048x1365.jpg 2048w\" sizes=\"(max-width: 1024px) 100vw, 1024px\" \/><figcaption class=\"wp-element-caption\"><strong>T\u00edtulo da imagem:&nbsp;<\/strong>Terno de Demonstra\u00e7\u00e3o (ou Terno Modelo) na Abertura da Festa de S\u00e3o Benedito em Machado -MG (2023)<br><strong>Acervo:<\/strong>&nbsp;Grupo de Pesquisas em Cultura Material \u2013 GPCM \/ IFSULDEMINAS \u2013 Campus Machado<br><strong>Autor:<\/strong>&nbsp;Isaac Cassemiro Ribeiro<br><strong>Descri\u00e7\u00e3o:<\/strong>&nbsp;Terno de Demonstra\u00e7\u00e3o (ou Terno Modelo) durante a abertura da Festa de S\u00e3o Benedito em Machado -MG (2023). O terno modelo conta com a participa\u00e7\u00e3o de capit\u00e3es e membros de todos os ternos de Machado, e foi criado com o objetivo de resgatar e manter a mem\u00f3ria dos antigos ternos de Machado. Fotografado em agosto de 2023.<\/figcaption><\/figure>\n\n\n\n<figure class=\"wp-block-image size-large\"><img loading=\"lazy\" decoding=\"async\" width=\"1024\" height=\"683\" src=\"https:\/\/mg.passadospresentes.com.br\/festas-e-modos-de-vida\/wp-content\/uploads\/sites\/3\/2025\/03\/terno_douradinho-1024x683.jpg\" alt=\"\" class=\"wp-image-1075\" srcset=\"https:\/\/mg.passadospresentes.com.br\/festas-e-modos-de-vida\/wp-content\/uploads\/sites\/3\/2025\/03\/terno_douradinho-1024x683.jpg 1024w, https:\/\/mg.passadospresentes.com.br\/festas-e-modos-de-vida\/wp-content\/uploads\/sites\/3\/2025\/03\/terno_douradinho-300x200.jpg 300w, https:\/\/mg.passadospresentes.com.br\/festas-e-modos-de-vida\/wp-content\/uploads\/sites\/3\/2025\/03\/terno_douradinho-768x512.jpg 768w, https:\/\/mg.passadospresentes.com.br\/festas-e-modos-de-vida\/wp-content\/uploads\/sites\/3\/2025\/03\/terno_douradinho-1536x1024.jpg 1536w, https:\/\/mg.passadospresentes.com.br\/festas-e-modos-de-vida\/wp-content\/uploads\/sites\/3\/2025\/03\/terno_douradinho-2048x1365.jpg 2048w\" sizes=\"(max-width: 1024px) 100vw, 1024px\" \/><figcaption class=\"wp-element-caption\"><strong>T\u00edtulo da imagem: <\/strong>Terno de Douradinho \u2013 Machado (MG)<br><strong>Acervo:<\/strong> Acervo Particular de Ricardo Celso de Souza<br><strong>Autor:<\/strong> Ricardo Celso de Souza<br><strong>Descri\u00e7\u00e3o: <\/strong>Apresenta o Terno de Douradinho, distrito de Machado (MG). Em primeiro plano, com bon\u00e9 do S\u00e3o Paulo, consta o capit\u00e3o do terno, N\u00e9zio Pereira. Foi subdelegado e fiscal da prefeitura e subdelegado no distrito, tomou posse no cargo em 15 de dezembro de 1973, exercendo-o por mais de 20 anos.<\/figcaption><\/figure>\n\n\n\n<p><\/p>\n","protected":false},"excerpt":{"rendered":"<p>Por Isaac Cassemiro Ribeiro O Rei Perp\u00e9tuo Joaquim Santana nos ensinou que \u201co congo teve um princ\u00edpio muito bonito aqui no Machado. No tempo do cativeiro tinha uns que gostavam de ca\u00e7ar de bodoque\u201d, e em meio a essas ca\u00e7adas, encontraram uma imagem de Nossa Senhora do Ros\u00e1rio em um rochedo de pedra. Tentaram lev\u00e1-la, [&hellip;]<\/p>\n","protected":false},"author":6,"featured_media":1449,"comment_status":"open","ping_status":"open","sticky":false,"template":"","format":"standard","meta":{"_acf_changed":false,"footnotes":""},"categories":[29],"tags":[],"class_list":["post-1448","post","type-post","status-publish","format-standard","has-post-thumbnail","hentry","category-destaque"],"acf":[],"_links":{"self":[{"href":"https:\/\/mg.passadospresentes.com.br\/festas-e-modos-de-vida\/wp-json\/wp\/v2\/posts\/1448","targetHints":{"allow":["GET"]}}],"collection":[{"href":"https:\/\/mg.passadospresentes.com.br\/festas-e-modos-de-vida\/wp-json\/wp\/v2\/posts"}],"about":[{"href":"https:\/\/mg.passadospresentes.com.br\/festas-e-modos-de-vida\/wp-json\/wp\/v2\/types\/post"}],"author":[{"embeddable":true,"href":"https:\/\/mg.passadospresentes.com.br\/festas-e-modos-de-vida\/wp-json\/wp\/v2\/users\/6"}],"replies":[{"embeddable":true,"href":"https:\/\/mg.passadospresentes.com.br\/festas-e-modos-de-vida\/wp-json\/wp\/v2\/comments?post=1448"}],"version-history":[{"count":2,"href":"https:\/\/mg.passadospresentes.com.br\/festas-e-modos-de-vida\/wp-json\/wp\/v2\/posts\/1448\/revisions"}],"predecessor-version":[{"id":1629,"href":"https:\/\/mg.passadospresentes.com.br\/festas-e-modos-de-vida\/wp-json\/wp\/v2\/posts\/1448\/revisions\/1629"}],"wp:featuredmedia":[{"embeddable":true,"href":"https:\/\/mg.passadospresentes.com.br\/festas-e-modos-de-vida\/wp-json\/wp\/v2\/media\/1449"}],"wp:attachment":[{"href":"https:\/\/mg.passadospresentes.com.br\/festas-e-modos-de-vida\/wp-json\/wp\/v2\/media?parent=1448"}],"wp:term":[{"taxonomy":"category","embeddable":true,"href":"https:\/\/mg.passadospresentes.com.br\/festas-e-modos-de-vida\/wp-json\/wp\/v2\/categories?post=1448"},{"taxonomy":"post_tag","embeddable":true,"href":"https:\/\/mg.passadospresentes.com.br\/festas-e-modos-de-vida\/wp-json\/wp\/v2\/tags?post=1448"}],"curies":[{"name":"wp","href":"https:\/\/api.w.org\/{rel}","templated":true}]}}