{"id":453,"date":"2025-01-22T20:58:57","date_gmt":"2025-01-22T23:58:57","guid":{"rendered":"https:\/\/mg.passadospresentes.com.br\/ensino\/?p=453"},"modified":"2025-12-09T17:25:49","modified_gmt":"2025-12-09T20:25:49","slug":"lorem-ipsum-dolor-sit-amet","status":"publish","type":"post","link":"https:\/\/mg.passadospresentes.com.br\/ensino\/noticias\/lorem-ipsum-dolor-sit-amet\/","title":{"rendered":"Passados Presentes participa de confraterniza\u00e7\u00e3o no Ganga Zumba"},"content":{"rendered":"\n<p>A Associa\u00e7\u00e3o Quilombola da Comunidade do Bairro de F\u00e1tima e Territ\u00f3rio, em parceria com o Grupo Ganga Zumba, realizou no dia 20 de janeiro de 2025 um Almo\u00e7o de Confraterniza\u00e7\u00e3o. O objetivo do evento foi celebrar as conquistas de 2024 e o fortalecimento dos la\u00e7os que unem as organiza\u00e7\u00f5es e projetos que lutam por equidade racial e valoriza\u00e7\u00e3o das culturas afro-brasileiras e quilombolas, reconhecendo o papel fundamental de cada parceiro na jornada coletiva de resist\u00eancia e transforma\u00e7\u00e3o.<br>Durante o encontro, refletiu-se sobre os avan\u00e7os alcan\u00e7ados, renovando-se os compromissos coletivos com a promo\u00e7\u00e3o da igualdade racial, refor\u00e7ando a constru\u00e7\u00e3o de um Quilombo onde prevale\u00e7am a justi\u00e7a, o respeito \u00e0s diferen\u00e7as e a dignidade para todos.<\/p>\n\n\n\n<p>O Projeto Passados presentes esteve presente na celebra\u00e7\u00e3o, sendo representado por Luiz Gustavo Santos Cota, moderador do Grupo Ensino de Hist\u00f3ria e Material Did\u00e1tico, e pelas pesquisadoras Lilian Alexandra Santos Pinto e Ra\u00edssa Santos Valeriano.<\/p>\n\n\n\n<p><\/p>\n","protected":false},"excerpt":{"rendered":"<p>A Associa\u00e7\u00e3o Quilombola da Comunidade do Bairro de F\u00e1tima e Territ\u00f3rio, em parceria com o Grupo Ganga Zumba, realizou no dia 20 de janeiro de 2025 um Almo\u00e7o de Confraterniza\u00e7\u00e3o. O objetivo do evento foi celebrar as conquistas de 2024 e o fortalecimento dos la\u00e7os que unem as organiza\u00e7\u00f5es e projetos que lutam por equidade [&hellip;]<\/p>\n","protected":false},"author":1,"featured_media":756,"comment_status":"open","ping_status":"open","sticky":false,"template":"","format":"standard","meta":{"_acf_changed":false,"footnotes":""},"categories":[19],"tags":[],"class_list":["post-453","post","type-post","status-publish","format-standard","has-post-thumbnail","hentry","category-noticias"],"acf":[],"_links":{"self":[{"href":"https:\/\/mg.passadospresentes.com.br\/ensino\/wp-json\/wp\/v2\/posts\/453","targetHints":{"allow":["GET"]}}],"collection":[{"href":"https:\/\/mg.passadospresentes.com.br\/ensino\/wp-json\/wp\/v2\/posts"}],"about":[{"href":"https:\/\/mg.passadospresentes.com.br\/ensino\/wp-json\/wp\/v2\/types\/post"}],"author":[{"embeddable":true,"href":"https:\/\/mg.passadospresentes.com.br\/ensino\/wp-json\/wp\/v2\/users\/1"}],"replies":[{"embeddable":true,"href":"https:\/\/mg.passadospresentes.com.br\/ensino\/wp-json\/wp\/v2\/comments?post=453"}],"version-history":[{"count":5,"href":"https:\/\/mg.passadospresentes.com.br\/ensino\/wp-json\/wp\/v2\/posts\/453\/revisions"}],"predecessor-version":[{"id":1277,"href":"https:\/\/mg.passadospresentes.com.br\/ensino\/wp-json\/wp\/v2\/posts\/453\/revisions\/1277"}],"wp:featuredmedia":[{"embeddable":true,"href":"https:\/\/mg.passadospresentes.com.br\/ensino\/wp-json\/wp\/v2\/media\/756"}],"wp:attachment":[{"href":"https:\/\/mg.passadospresentes.com.br\/ensino\/wp-json\/wp\/v2\/media?parent=453"}],"wp:term":[{"taxonomy":"category","embeddable":true,"href":"https:\/\/mg.passadospresentes.com.br\/ensino\/wp-json\/wp\/v2\/categories?post=453"},{"taxonomy":"post_tag","embeddable":true,"href":"https:\/\/mg.passadospresentes.com.br\/ensino\/wp-json\/wp\/v2\/tags?post=453"}],"curies":[{"name":"wp","href":"https:\/\/api.w.org\/{rel}","templated":true}]}}