{"id":4,"count":1,"description":"A obra \u201cDo Sap\u00e9 \u00e0 F\u00e1tima: mem\u00f3rias da comunidade quilombola do Bairro de F\u00e1tima\u201d, tem um duplo objetivo: primeiramente, se constituir como registro da Hist\u00f3ria e mem\u00f3rias da Comunidade Quilombola do Bairro de F\u00e1tima, localizada no munic\u00edpio de Ponte Nova, Minas Gerais, a partir da \u201cvoz escrita\u201d de uma de suas mais destacadas lideran\u00e7as, Pedro Ant\u00f4nio da Gama Catarino, o Pedrinho Catarino. Em segundo lugar, h\u00e1 ainda o objetivo de estabelecer conex\u00f5es entre a Comunidade de F\u00e1tima e outras exist\u00eancias negras, especialmente em Minas Gerais, possibilitando reflex\u00f5es e conhecimento sobre as hist\u00f3rias e culturas afro-brasileiras, bem como experi\u00eancias did\u00e1tico-pedag\u00f3gicas, especialmente na Educa\u00e7\u00e3o B\u00e1sica. \r\n\r\nO livro, em fase de conclus\u00e3o, \u00e9 fruto de di\u00e1logos entre pesquisadores do projeto \u201cPassados Presentes: patrim\u00f4nios e mem\u00f3rias negras e afro-ind\u00edgenas em Minas Gerais\u201d e Pedrinho Catarino. No caso, ao contr\u00e1rio do que se convenciona observar em pesquisas acad\u00eamicas, o Sr. Pedrinho n\u00e3o \u00e9 um mero \u201cinformante\u201d, mas um construtor de saberes, tal como os outros membros do projeto. Portanto, o texto central do livro \u00e9 de sua autoria, acompanhado de pequenas colabora\u00e7\u00f5es dos pesquisadores.\r\n\r\nAs mem\u00f3rias de Pedrinho nos levam desde sua inf\u00e2ncia at\u00e9 os desafios do tempo presente da comunidade. Trata-se de um rico registro do passado e do presente, que pode construir novas percep\u00e7\u00f5es sobre os territ\u00f3rios quilombolas em Minas Gerais e no Brasil, do ontem e do hoje, especialmente para as crian\u00e7as.\r\n\r\nComo j\u00e1 mencionado, o livro finalizado apresentar\u00e1 ainda breves interven\u00e7\u00f5es, que acompanhar\u00e3o as mem\u00f3rias de Pedrinho, estabelecendo di\u00e1logos com outras hist\u00f3rias e mem\u00f3rias negras e quilombolas do estado de Minas Gerais, no passado e no presente. Haver\u00e1 ainda um \u201ccaderno did\u00e1tico\u201d a partir do qual ser\u00e3o apresentados, especialmente \u00e0s professoras e professores, perspectivas dos poss\u00edveis usos pedag\u00f3gicos da obra, al\u00e9m de um gloss\u00e1rio afrorreferenciado e indica\u00e7\u00f5es de refer\u00eancias.\r\n\r\nEsperamos que a obra possa provocar reflex\u00f5es e pr\u00e1ticas pedag\u00f3gicas voltadas \u00e0 valoriza\u00e7\u00e3o dos saberes e riquezas, n\u00e3o apenas da comunidade quilombola do Bairro de F\u00e1tima, mas de todo o pa\u00eds.\r\n\r\nAx\u00e9.\r\n","link":"https:\/\/mg.passadospresentes.com.br\/ensino\/category\/livro-digital\/","name":"Livro Digital","slug":"livro-digital","taxonomy":"category","parent":0,"meta":[],"acf":[],"_links":{"self":[{"href":"https:\/\/mg.passadospresentes.com.br\/ensino\/wp-json\/wp\/v2\/categories\/4","targetHints":{"allow":["GET"]}}],"collection":[{"href":"https:\/\/mg.passadospresentes.com.br\/ensino\/wp-json\/wp\/v2\/categories"}],"about":[{"href":"https:\/\/mg.passadospresentes.com.br\/ensino\/wp-json\/wp\/v2\/taxonomies\/category"}],"wp:post_type":[{"href":"https:\/\/mg.passadospresentes.com.br\/ensino\/wp-json\/wp\/v2\/posts?categories=4"}],"curies":[{"name":"wp","href":"https:\/\/api.w.org\/{rel}","templated":true}]}}