{"id":973,"date":"2025-10-09T11:25:34","date_gmt":"2025-10-09T14:25:34","guid":{"rendered":"https:\/\/mg.passadospresentes.com.br\/cultura-material\/?p=973"},"modified":"2025-10-09T11:29:46","modified_gmt":"2025-10-09T14:29:46","slug":"gtep-historia-afro-indigena-de-oliveira","status":"publish","type":"post","link":"https:\/\/mg.passadospresentes.com.br\/cultura-material\/noticias\/gtep-historia-afro-indigena-de-oliveira\/","title":{"rendered":"GTEP- Hist\u00f3ria Afro-ind\u00edgena de Oliveira"},"content":{"rendered":"\n<p><em>Escrita coletiva<\/em><\/p>\n\n\n\n<p class=\"has-small-font-size\">Esse grupo de trabalho, estudo e&nbsp; pesquisa, nasceu dentro das discuss\u00f5es do grupo de Cultura Material e durante a realiza\u00e7\u00e3o do <strong>I Semin\u00e1rio do Projeto Passados Presentes Patrim\u00f4nios e Mem\u00f3rias Negras e Afro-ind\u00edgenas em Minas Gerais<\/strong>. A partir de uma proposta de pesquisa individual que tinha inicialmente o objetivo de dar continuidade sobre a hist\u00f3ria da materialidade dos tambores de <strong>Kandombe de Oliveira (1781)<\/strong>, se tornou um trabalho coletivo, na tentativa de identificar algumas das variadas possibilidades de pesquisa sobre a Hist\u00f3ria Afro-ind\u00edgena do munic\u00edpio. Inicialmente apresentada pela <a href=\"https:\/\/mg.passadospresentes.com.br\/cultura-material\/participante\/ana-luzia-da-silva-morais-sa-rainha-ana-luzia\/\" data-type=\"link\" data-id=\"https:\/\/mg.passadospresentes.com.br\/cultura-material\/participante\/ana-luzia-da-silva-morais-sa-rainha-ana-luzia\/\">S\u00e1 Rainha Konga e Historiadora Ana Luzia<\/a>, a pesquisa se tornou um trabalho muito potente entre os demais integrantes do grupo: A Mestra em Saberes Tradicionais <a href=\"https:\/\/mg.passadospresentes.com.br\/festas-e-modos-de-vida\/participante\/capita-pedrina-de-lourdes-santos\/\" data-type=\"link\" data-id=\"https:\/\/mg.passadospresentes.com.br\/festas-e-modos-de-vida\/participante\/capita-pedrina-de-lourdes-santos\/\">Capit\u00e3 Pedrina de Lourdes Santos<\/a>, o Arque\u00f3logo <a href=\"https:\/\/mg.passadospresentes.com.br\/cultura-material\/participante\/paulo-campos\/\" data-type=\"link\" data-id=\"https:\/\/mg.passadospresentes.com.br\/cultura-material\/participante\/paulo-campos\/\">Paulo Campos<\/a>, a Turism\u00f3loga e Antrop\u00f3loga <a href=\"https:\/\/mg.passadospresentes.com.br\/cultura-material\/participante\/leticia-rosa\/\" data-type=\"link\" data-id=\"https:\/\/mg.passadospresentes.com.br\/cultura-material\/participante\/leticia-rosa\/\">Let\u00edcia Rosa<\/a> e o Arque\u00f3logo <a href=\"https:\/\/mg.passadospresentes.com.br\/cultura-material\/participante\/pedro-da-maura\/\" data-type=\"link\" data-id=\"https:\/\/mg.passadospresentes.com.br\/cultura-material\/participante\/pedro-da-maura\/\">Pedro da Maura<\/a>. O grupo persegue, desde 2023, os vest\u00edgios da hist\u00f3ria afro-ind\u00edgena de Oliveira, com o objetivo de produzir narrativas contra-coloniais sobre este aspecto da hist\u00f3ria.<\/p>\n\n\n\n<div class=\"wp-block-media-text is-stacked-on-mobile\" style=\"grid-template-columns:59% auto\"><figure class=\"wp-block-media-text__media\"><img fetchpriority=\"high\" decoding=\"async\" width=\"1024\" height=\"684\" src=\"https:\/\/mg.passadospresentes.com.br\/cultura-material\/wp-content\/uploads\/sites\/4\/2025\/10\/Captura-de-tela-2025-10-09-105306-1024x684.jpg\" alt=\"\" class=\"wp-image-974 size-full\" srcset=\"https:\/\/mg.passadospresentes.com.br\/cultura-material\/wp-content\/uploads\/sites\/4\/2025\/10\/Captura-de-tela-2025-10-09-105306-1024x684.jpg 1024w, https:\/\/mg.passadospresentes.com.br\/cultura-material\/wp-content\/uploads\/sites\/4\/2025\/10\/Captura-de-tela-2025-10-09-105306-300x200.jpg 300w, https:\/\/mg.passadospresentes.com.br\/cultura-material\/wp-content\/uploads\/sites\/4\/2025\/10\/Captura-de-tela-2025-10-09-105306-768x513.jpg 768w, https:\/\/mg.passadospresentes.com.br\/cultura-material\/wp-content\/uploads\/sites\/4\/2025\/10\/Captura-de-tela-2025-10-09-105306.jpg 1081w\" sizes=\"(max-width: 1024px) 100vw, 1024px\" \/><\/figure><div class=\"wp-block-media-text__content\">\n<p class=\"has-small-font-size\">Kandombe: Tambores e ritual sagrado que fazem parte da estrutura ritual\u00edstica de algumas comunidades Reinadeiras e Congadeiras em Minas Gerais. Em Oliveira, os tambores est\u00e3o na guarda da Irmandade dos Leon\u00eddios e o ritual \u00e9 realizado por eles, em momentos pontuais da Festa da Aboli\u00e7\u00e3o no m\u00eas de maio, no levantamento das bandeiras de aviso em agosto e no Reinado em setembro.<\/p>\n\n\n\n<p class=\"has-small-font-size\">Ao lado, Mestra em Saberes Tradicionais <a href=\"https:\/\/mg.passadospresentes.com.br\/festas-e-modos-de-vida\/participante\/capita-pedrina-de-lourdes-santos\/\" data-type=\"link\" data-id=\"https:\/\/mg.passadospresentes.com.br\/festas-e-modos-de-vida\/participante\/capita-pedrina-de-lourdes-santos\/\">Capit\u00e3 Pedrina de Lourdes Santos <\/a>junto aos Tambores de Oliveira-MG<\/p>\n<\/div><\/div>\n\n\n\n<p><\/p>\n\n\n\n<p class=\"has-small-font-size\">A Capit\u00e3 Pedrina, tendo, h\u00e1 d\u00e9cadas, ci\u00eancia de alguns aspectos da Hist\u00f3ria Afro-ind\u00edgena de Oliveira, contribuiu com este importante trabalho, que tem como din\u00e2mica uma produ\u00e7\u00e3o intersist\u00eamica, valorizando o conhecimento acad\u00eamico e o conhecimento das comunidades, a partir de um di\u00e1logo entre estes dois mundos. Partindo dessa proposta dial\u00f3gica entre mundos, o grupo tem buscado tamb\u00e9m narrativas de membros das comunidade e de entidades como os <strong>Pretos Velhos<\/strong> (Entidades cultuadas na Umbanda que tamb\u00e9m orientam algumas comunidades Reinadeiras) que t\u00eam sinalizado lugares onde provavelmente vamos encontrar vest\u00edgios do tempo pr\u00e9-colonial e colonial.<\/p>\n\n\n\n<p><\/p>\n\n\n\n<div class=\"wp-block-media-text is-stacked-on-mobile\" style=\"grid-template-columns:59% auto\"><figure class=\"wp-block-media-text__media\"><img decoding=\"async\" width=\"1024\" height=\"683\" src=\"https:\/\/mg.passadospresentes.com.br\/cultura-material\/wp-content\/uploads\/sites\/4\/2025\/10\/9_Morro-do-Ferro-1024x683.jpg\" alt=\"\" class=\"wp-image-982 size-full\" srcset=\"https:\/\/mg.passadospresentes.com.br\/cultura-material\/wp-content\/uploads\/sites\/4\/2025\/10\/9_Morro-do-Ferro-1024x683.jpg 1024w, https:\/\/mg.passadospresentes.com.br\/cultura-material\/wp-content\/uploads\/sites\/4\/2025\/10\/9_Morro-do-Ferro-300x200.jpg 300w, https:\/\/mg.passadospresentes.com.br\/cultura-material\/wp-content\/uploads\/sites\/4\/2025\/10\/9_Morro-do-Ferro-768x512.jpg 768w, https:\/\/mg.passadospresentes.com.br\/cultura-material\/wp-content\/uploads\/sites\/4\/2025\/10\/9_Morro-do-Ferro-1536x1024.jpg 1536w, https:\/\/mg.passadospresentes.com.br\/cultura-material\/wp-content\/uploads\/sites\/4\/2025\/10\/9_Morro-do-Ferro-2048x1365.jpg 2048w\" sizes=\"(max-width: 1024px) 100vw, 1024px\" \/><\/figure><div class=\"wp-block-media-text__content\">\n<p class=\"has-small-font-size\">Considerando distintas fontes arqueol\u00f3gicas, hist\u00f3ricas e antropol\u00f3gicas para tentar desenvolver a pesquisa, foram destacados tr\u00eas pontos: a regi\u00e3o do antigo Quilombo de Oliveira, a antiga senzala da Joana Moura &#8211;&nbsp; possivelmente localizada onde hoje \u00e9 a Casa Azul, sede da Irmandade dos Leon\u00eddios e onde tamb\u00e9m foram encontrados os tambores de Kandombe &#8211;&nbsp; e os vest\u00edgios de africanos e ind\u00edgenas nas antigas fazendas de Oliveira, localizadas nas zonas rurais de Oliveira e Morro do Ferro.<\/p>\n<\/div><\/div>\n\n\n\n<p><\/p>\n\n\n\n<p class=\"has-small-font-size\">O trabalho desenvolvido pelo grupo, inicialmente com recursos do Projeto Passados Presentes MG, mapeou fontes e est\u00e1 organizando os caminhos de desenvolvimento desta ampla pesquisa. Foram realizados tr\u00eas trabalhos de campo: inicialmente foram acompanhados os primeiros dias da Festa do Kongo em Oliveira em setembro de 2024, onde registramos o cortejo do Boi do Ros\u00e1rio, o ritual do Kandombe, a Missa Conga e o primeiro dia do Reinado de Nossa Senhora do Ros\u00e1rio. Em novembro de 2024, visitamos o Cart\u00f3rio de Morro do Ferro, o Labdoc na Universidade Federal de S\u00e3o Jo\u00e3o Del Rei e o Arquivo Hist\u00f3rico do IPHAN (Instituto do Patrim\u00f4nio Hist\u00f3rico e Art\u00edstico Nacional) na cidade. No mesmo m\u00eas, registramos as pe\u00e7as ind\u00edgenas que est\u00e3o na Casa de Cultura Carlos Chagas e os Muros de Pedra da Fazenda Diamante em Oliveira.&nbsp;<\/p>\n\n\n\n<p><\/p>\n\n\n\n<figure class=\"wp-block-gallery has-nested-images columns-default is-cropped wp-block-gallery-1 is-layout-flex wp-block-gallery-is-layout-flex\">\n<figure class=\"wp-block-image size-large\"><img decoding=\"async\" width=\"683\" height=\"1024\" data-id=\"990\" src=\"https:\/\/mg.passadospresentes.com.br\/cultura-material\/wp-content\/uploads\/sites\/4\/2025\/10\/19_Labdoc-1-scaled-e1760019450237-683x1024.jpg\" alt=\"\" class=\"wp-image-990\" srcset=\"https:\/\/mg.passadospresentes.com.br\/cultura-material\/wp-content\/uploads\/sites\/4\/2025\/10\/19_Labdoc-1-scaled-e1760019450237-683x1024.jpg 683w, https:\/\/mg.passadospresentes.com.br\/cultura-material\/wp-content\/uploads\/sites\/4\/2025\/10\/19_Labdoc-1-scaled-e1760019450237-200x300.jpg 200w, https:\/\/mg.passadospresentes.com.br\/cultura-material\/wp-content\/uploads\/sites\/4\/2025\/10\/19_Labdoc-1-scaled-e1760019450237-768x1151.jpg 768w, https:\/\/mg.passadospresentes.com.br\/cultura-material\/wp-content\/uploads\/sites\/4\/2025\/10\/19_Labdoc-1-scaled-e1760019450237-1025x1536.jpg 1025w, https:\/\/mg.passadospresentes.com.br\/cultura-material\/wp-content\/uploads\/sites\/4\/2025\/10\/19_Labdoc-1-scaled-e1760019450237-1366x2048.jpg 1366w, https:\/\/mg.passadospresentes.com.br\/cultura-material\/wp-content\/uploads\/sites\/4\/2025\/10\/19_Labdoc-1-scaled-e1760019450237.jpg 1708w\" sizes=\"(max-width: 683px) 100vw, 683px\" \/><\/figure>\n\n\n\n<figure class=\"wp-block-image size-large\"><img loading=\"lazy\" decoding=\"async\" width=\"1024\" height=\"683\" data-id=\"988\" src=\"https:\/\/mg.passadospresentes.com.br\/cultura-material\/wp-content\/uploads\/sites\/4\/2025\/10\/5_Morro-do-Ferro-1-1024x683.jpg\" alt=\"\" class=\"wp-image-988\" srcset=\"https:\/\/mg.passadospresentes.com.br\/cultura-material\/wp-content\/uploads\/sites\/4\/2025\/10\/5_Morro-do-Ferro-1-1024x683.jpg 1024w, https:\/\/mg.passadospresentes.com.br\/cultura-material\/wp-content\/uploads\/sites\/4\/2025\/10\/5_Morro-do-Ferro-1-300x200.jpg 300w, https:\/\/mg.passadospresentes.com.br\/cultura-material\/wp-content\/uploads\/sites\/4\/2025\/10\/5_Morro-do-Ferro-1-768x512.jpg 768w, https:\/\/mg.passadospresentes.com.br\/cultura-material\/wp-content\/uploads\/sites\/4\/2025\/10\/5_Morro-do-Ferro-1-1536x1024.jpg 1536w, https:\/\/mg.passadospresentes.com.br\/cultura-material\/wp-content\/uploads\/sites\/4\/2025\/10\/5_Morro-do-Ferro-1-2048x1365.jpg 2048w\" sizes=\"(max-width: 1024px) 100vw, 1024px\" \/><\/figure>\n\n\n\n<figure class=\"wp-block-image size-large\"><img loading=\"lazy\" decoding=\"async\" width=\"1024\" height=\"683\" data-id=\"989\" src=\"https:\/\/mg.passadospresentes.com.br\/cultura-material\/wp-content\/uploads\/sites\/4\/2025\/10\/16_Labdoc-1-1024x683.jpg\" alt=\"\" class=\"wp-image-989\" srcset=\"https:\/\/mg.passadospresentes.com.br\/cultura-material\/wp-content\/uploads\/sites\/4\/2025\/10\/16_Labdoc-1-1024x683.jpg 1024w, https:\/\/mg.passadospresentes.com.br\/cultura-material\/wp-content\/uploads\/sites\/4\/2025\/10\/16_Labdoc-1-300x200.jpg 300w, https:\/\/mg.passadospresentes.com.br\/cultura-material\/wp-content\/uploads\/sites\/4\/2025\/10\/16_Labdoc-1-768x513.jpg 768w, https:\/\/mg.passadospresentes.com.br\/cultura-material\/wp-content\/uploads\/sites\/4\/2025\/10\/16_Labdoc-1-1536x1025.jpg 1536w, https:\/\/mg.passadospresentes.com.br\/cultura-material\/wp-content\/uploads\/sites\/4\/2025\/10\/16_Labdoc-1-2048x1367.jpg 2048w\" sizes=\"(max-width: 1024px) 100vw, 1024px\" \/><\/figure>\n<\/figure>\n\n\n\n<p><\/p>\n\n\n\n<p class=\"has-small-font-size\">Identificamos v\u00e1rias fontes arqueol\u00f3gicas afro-ind\u00edgenas, al\u00e9m de pensar a pr\u00f3pria materialidade dos tambores de kandombe. No que diz respeito ao acervo no cart\u00f3rio, entrevistamos a oficial Dona Z\u00e9lia, que infelizmente faleceu alguns meses ap\u00f3s o registro. A atual oficial do cart\u00f3rio, Cintia Guglielmelli, tamb\u00e9m nos auxiliou encontrando documenta\u00e7\u00e3o relacionada ao per\u00edodo da escravid\u00e3o no distrito do Morro do Ferro. Os muros de pedra, um marco arqueol\u00f3gico na cidade, est\u00e3o em processo de cadastramento como s\u00edtio arqueol\u00f3gico junto ao IPHAN, medida esta que visa a prote\u00e7\u00e3o do bem cultural e posteriormente a sua inser\u00e7\u00e3o nas bases oficiais do \u00f3rg\u00e3o.<\/p>\n\n\n\n<p><\/p>\n\n\n\n<figure class=\"wp-block-gallery has-nested-images columns-default is-cropped wp-block-gallery-2 is-layout-flex wp-block-gallery-is-layout-flex\">\n<figure class=\"wp-block-image size-large\"><img loading=\"lazy\" decoding=\"async\" width=\"1024\" height=\"683\" data-id=\"984\" src=\"https:\/\/mg.passadospresentes.com.br\/cultura-material\/wp-content\/uploads\/sites\/4\/2025\/10\/7_Morro-do-Ferro-1024x683.jpg\" alt=\"\" class=\"wp-image-984\" srcset=\"https:\/\/mg.passadospresentes.com.br\/cultura-material\/wp-content\/uploads\/sites\/4\/2025\/10\/7_Morro-do-Ferro-1024x683.jpg 1024w, https:\/\/mg.passadospresentes.com.br\/cultura-material\/wp-content\/uploads\/sites\/4\/2025\/10\/7_Morro-do-Ferro-300x200.jpg 300w, https:\/\/mg.passadospresentes.com.br\/cultura-material\/wp-content\/uploads\/sites\/4\/2025\/10\/7_Morro-do-Ferro-768x512.jpg 768w, https:\/\/mg.passadospresentes.com.br\/cultura-material\/wp-content\/uploads\/sites\/4\/2025\/10\/7_Morro-do-Ferro-1536x1024.jpg 1536w, https:\/\/mg.passadospresentes.com.br\/cultura-material\/wp-content\/uploads\/sites\/4\/2025\/10\/7_Morro-do-Ferro-2048x1365.jpg 2048w\" sizes=\"(max-width: 1024px) 100vw, 1024px\" \/><\/figure>\n\n\n\n<figure class=\"wp-block-image size-large\"><img loading=\"lazy\" decoding=\"async\" width=\"1024\" height=\"683\" data-id=\"986\" src=\"https:\/\/mg.passadospresentes.com.br\/cultura-material\/wp-content\/uploads\/sites\/4\/2025\/10\/5_Morro-do-Ferro-1024x683.jpg\" alt=\"\" class=\"wp-image-986\" srcset=\"https:\/\/mg.passadospresentes.com.br\/cultura-material\/wp-content\/uploads\/sites\/4\/2025\/10\/5_Morro-do-Ferro-1024x683.jpg 1024w, https:\/\/mg.passadospresentes.com.br\/cultura-material\/wp-content\/uploads\/sites\/4\/2025\/10\/5_Morro-do-Ferro-300x200.jpg 300w, https:\/\/mg.passadospresentes.com.br\/cultura-material\/wp-content\/uploads\/sites\/4\/2025\/10\/5_Morro-do-Ferro-768x512.jpg 768w, https:\/\/mg.passadospresentes.com.br\/cultura-material\/wp-content\/uploads\/sites\/4\/2025\/10\/5_Morro-do-Ferro-1536x1024.jpg 1536w, https:\/\/mg.passadospresentes.com.br\/cultura-material\/wp-content\/uploads\/sites\/4\/2025\/10\/5_Morro-do-Ferro-2048x1365.jpg 2048w\" sizes=\"(max-width: 1024px) 100vw, 1024px\" \/><\/figure>\n\n\n\n<figure class=\"wp-block-image size-large\"><img loading=\"lazy\" decoding=\"async\" width=\"1024\" height=\"683\" data-id=\"980\" src=\"https:\/\/mg.passadospresentes.com.br\/cultura-material\/wp-content\/uploads\/sites\/4\/2025\/10\/11_Iphan_SJDR-1024x683.jpg\" alt=\"\" class=\"wp-image-980\" srcset=\"https:\/\/mg.passadospresentes.com.br\/cultura-material\/wp-content\/uploads\/sites\/4\/2025\/10\/11_Iphan_SJDR-1024x683.jpg 1024w, https:\/\/mg.passadospresentes.com.br\/cultura-material\/wp-content\/uploads\/sites\/4\/2025\/10\/11_Iphan_SJDR-300x200.jpg 300w, https:\/\/mg.passadospresentes.com.br\/cultura-material\/wp-content\/uploads\/sites\/4\/2025\/10\/11_Iphan_SJDR-768x512.jpg 768w, https:\/\/mg.passadospresentes.com.br\/cultura-material\/wp-content\/uploads\/sites\/4\/2025\/10\/11_Iphan_SJDR-1536x1024.jpg 1536w, https:\/\/mg.passadospresentes.com.br\/cultura-material\/wp-content\/uploads\/sites\/4\/2025\/10\/11_Iphan_SJDR-2048x1365.jpg 2048w\" sizes=\"(max-width: 1024px) 100vw, 1024px\" \/><\/figure>\n<\/figure>\n\n\n\n<p><\/p>\n\n\n\n<p class=\"has-small-font-size\">Em S\u00e3o Jo\u00e3o Del-Rei encontramos documentos da antiga Irmandade do Ros\u00e1rio de Oliveira, al\u00e9m de processos crimes e o invent\u00e1rio de Justiniano das Chagas, marido de Joana Moura. Integrantes da importante fam\u00edlia dos Mouras e Chagas, comerciantes de escravizados na antiga regi\u00e3o de Oliveira. Al\u00e9m disso, encontramos tamb\u00e9m cartas de alforria, pedidos de alforria, notas de compra e venda de incont\u00e1veis africanos e africanos da di\u00e1spora. No momento, estamos em processo de organiza\u00e7\u00e3o e an\u00e1lise de todo esse material, na expectativa de escrever projetos e conseguir recursos para dar continuidade \u00e0 pesquisa.<strong>&nbsp;<\/strong><\/p>\n\n\n\n<p><\/p>\n\n\n\n<figure class=\"wp-block-gallery has-nested-images columns-default is-cropped wp-block-gallery-3 is-layout-flex wp-block-gallery-is-layout-flex\">\n<figure class=\"wp-block-image size-large\"><img loading=\"lazy\" decoding=\"async\" width=\"683\" height=\"1024\" data-id=\"976\" src=\"https:\/\/mg.passadospresentes.com.br\/cultura-material\/wp-content\/uploads\/sites\/4\/2025\/10\/18_Labdoc-683x1024.jpg\" alt=\"\" class=\"wp-image-976\" srcset=\"https:\/\/mg.passadospresentes.com.br\/cultura-material\/wp-content\/uploads\/sites\/4\/2025\/10\/18_Labdoc-683x1024.jpg 683w, https:\/\/mg.passadospresentes.com.br\/cultura-material\/wp-content\/uploads\/sites\/4\/2025\/10\/18_Labdoc-200x300.jpg 200w, https:\/\/mg.passadospresentes.com.br\/cultura-material\/wp-content\/uploads\/sites\/4\/2025\/10\/18_Labdoc-768x1151.jpg 768w, https:\/\/mg.passadospresentes.com.br\/cultura-material\/wp-content\/uploads\/sites\/4\/2025\/10\/18_Labdoc-1025x1536.jpg 1025w, https:\/\/mg.passadospresentes.com.br\/cultura-material\/wp-content\/uploads\/sites\/4\/2025\/10\/18_Labdoc-1367x2048.jpg 1367w, https:\/\/mg.passadospresentes.com.br\/cultura-material\/wp-content\/uploads\/sites\/4\/2025\/10\/18_Labdoc-scaled.jpg 1708w\" sizes=\"(max-width: 683px) 100vw, 683px\" \/><\/figure>\n\n\n\n<figure class=\"wp-block-image size-large\"><img loading=\"lazy\" decoding=\"async\" width=\"683\" height=\"1024\" data-id=\"975\" src=\"https:\/\/mg.passadospresentes.com.br\/cultura-material\/wp-content\/uploads\/sites\/4\/2025\/10\/19_Labdoc-683x1024.jpg\" alt=\"\" class=\"wp-image-975\" srcset=\"https:\/\/mg.passadospresentes.com.br\/cultura-material\/wp-content\/uploads\/sites\/4\/2025\/10\/19_Labdoc-683x1024.jpg 683w, https:\/\/mg.passadospresentes.com.br\/cultura-material\/wp-content\/uploads\/sites\/4\/2025\/10\/19_Labdoc-200x300.jpg 200w, https:\/\/mg.passadospresentes.com.br\/cultura-material\/wp-content\/uploads\/sites\/4\/2025\/10\/19_Labdoc-768x1152.jpg 768w, https:\/\/mg.passadospresentes.com.br\/cultura-material\/wp-content\/uploads\/sites\/4\/2025\/10\/19_Labdoc-1024x1536.jpg 1024w, https:\/\/mg.passadospresentes.com.br\/cultura-material\/wp-content\/uploads\/sites\/4\/2025\/10\/19_Labdoc-1365x2048.jpg 1365w, https:\/\/mg.passadospresentes.com.br\/cultura-material\/wp-content\/uploads\/sites\/4\/2025\/10\/19_Labdoc-scaled.jpg 1707w\" sizes=\"(max-width: 683px) 100vw, 683px\" \/><\/figure>\n\n\n\n<figure class=\"wp-block-image size-large\"><img loading=\"lazy\" decoding=\"async\" width=\"1024\" height=\"683\" data-id=\"978\" src=\"https:\/\/mg.passadospresentes.com.br\/cultura-material\/wp-content\/uploads\/sites\/4\/2025\/10\/13_Iphan_SJDR-1024x683.jpg\" alt=\"\" class=\"wp-image-978\" srcset=\"https:\/\/mg.passadospresentes.com.br\/cultura-material\/wp-content\/uploads\/sites\/4\/2025\/10\/13_Iphan_SJDR-1024x683.jpg 1024w, https:\/\/mg.passadospresentes.com.br\/cultura-material\/wp-content\/uploads\/sites\/4\/2025\/10\/13_Iphan_SJDR-300x200.jpg 300w, https:\/\/mg.passadospresentes.com.br\/cultura-material\/wp-content\/uploads\/sites\/4\/2025\/10\/13_Iphan_SJDR-768x512.jpg 768w, https:\/\/mg.passadospresentes.com.br\/cultura-material\/wp-content\/uploads\/sites\/4\/2025\/10\/13_Iphan_SJDR-1536x1024.jpg 1536w, https:\/\/mg.passadospresentes.com.br\/cultura-material\/wp-content\/uploads\/sites\/4\/2025\/10\/13_Iphan_SJDR-2048x1365.jpg 2048w\" sizes=\"(max-width: 1024px) 100vw, 1024px\" \/><\/figure>\n<\/figure>\n\n\n\n<p><\/p>\n\n\n\n<p class=\"has-small-font-size\">Quais s\u00e3o os caminhos para a pesquisa? Mapear os s\u00edtios arqueol\u00f3gicos em Morro do Ferro e no Bairro de S\u00e3o Sebasti\u00e3o em Oliveira; fazer o trabalho de escava\u00e7\u00e3o e an\u00e1lise dos objetos encontrados e comparar com outros j\u00e1 localizados; dialogar e incentivar a comunidade a participar da pesquisa sobre as diversas tipologias de fontes e utilizar essas fontes para construir as narrativas sobre a hist\u00f3ria afro-ind\u00edgenas de Oliveira.\u00a0Agradecemos ao projeto Passados Presente em Minas Gerais e ao CNPq, a oportunidade de ir a campo e identificar algumas possibilidades de desenvolver essa ampla pesquisa sobre a hist\u00f3ria afro-ind\u00edgena de Oliveira. Abaixo, alguns registros das fontes que produzimos que encontramos em campo.<\/p>\n\n\n\n<p><\/p>\n\n\n\n<figure class=\"wp-block-gallery has-nested-images columns-default is-cropped wp-block-gallery-4 is-layout-flex wp-block-gallery-is-layout-flex\">\n<figure class=\"wp-block-image size-large\"><img loading=\"lazy\" decoding=\"async\" width=\"1024\" height=\"576\" data-id=\"867\" src=\"https:\/\/mg.passadospresentes.com.br\/cultura-material\/wp-content\/uploads\/sites\/4\/2024\/11\/Imagem-do-WhatsApp-de-2025-06-16-as-10.37.50_d76794cb-1024x576.jpg\" alt=\"\" class=\"wp-image-867\" srcset=\"https:\/\/mg.passadospresentes.com.br\/cultura-material\/wp-content\/uploads\/sites\/4\/2024\/11\/Imagem-do-WhatsApp-de-2025-06-16-as-10.37.50_d76794cb-1024x576.jpg 1024w, https:\/\/mg.passadospresentes.com.br\/cultura-material\/wp-content\/uploads\/sites\/4\/2024\/11\/Imagem-do-WhatsApp-de-2025-06-16-as-10.37.50_d76794cb-300x169.jpg 300w, https:\/\/mg.passadospresentes.com.br\/cultura-material\/wp-content\/uploads\/sites\/4\/2024\/11\/Imagem-do-WhatsApp-de-2025-06-16-as-10.37.50_d76794cb-768x432.jpg 768w, https:\/\/mg.passadospresentes.com.br\/cultura-material\/wp-content\/uploads\/sites\/4\/2024\/11\/Imagem-do-WhatsApp-de-2025-06-16-as-10.37.50_d76794cb-1536x864.jpg 1536w, https:\/\/mg.passadospresentes.com.br\/cultura-material\/wp-content\/uploads\/sites\/4\/2024\/11\/Imagem-do-WhatsApp-de-2025-06-16-as-10.37.50_d76794cb.jpg 1600w\" sizes=\"(max-width: 1024px) 100vw, 1024px\" \/><\/figure>\n\n\n\n<figure class=\"wp-block-image size-large\"><img loading=\"lazy\" decoding=\"async\" width=\"1024\" height=\"683\" data-id=\"981\" src=\"https:\/\/mg.passadospresentes.com.br\/cultura-material\/wp-content\/uploads\/sites\/4\/2025\/10\/12_Iphan_SJDR-1024x683.jpg\" alt=\"\" class=\"wp-image-981\" srcset=\"https:\/\/mg.passadospresentes.com.br\/cultura-material\/wp-content\/uploads\/sites\/4\/2025\/10\/12_Iphan_SJDR-1024x683.jpg 1024w, https:\/\/mg.passadospresentes.com.br\/cultura-material\/wp-content\/uploads\/sites\/4\/2025\/10\/12_Iphan_SJDR-300x200.jpg 300w, https:\/\/mg.passadospresentes.com.br\/cultura-material\/wp-content\/uploads\/sites\/4\/2025\/10\/12_Iphan_SJDR-768x512.jpg 768w, https:\/\/mg.passadospresentes.com.br\/cultura-material\/wp-content\/uploads\/sites\/4\/2025\/10\/12_Iphan_SJDR-1536x1024.jpg 1536w, https:\/\/mg.passadospresentes.com.br\/cultura-material\/wp-content\/uploads\/sites\/4\/2025\/10\/12_Iphan_SJDR-2048x1365.jpg 2048w\" sizes=\"(max-width: 1024px) 100vw, 1024px\" \/><\/figure>\n\n\n\n<figure class=\"wp-block-image size-large\"><img loading=\"lazy\" decoding=\"async\" width=\"1024\" height=\"576\" data-id=\"987\" src=\"https:\/\/mg.passadospresentes.com.br\/cultura-material\/wp-content\/uploads\/sites\/4\/2025\/10\/3_Muro-de-Pedra-1024x576.jpeg\" alt=\"\" class=\"wp-image-987\" srcset=\"https:\/\/mg.passadospresentes.com.br\/cultura-material\/wp-content\/uploads\/sites\/4\/2025\/10\/3_Muro-de-Pedra-1024x576.jpeg 1024w, https:\/\/mg.passadospresentes.com.br\/cultura-material\/wp-content\/uploads\/sites\/4\/2025\/10\/3_Muro-de-Pedra-300x169.jpeg 300w, https:\/\/mg.passadospresentes.com.br\/cultura-material\/wp-content\/uploads\/sites\/4\/2025\/10\/3_Muro-de-Pedra-768x432.jpeg 768w, https:\/\/mg.passadospresentes.com.br\/cultura-material\/wp-content\/uploads\/sites\/4\/2025\/10\/3_Muro-de-Pedra-1536x864.jpeg 1536w, https:\/\/mg.passadospresentes.com.br\/cultura-material\/wp-content\/uploads\/sites\/4\/2025\/10\/3_Muro-de-Pedra.jpeg 1600w\" sizes=\"(max-width: 1024px) 100vw, 1024px\" \/><\/figure>\n<\/figure>\n\n\n\n<p class=\"has-small-font-size\"><\/p>\n\n\n\n<figure class=\"wp-block-gallery has-nested-images columns-default is-cropped wp-block-gallery-5 is-layout-flex wp-block-gallery-is-layout-flex\">\n<figure class=\"wp-block-image size-large\"><img loading=\"lazy\" decoding=\"async\" width=\"1024\" height=\"683\" data-id=\"991\" src=\"https:\/\/mg.passadospresentes.com.br\/cultura-material\/wp-content\/uploads\/sites\/4\/2025\/10\/24_Boi-1024x683.jpg\" alt=\"\" class=\"wp-image-991\" srcset=\"https:\/\/mg.passadospresentes.com.br\/cultura-material\/wp-content\/uploads\/sites\/4\/2025\/10\/24_Boi-1024x683.jpg 1024w, https:\/\/mg.passadospresentes.com.br\/cultura-material\/wp-content\/uploads\/sites\/4\/2025\/10\/24_Boi-300x200.jpg 300w, https:\/\/mg.passadospresentes.com.br\/cultura-material\/wp-content\/uploads\/sites\/4\/2025\/10\/24_Boi-768x512.jpg 768w, https:\/\/mg.passadospresentes.com.br\/cultura-material\/wp-content\/uploads\/sites\/4\/2025\/10\/24_Boi-1536x1024.jpg 1536w, https:\/\/mg.passadospresentes.com.br\/cultura-material\/wp-content\/uploads\/sites\/4\/2025\/10\/24_Boi-2048x1365.jpg 2048w\" sizes=\"(max-width: 1024px) 100vw, 1024px\" \/><\/figure>\n\n\n\n<figure class=\"wp-block-image size-large\"><img loading=\"lazy\" decoding=\"async\" width=\"1024\" height=\"683\" data-id=\"992\" src=\"https:\/\/mg.passadospresentes.com.br\/cultura-material\/wp-content\/uploads\/sites\/4\/2025\/10\/23_Boi-1024x683.jpg\" alt=\"\" class=\"wp-image-992\" srcset=\"https:\/\/mg.passadospresentes.com.br\/cultura-material\/wp-content\/uploads\/sites\/4\/2025\/10\/23_Boi-1024x683.jpg 1024w, https:\/\/mg.passadospresentes.com.br\/cultura-material\/wp-content\/uploads\/sites\/4\/2025\/10\/23_Boi-300x200.jpg 300w, https:\/\/mg.passadospresentes.com.br\/cultura-material\/wp-content\/uploads\/sites\/4\/2025\/10\/23_Boi-768x512.jpg 768w, https:\/\/mg.passadospresentes.com.br\/cultura-material\/wp-content\/uploads\/sites\/4\/2025\/10\/23_Boi-1536x1024.jpg 1536w, https:\/\/mg.passadospresentes.com.br\/cultura-material\/wp-content\/uploads\/sites\/4\/2025\/10\/23_Boi-2048x1365.jpg 2048w\" sizes=\"(max-width: 1024px) 100vw, 1024px\" \/><\/figure>\n\n\n\n<figure class=\"wp-block-image size-large\"><img loading=\"lazy\" decoding=\"async\" width=\"1024\" height=\"683\" data-id=\"993\" src=\"https:\/\/mg.passadospresentes.com.br\/cultura-material\/wp-content\/uploads\/sites\/4\/2025\/10\/22_Boi-1024x683.jpg\" alt=\"\" class=\"wp-image-993\" srcset=\"https:\/\/mg.passadospresentes.com.br\/cultura-material\/wp-content\/uploads\/sites\/4\/2025\/10\/22_Boi-1024x683.jpg 1024w, https:\/\/mg.passadospresentes.com.br\/cultura-material\/wp-content\/uploads\/sites\/4\/2025\/10\/22_Boi-300x200.jpg 300w, https:\/\/mg.passadospresentes.com.br\/cultura-material\/wp-content\/uploads\/sites\/4\/2025\/10\/22_Boi-768x512.jpg 768w, https:\/\/mg.passadospresentes.com.br\/cultura-material\/wp-content\/uploads\/sites\/4\/2025\/10\/22_Boi-1536x1024.jpg 1536w, https:\/\/mg.passadospresentes.com.br\/cultura-material\/wp-content\/uploads\/sites\/4\/2025\/10\/22_Boi-2048x1365.jpg 2048w\" sizes=\"(max-width: 1024px) 100vw, 1024px\" \/><\/figure>\n\n\n\n<figure class=\"wp-block-image size-large\"><img loading=\"lazy\" decoding=\"async\" width=\"683\" height=\"1024\" data-id=\"994\" src=\"https:\/\/mg.passadospresentes.com.br\/cultura-material\/wp-content\/uploads\/sites\/4\/2025\/10\/14_Iphan_SJDR-1-683x1024.jpg\" alt=\"\" class=\"wp-image-994\" srcset=\"https:\/\/mg.passadospresentes.com.br\/cultura-material\/wp-content\/uploads\/sites\/4\/2025\/10\/14_Iphan_SJDR-1-683x1024.jpg 683w, https:\/\/mg.passadospresentes.com.br\/cultura-material\/wp-content\/uploads\/sites\/4\/2025\/10\/14_Iphan_SJDR-1-200x300.jpg 200w, https:\/\/mg.passadospresentes.com.br\/cultura-material\/wp-content\/uploads\/sites\/4\/2025\/10\/14_Iphan_SJDR-1-768x1152.jpg 768w, https:\/\/mg.passadospresentes.com.br\/cultura-material\/wp-content\/uploads\/sites\/4\/2025\/10\/14_Iphan_SJDR-1-1024x1536.jpg 1024w, https:\/\/mg.passadospresentes.com.br\/cultura-material\/wp-content\/uploads\/sites\/4\/2025\/10\/14_Iphan_SJDR-1-1365x2048.jpg 1365w, https:\/\/mg.passadospresentes.com.br\/cultura-material\/wp-content\/uploads\/sites\/4\/2025\/10\/14_Iphan_SJDR-1-scaled.jpg 1707w\" sizes=\"(max-width: 683px) 100vw, 683px\" \/><\/figure>\n\n\n\n<figure class=\"wp-block-image size-large\"><img loading=\"lazy\" decoding=\"async\" width=\"1024\" height=\"683\" data-id=\"995\" src=\"https:\/\/mg.passadospresentes.com.br\/cultura-material\/wp-content\/uploads\/sites\/4\/2025\/10\/10_Morro-do-Ferro-1024x683.jpg\" alt=\"\" class=\"wp-image-995\" srcset=\"https:\/\/mg.passadospresentes.com.br\/cultura-material\/wp-content\/uploads\/sites\/4\/2025\/10\/10_Morro-do-Ferro-1024x683.jpg 1024w, https:\/\/mg.passadospresentes.com.br\/cultura-material\/wp-content\/uploads\/sites\/4\/2025\/10\/10_Morro-do-Ferro-300x200.jpg 300w, https:\/\/mg.passadospresentes.com.br\/cultura-material\/wp-content\/uploads\/sites\/4\/2025\/10\/10_Morro-do-Ferro-768x512.jpg 768w, https:\/\/mg.passadospresentes.com.br\/cultura-material\/wp-content\/uploads\/sites\/4\/2025\/10\/10_Morro-do-Ferro-1536x1024.jpg 1536w, https:\/\/mg.passadospresentes.com.br\/cultura-material\/wp-content\/uploads\/sites\/4\/2025\/10\/10_Morro-do-Ferro-2048x1365.jpg 2048w\" sizes=\"(max-width: 1024px) 100vw, 1024px\" \/><\/figure>\n\n\n\n<figure class=\"wp-block-image size-large\"><img loading=\"lazy\" decoding=\"async\" width=\"1024\" height=\"576\" data-id=\"996\" src=\"https:\/\/mg.passadospresentes.com.br\/cultura-material\/wp-content\/uploads\/sites\/4\/2025\/10\/5_Casa-de-Cultura-Carlos-Chagas-1024x576.jpeg\" alt=\"\" class=\"wp-image-996\" srcset=\"https:\/\/mg.passadospresentes.com.br\/cultura-material\/wp-content\/uploads\/sites\/4\/2025\/10\/5_Casa-de-Cultura-Carlos-Chagas-1024x576.jpeg 1024w, https:\/\/mg.passadospresentes.com.br\/cultura-material\/wp-content\/uploads\/sites\/4\/2025\/10\/5_Casa-de-Cultura-Carlos-Chagas-300x169.jpeg 300w, https:\/\/mg.passadospresentes.com.br\/cultura-material\/wp-content\/uploads\/sites\/4\/2025\/10\/5_Casa-de-Cultura-Carlos-Chagas-768x432.jpeg 768w, https:\/\/mg.passadospresentes.com.br\/cultura-material\/wp-content\/uploads\/sites\/4\/2025\/10\/5_Casa-de-Cultura-Carlos-Chagas-1536x864.jpeg 1536w, https:\/\/mg.passadospresentes.com.br\/cultura-material\/wp-content\/uploads\/sites\/4\/2025\/10\/5_Casa-de-Cultura-Carlos-Chagas.jpeg 1600w\" sizes=\"(max-width: 1024px) 100vw, 1024px\" \/><\/figure>\n<\/figure>\n","protected":false},"excerpt":{"rendered":"<p>Escrita coletiva Esse grupo de trabalho, estudo e&nbsp; pesquisa, nasceu dentro das discuss\u00f5es do grupo de Cultura Material e durante a realiza\u00e7\u00e3o do I Semin\u00e1rio do Projeto Passados Presentes Patrim\u00f4nios e Mem\u00f3rias Negras e Afro-ind\u00edgenas em Minas Gerais. A partir de uma proposta de pesquisa individual que tinha inicialmente o objetivo de dar continuidade sobre [&hellip;]<\/p>\n","protected":false},"author":10,"featured_media":985,"comment_status":"open","ping_status":"open","sticky":false,"template":"","format":"standard","meta":{"_acf_changed":false,"footnotes":""},"categories":[19],"tags":[],"class_list":["post-973","post","type-post","status-publish","format-standard","has-post-thumbnail","hentry","category-noticias"],"acf":[],"_links":{"self":[{"href":"https:\/\/mg.passadospresentes.com.br\/cultura-material\/wp-json\/wp\/v2\/posts\/973","targetHints":{"allow":["GET"]}}],"collection":[{"href":"https:\/\/mg.passadospresentes.com.br\/cultura-material\/wp-json\/wp\/v2\/posts"}],"about":[{"href":"https:\/\/mg.passadospresentes.com.br\/cultura-material\/wp-json\/wp\/v2\/types\/post"}],"author":[{"embeddable":true,"href":"https:\/\/mg.passadospresentes.com.br\/cultura-material\/wp-json\/wp\/v2\/users\/10"}],"replies":[{"embeddable":true,"href":"https:\/\/mg.passadospresentes.com.br\/cultura-material\/wp-json\/wp\/v2\/comments?post=973"}],"version-history":[{"count":6,"href":"https:\/\/mg.passadospresentes.com.br\/cultura-material\/wp-json\/wp\/v2\/posts\/973\/revisions"}],"predecessor-version":[{"id":1006,"href":"https:\/\/mg.passadospresentes.com.br\/cultura-material\/wp-json\/wp\/v2\/posts\/973\/revisions\/1006"}],"wp:featuredmedia":[{"embeddable":true,"href":"https:\/\/mg.passadospresentes.com.br\/cultura-material\/wp-json\/wp\/v2\/media\/985"}],"wp:attachment":[{"href":"https:\/\/mg.passadospresentes.com.br\/cultura-material\/wp-json\/wp\/v2\/media?parent=973"}],"wp:term":[{"taxonomy":"category","embeddable":true,"href":"https:\/\/mg.passadospresentes.com.br\/cultura-material\/wp-json\/wp\/v2\/categories?post=973"},{"taxonomy":"post_tag","embeddable":true,"href":"https:\/\/mg.passadospresentes.com.br\/cultura-material\/wp-json\/wp\/v2\/tags?post=973"}],"curies":[{"name":"wp","href":"https:\/\/api.w.org\/{rel}","templated":true}]}}