{"id":95,"date":"2025-02-11T16:11:34","date_gmt":"2025-02-11T19:11:34","guid":{"rendered":"https:\/\/mg.passadospresentes.com.br\/cultura-material\/?p=95"},"modified":"2025-03-17T12:53:42","modified_gmt":"2025-03-17T15:53:42","slug":"lugares-de-memoria","status":"publish","type":"post","link":"https:\/\/mg.passadospresentes.com.br\/cultura-material\/acao-cultural\/lugares-de-memoria\/","title":{"rendered":"Oficina Cultural: Lugares de Mem\u00f3ria"},"content":{"rendered":"\n<p><\/p>\n\n\n\n<p>Em junho de 2024, a <a href=\"https:\/\/www.instagram.com\/associacaoafroancestral\/\" data-type=\"link\" data-id=\"https:\/\/www.instagram.com\/associacaoafroancestral\/\">Associa\u00e7\u00e3o Afro Ancestral <\/a>do Terreiro do Caboclo Pedra Branca, em Po\u00e7os de Caldas, ganhou novas cores e significados com uma oficina cultural de pintura de muros. A a\u00e7\u00e3o foi idealizada a partir de conversas com<a href=\"https:\/\/mg.passadospresentes.com.br\/cultura-material\/participante\/maeanamaria\/\" data-type=\"link\" data-id=\"https:\/\/mg.passadospresentes.com.br\/cultura-material\/participante\/maeanamaria\/\"> M\u00e3e Ana Maria de Ians\u00e3<\/a>, detentora de saberes ancestrais, que prop\u00f4s a mobiliza\u00e7\u00e3o coletiva como forma de fortalecer a identidade da comunidade. Os desenhos criados para os muros n\u00e3o s\u00e3o apenas arte, mas uma express\u00e3o viva da hist\u00f3ria, dos valores e dos sonhos daqueles que fazem parte do terreiro. A oficina foi um momento de uni\u00e3o e celebra\u00e7\u00e3o, onde todos puderam contribuir para contar, por meio das pinturas, a trajet\u00f3ria da comunidade. Como dito por M\u00e3e Ana Maria:<\/p>\n\n\n\n<div class=\"wp-block-media-text is-stacked-on-mobile\"><figure class=\"wp-block-media-text__media\"><img fetchpriority=\"high\" decoding=\"async\" width=\"1024\" height=\"683\" src=\"https:\/\/mg.passadospresentes.com.br\/cultura-material\/wp-content\/uploads\/sites\/4\/2024\/10\/DSC_0038-1024x683.jpg\" alt=\"\" class=\"wp-image-725 size-full\" srcset=\"https:\/\/mg.passadospresentes.com.br\/cultura-material\/wp-content\/uploads\/sites\/4\/2024\/10\/DSC_0038-1024x683.jpg 1024w, https:\/\/mg.passadospresentes.com.br\/cultura-material\/wp-content\/uploads\/sites\/4\/2024\/10\/DSC_0038-300x200.jpg 300w, https:\/\/mg.passadospresentes.com.br\/cultura-material\/wp-content\/uploads\/sites\/4\/2024\/10\/DSC_0038-768x512.jpg 768w, https:\/\/mg.passadospresentes.com.br\/cultura-material\/wp-content\/uploads\/sites\/4\/2024\/10\/DSC_0038-1536x1024.jpg 1536w, https:\/\/mg.passadospresentes.com.br\/cultura-material\/wp-content\/uploads\/sites\/4\/2024\/10\/DSC_0038-2048x1365.jpg 2048w\" sizes=\"(max-width: 1024px) 100vw, 1024px\" \/><\/figure><div class=\"wp-block-media-text__content\">\n<p>Os desenhos ajudam a refletir sobre &#8220;<em>quem somos, para onde queremos ir e como iremos chegar<\/em>&#8220;.<\/p>\n<\/div><\/div>\n\n\n\n<p><\/p>\n\n\n\n<p>A oficina foi um momento de uni\u00e3o e celebra\u00e7\u00e3o, onde todos puderam contribuir para contar, por meio das pinturas, a trajet\u00f3ria da comunidade. Cada tra\u00e7o e cor escolhidos refor\u00e7am a conex\u00e3o com as ra\u00edzes ancestrais e o compromisso com um futuro de respeito e fortalecimento cultural.<\/p>\n\n\n\n<figure class=\"wp-block-gallery has-nested-images columns-default is-cropped wp-block-gallery-1 is-layout-flex wp-block-gallery-is-layout-flex\">\n<figure class=\"wp-block-image size-large\"><img decoding=\"async\" width=\"682\" height=\"1024\" data-id=\"766\" src=\"https:\/\/mg.passadospresentes.com.br\/cultura-material\/wp-content\/uploads\/sites\/4\/2024\/10\/@_oxuao-IMG_6236-682x1024.jpg\" alt=\"\" class=\"wp-image-766\" srcset=\"https:\/\/mg.passadospresentes.com.br\/cultura-material\/wp-content\/uploads\/sites\/4\/2024\/10\/@_oxuao-IMG_6236-682x1024.jpg 682w, https:\/\/mg.passadospresentes.com.br\/cultura-material\/wp-content\/uploads\/sites\/4\/2024\/10\/@_oxuao-IMG_6236-200x300.jpg 200w, https:\/\/mg.passadospresentes.com.br\/cultura-material\/wp-content\/uploads\/sites\/4\/2024\/10\/@_oxuao-IMG_6236-768x1153.jpg 768w, https:\/\/mg.passadospresentes.com.br\/cultura-material\/wp-content\/uploads\/sites\/4\/2024\/10\/@_oxuao-IMG_6236-1023x1536.jpg 1023w, https:\/\/mg.passadospresentes.com.br\/cultura-material\/wp-content\/uploads\/sites\/4\/2024\/10\/@_oxuao-IMG_6236.jpg 1364w\" sizes=\"(max-width: 682px) 100vw, 682px\" \/><figcaption class=\"wp-element-caption\"><strong>Leo Wezzy<\/strong><\/figcaption><\/figure>\n\n\n\n<figure class=\"wp-block-image size-large\"><img decoding=\"async\" data-id=\"741\" src=\"https:\/\/mg.passadospresentes.com.br\/cultura-material\/wp-content\/uploads\/sites\/4\/2024\/10\/@_oxuao-IMG_6538-682x1024.jpg\" alt=\"\" class=\"wp-image-741\"\/><figcaption class=\"wp-element-caption\"><strong>MUFF\u00dc<\/strong><\/figcaption><\/figure>\n\n\n\n<figure class=\"wp-block-image size-large\"><img decoding=\"async\" width=\"683\" height=\"1024\" data-id=\"732\" src=\"https:\/\/mg.passadospresentes.com.br\/cultura-material\/wp-content\/uploads\/sites\/4\/2024\/10\/@_oxuao-IMG_6141-683x1024.jpg\" alt=\"\" class=\"wp-image-732\" srcset=\"https:\/\/mg.passadospresentes.com.br\/cultura-material\/wp-content\/uploads\/sites\/4\/2024\/10\/@_oxuao-IMG_6141-683x1024.jpg 683w, https:\/\/mg.passadospresentes.com.br\/cultura-material\/wp-content\/uploads\/sites\/4\/2024\/10\/@_oxuao-IMG_6141-200x300.jpg 200w, https:\/\/mg.passadospresentes.com.br\/cultura-material\/wp-content\/uploads\/sites\/4\/2024\/10\/@_oxuao-IMG_6141-768x1152.jpg 768w, https:\/\/mg.passadospresentes.com.br\/cultura-material\/wp-content\/uploads\/sites\/4\/2024\/10\/@_oxuao-IMG_6141-1024x1536.jpg 1024w, https:\/\/mg.passadospresentes.com.br\/cultura-material\/wp-content\/uploads\/sites\/4\/2024\/10\/@_oxuao-IMG_6141.jpg 1365w\" sizes=\"(max-width: 683px) 100vw, 683px\" \/><figcaption class=\"wp-element-caption\"><strong>A.Martins<\/strong><\/figcaption><\/figure>\n<\/figure>\n\n\n\n<p>Al\u00e9m de embelezar o espa\u00e7o, a pintura dos muros se tornou um s\u00edmbolo de resist\u00eancia e orgulho para a Associa\u00e7\u00e3o Afro Ancestral. Com a ajuda dos artistas <a href=\"https:\/\/www.instagram.com\/leowezzy\/\" data-type=\"link\" data-id=\"https:\/\/www.instagram.com\/leowezzy\/\">Leo Wezzy<\/a>, <a href=\"https:\/\/www.instagram.com\/naoviumentiu\/\" data-type=\"link\" data-id=\"https:\/\/www.instagram.com\/naoviumentiu\/\">MUFF\u00dc<\/a> e <a href=\"https:\/\/www.instagram.com\/elainemartin_s\/\">A.Martins<\/a>, que auxiliariam na condu\u00e7\u00e3o das atividades criativas, os muros da associa\u00e7\u00e3o ganharam vida atrav\u00e9s das artes criadas pela comunidade. A iniciativa mostrou como a arte pode ser uma ferramenta poderosa para unir pessoas, preservar tradi\u00e7\u00f5es e inspirar transforma\u00e7\u00f5es. O resultado \u00e9 um legado visual que continuar\u00e1 a contar a hist\u00f3ria dessa comunidade para as gera\u00e7\u00f5es futuras.<\/p>\n\n\n\n<div class=\"wp-block-group is-layout-constrained wp-block-group-is-layout-constrained\">\n<div class=\"wp-block-group is-layout-constrained wp-block-group-is-layout-constrained\">\n<div class=\"wp-block-group is-layout-constrained wp-block-group-is-layout-constrained\">\n<figure class=\"wp-block-gallery has-nested-images columns-default is-cropped wp-block-gallery-2 is-layout-flex wp-block-gallery-is-layout-flex\">\n<figure class=\"wp-block-image size-large\"><img loading=\"lazy\" decoding=\"async\" width=\"683\" height=\"1024\" data-id=\"736\" src=\"https:\/\/mg.passadospresentes.com.br\/cultura-material\/wp-content\/uploads\/sites\/4\/2024\/10\/@_oxuao-IMG_6156-683x1024.jpg\" alt=\"\" class=\"wp-image-736\" srcset=\"https:\/\/mg.passadospresentes.com.br\/cultura-material\/wp-content\/uploads\/sites\/4\/2024\/10\/@_oxuao-IMG_6156-683x1024.jpg 683w, https:\/\/mg.passadospresentes.com.br\/cultura-material\/wp-content\/uploads\/sites\/4\/2024\/10\/@_oxuao-IMG_6156-200x300.jpg 200w, https:\/\/mg.passadospresentes.com.br\/cultura-material\/wp-content\/uploads\/sites\/4\/2024\/10\/@_oxuao-IMG_6156-768x1152.jpg 768w, https:\/\/mg.passadospresentes.com.br\/cultura-material\/wp-content\/uploads\/sites\/4\/2024\/10\/@_oxuao-IMG_6156-1024x1536.jpg 1024w, https:\/\/mg.passadospresentes.com.br\/cultura-material\/wp-content\/uploads\/sites\/4\/2024\/10\/@_oxuao-IMG_6156.jpg 1365w\" sizes=\"(max-width: 683px) 100vw, 683px\" \/><\/figure>\n\n\n\n<figure class=\"wp-block-image size-large\"><img loading=\"lazy\" decoding=\"async\" width=\"682\" height=\"1024\" data-id=\"735\" src=\"https:\/\/mg.passadospresentes.com.br\/cultura-material\/wp-content\/uploads\/sites\/4\/2024\/10\/@_oxuao-IMG_6263-682x1024.jpg\" alt=\"\" class=\"wp-image-735\" srcset=\"https:\/\/mg.passadospresentes.com.br\/cultura-material\/wp-content\/uploads\/sites\/4\/2024\/10\/@_oxuao-IMG_6263-682x1024.jpg 682w, https:\/\/mg.passadospresentes.com.br\/cultura-material\/wp-content\/uploads\/sites\/4\/2024\/10\/@_oxuao-IMG_6263-200x300.jpg 200w, https:\/\/mg.passadospresentes.com.br\/cultura-material\/wp-content\/uploads\/sites\/4\/2024\/10\/@_oxuao-IMG_6263-768x1153.jpg 768w, https:\/\/mg.passadospresentes.com.br\/cultura-material\/wp-content\/uploads\/sites\/4\/2024\/10\/@_oxuao-IMG_6263-1023x1536.jpg 1023w, https:\/\/mg.passadospresentes.com.br\/cultura-material\/wp-content\/uploads\/sites\/4\/2024\/10\/@_oxuao-IMG_6263.jpg 1364w\" sizes=\"(max-width: 682px) 100vw, 682px\" \/><\/figure>\n\n\n\n<figure class=\"wp-block-image size-large\"><img loading=\"lazy\" decoding=\"async\" width=\"683\" height=\"1024\" data-id=\"731\" src=\"https:\/\/mg.passadospresentes.com.br\/cultura-material\/wp-content\/uploads\/sites\/4\/2024\/10\/@_oxuao-IMG_6171-683x1024.jpg\" alt=\"\" class=\"wp-image-731\" srcset=\"https:\/\/mg.passadospresentes.com.br\/cultura-material\/wp-content\/uploads\/sites\/4\/2024\/10\/@_oxuao-IMG_6171-683x1024.jpg 683w, https:\/\/mg.passadospresentes.com.br\/cultura-material\/wp-content\/uploads\/sites\/4\/2024\/10\/@_oxuao-IMG_6171-200x300.jpg 200w, https:\/\/mg.passadospresentes.com.br\/cultura-material\/wp-content\/uploads\/sites\/4\/2024\/10\/@_oxuao-IMG_6171-768x1152.jpg 768w, https:\/\/mg.passadospresentes.com.br\/cultura-material\/wp-content\/uploads\/sites\/4\/2024\/10\/@_oxuao-IMG_6171-1024x1536.jpg 1024w, https:\/\/mg.passadospresentes.com.br\/cultura-material\/wp-content\/uploads\/sites\/4\/2024\/10\/@_oxuao-IMG_6171.jpg 1365w\" sizes=\"(max-width: 683px) 100vw, 683px\" \/><\/figure>\n\n\n\n<figure class=\"wp-block-image size-large\"><img loading=\"lazy\" decoding=\"async\" width=\"670\" height=\"1024\" data-id=\"763\" src=\"https:\/\/mg.passadospresentes.com.br\/cultura-material\/wp-content\/uploads\/sites\/4\/2024\/10\/@_oxuao-IMG_6528-670x1024.jpg\" alt=\"\" class=\"wp-image-763\" srcset=\"https:\/\/mg.passadospresentes.com.br\/cultura-material\/wp-content\/uploads\/sites\/4\/2024\/10\/@_oxuao-IMG_6528-670x1024.jpg 670w, https:\/\/mg.passadospresentes.com.br\/cultura-material\/wp-content\/uploads\/sites\/4\/2024\/10\/@_oxuao-IMG_6528-196x300.jpg 196w, https:\/\/mg.passadospresentes.com.br\/cultura-material\/wp-content\/uploads\/sites\/4\/2024\/10\/@_oxuao-IMG_6528-768x1174.jpg 768w, https:\/\/mg.passadospresentes.com.br\/cultura-material\/wp-content\/uploads\/sites\/4\/2024\/10\/@_oxuao-IMG_6528-1005x1536.jpg 1005w, https:\/\/mg.passadospresentes.com.br\/cultura-material\/wp-content\/uploads\/sites\/4\/2024\/10\/@_oxuao-IMG_6528.jpg 1340w\" sizes=\"(max-width: 670px) 100vw, 670px\" \/><\/figure>\n\n\n\n<figure class=\"wp-block-image size-large\"><img loading=\"lazy\" decoding=\"async\" width=\"675\" height=\"1024\" data-id=\"730\" src=\"https:\/\/mg.passadospresentes.com.br\/cultura-material\/wp-content\/uploads\/sites\/4\/2024\/10\/@_oxuao-IMG_6220-675x1024.jpg\" alt=\"\" class=\"wp-image-730\" srcset=\"https:\/\/mg.passadospresentes.com.br\/cultura-material\/wp-content\/uploads\/sites\/4\/2024\/10\/@_oxuao-IMG_6220-675x1024.jpg 675w, https:\/\/mg.passadospresentes.com.br\/cultura-material\/wp-content\/uploads\/sites\/4\/2024\/10\/@_oxuao-IMG_6220-198x300.jpg 198w, https:\/\/mg.passadospresentes.com.br\/cultura-material\/wp-content\/uploads\/sites\/4\/2024\/10\/@_oxuao-IMG_6220-768x1165.jpg 768w, https:\/\/mg.passadospresentes.com.br\/cultura-material\/wp-content\/uploads\/sites\/4\/2024\/10\/@_oxuao-IMG_6220-1013x1536.jpg 1013w, https:\/\/mg.passadospresentes.com.br\/cultura-material\/wp-content\/uploads\/sites\/4\/2024\/10\/@_oxuao-IMG_6220.jpg 1350w\" sizes=\"(max-width: 675px) 100vw, 675px\" \/><\/figure>\n\n\n\n<figure class=\"wp-block-image size-large\"><img loading=\"lazy\" decoding=\"async\" width=\"682\" height=\"1024\" data-id=\"729\" src=\"https:\/\/mg.passadospresentes.com.br\/cultura-material\/wp-content\/uploads\/sites\/4\/2024\/10\/@_oxuao-IMG_6278-682x1024.jpg\" alt=\"\" class=\"wp-image-729\" srcset=\"https:\/\/mg.passadospresentes.com.br\/cultura-material\/wp-content\/uploads\/sites\/4\/2024\/10\/@_oxuao-IMG_6278-682x1024.jpg 682w, https:\/\/mg.passadospresentes.com.br\/cultura-material\/wp-content\/uploads\/sites\/4\/2024\/10\/@_oxuao-IMG_6278-200x300.jpg 200w, https:\/\/mg.passadospresentes.com.br\/cultura-material\/wp-content\/uploads\/sites\/4\/2024\/10\/@_oxuao-IMG_6278-768x1153.jpg 768w, https:\/\/mg.passadospresentes.com.br\/cultura-material\/wp-content\/uploads\/sites\/4\/2024\/10\/@_oxuao-IMG_6278-1023x1536.jpg 1023w, https:\/\/mg.passadospresentes.com.br\/cultura-material\/wp-content\/uploads\/sites\/4\/2024\/10\/@_oxuao-IMG_6278.jpg 1364w\" sizes=\"(max-width: 682px) 100vw, 682px\" \/><\/figure>\n<\/figure>\n<\/div>\n<\/div>\n\n\n\n<p><\/p>\n<\/div>\n\n\n\n<h2 class=\"wp-block-heading\"><em><strong>&#8220;Auto-mapas&#8221; Ancestrais<\/strong><\/em><\/h2>\n\n\n\n<p>A partir da ideia de que mapas buscam retratar \u201cexist\u00eancia&#8221; e a \u201ccomposi\u00e7\u00e3o\u201d de um lugar, convidamos a comunidade ao <em>auto-mapeamento<\/em>. Conversamos sobre as mem\u00f3rias pessoais e coletivas dos integrantes do Terreiro e a rela\u00e7\u00e3o dessas mem\u00f3rias com os espa\u00e7os que hoje cada um ocupa. Em sequ\u00eancia, incentivamos&nbsp; a produ\u00e7\u00e3o de mapas coletivos, como uma esp\u00e9cie de retrato de suas identidades e territ\u00f3rios.&nbsp;<\/p>\n\n\n\n<figure class=\"wp-block-gallery has-nested-images columns-default is-cropped wp-block-gallery-3 is-layout-flex wp-block-gallery-is-layout-flex\">\n<figure class=\"wp-block-image size-large\"><img loading=\"lazy\" decoding=\"async\" width=\"683\" height=\"1024\" data-id=\"728\" src=\"https:\/\/mg.passadospresentes.com.br\/cultura-material\/wp-content\/uploads\/sites\/4\/2024\/10\/@_oxuao-IMG_6123-683x1024.jpg\" alt=\"\" class=\"wp-image-728\" srcset=\"https:\/\/mg.passadospresentes.com.br\/cultura-material\/wp-content\/uploads\/sites\/4\/2024\/10\/@_oxuao-IMG_6123-683x1024.jpg 683w, https:\/\/mg.passadospresentes.com.br\/cultura-material\/wp-content\/uploads\/sites\/4\/2024\/10\/@_oxuao-IMG_6123-200x300.jpg 200w, https:\/\/mg.passadospresentes.com.br\/cultura-material\/wp-content\/uploads\/sites\/4\/2024\/10\/@_oxuao-IMG_6123-768x1152.jpg 768w, https:\/\/mg.passadospresentes.com.br\/cultura-material\/wp-content\/uploads\/sites\/4\/2024\/10\/@_oxuao-IMG_6123-1024x1536.jpg 1024w, https:\/\/mg.passadospresentes.com.br\/cultura-material\/wp-content\/uploads\/sites\/4\/2024\/10\/@_oxuao-IMG_6123.jpg 1365w\" sizes=\"(max-width: 683px) 100vw, 683px\" \/><\/figure>\n\n\n\n<figure class=\"wp-block-image size-large\"><img loading=\"lazy\" decoding=\"async\" width=\"683\" height=\"1024\" data-id=\"734\" src=\"https:\/\/mg.passadospresentes.com.br\/cultura-material\/wp-content\/uploads\/sites\/4\/2024\/10\/@_oxuao-IMG_6121-683x1024.jpg\" alt=\"\" class=\"wp-image-734\" srcset=\"https:\/\/mg.passadospresentes.com.br\/cultura-material\/wp-content\/uploads\/sites\/4\/2024\/10\/@_oxuao-IMG_6121-683x1024.jpg 683w, https:\/\/mg.passadospresentes.com.br\/cultura-material\/wp-content\/uploads\/sites\/4\/2024\/10\/@_oxuao-IMG_6121-200x300.jpg 200w, https:\/\/mg.passadospresentes.com.br\/cultura-material\/wp-content\/uploads\/sites\/4\/2024\/10\/@_oxuao-IMG_6121-768x1152.jpg 768w, https:\/\/mg.passadospresentes.com.br\/cultura-material\/wp-content\/uploads\/sites\/4\/2024\/10\/@_oxuao-IMG_6121-1024x1536.jpg 1024w, https:\/\/mg.passadospresentes.com.br\/cultura-material\/wp-content\/uploads\/sites\/4\/2024\/10\/@_oxuao-IMG_6121.jpg 1365w\" sizes=\"(max-width: 683px) 100vw, 683px\" \/><\/figure>\n\n\n\n<figure class=\"wp-block-image size-large\"><img loading=\"lazy\" decoding=\"async\" width=\"683\" height=\"1024\" data-id=\"733\" src=\"https:\/\/mg.passadospresentes.com.br\/cultura-material\/wp-content\/uploads\/sites\/4\/2024\/10\/@_oxuao-IMG_6131-683x1024.jpg\" alt=\"\" class=\"wp-image-733\" srcset=\"https:\/\/mg.passadospresentes.com.br\/cultura-material\/wp-content\/uploads\/sites\/4\/2024\/10\/@_oxuao-IMG_6131-683x1024.jpg 683w, https:\/\/mg.passadospresentes.com.br\/cultura-material\/wp-content\/uploads\/sites\/4\/2024\/10\/@_oxuao-IMG_6131-200x300.jpg 200w, https:\/\/mg.passadospresentes.com.br\/cultura-material\/wp-content\/uploads\/sites\/4\/2024\/10\/@_oxuao-IMG_6131-768x1152.jpg 768w, https:\/\/mg.passadospresentes.com.br\/cultura-material\/wp-content\/uploads\/sites\/4\/2024\/10\/@_oxuao-IMG_6131-1024x1536.jpg 1024w, https:\/\/mg.passadospresentes.com.br\/cultura-material\/wp-content\/uploads\/sites\/4\/2024\/10\/@_oxuao-IMG_6131.jpg 1365w\" sizes=\"(max-width: 683px) 100vw, 683px\" \/><\/figure>\n<\/figure>\n\n\n\n<p>A ideia dos mapas de ancestralidade \u00e9 um tentativa de se conectar com as mem\u00f3rias que nos formam, e na busca por tentar represent\u00e1-las em imagens, criar conex\u00f5es com as pessoas ao nosso redor e com os espa\u00e7os que constroem nossas identidades. <\/p>\n\n\n\n<figure class=\"wp-block-gallery has-nested-images columns-default is-cropped wp-block-gallery-4 is-layout-flex wp-block-gallery-is-layout-flex\">\n<figure class=\"wp-block-image size-large\"><img loading=\"lazy\" decoding=\"async\" width=\"680\" height=\"1024\" data-id=\"750\" src=\"https:\/\/mg.passadospresentes.com.br\/cultura-material\/wp-content\/uploads\/sites\/4\/2024\/10\/@_oxuao-IMG_6188-680x1024.jpg\" alt=\"\" class=\"wp-image-750\" srcset=\"https:\/\/mg.passadospresentes.com.br\/cultura-material\/wp-content\/uploads\/sites\/4\/2024\/10\/@_oxuao-IMG_6188-680x1024.jpg 680w, https:\/\/mg.passadospresentes.com.br\/cultura-material\/wp-content\/uploads\/sites\/4\/2024\/10\/@_oxuao-IMG_6188-199x300.jpg 199w, https:\/\/mg.passadospresentes.com.br\/cultura-material\/wp-content\/uploads\/sites\/4\/2024\/10\/@_oxuao-IMG_6188-768x1157.jpg 768w, https:\/\/mg.passadospresentes.com.br\/cultura-material\/wp-content\/uploads\/sites\/4\/2024\/10\/@_oxuao-IMG_6188-1020x1536.jpg 1020w, https:\/\/mg.passadospresentes.com.br\/cultura-material\/wp-content\/uploads\/sites\/4\/2024\/10\/@_oxuao-IMG_6188.jpg 1360w\" sizes=\"(max-width: 680px) 100vw, 680px\" \/><\/figure>\n\n\n\n<figure class=\"wp-block-image size-large\"><img loading=\"lazy\" decoding=\"async\" width=\"683\" height=\"1024\" data-id=\"746\" src=\"https:\/\/mg.passadospresentes.com.br\/cultura-material\/wp-content\/uploads\/sites\/4\/2024\/10\/@_oxuao-IMG_6126-683x1024.jpg\" alt=\"\" class=\"wp-image-746\" srcset=\"https:\/\/mg.passadospresentes.com.br\/cultura-material\/wp-content\/uploads\/sites\/4\/2024\/10\/@_oxuao-IMG_6126-683x1024.jpg 683w, https:\/\/mg.passadospresentes.com.br\/cultura-material\/wp-content\/uploads\/sites\/4\/2024\/10\/@_oxuao-IMG_6126-200x300.jpg 200w, https:\/\/mg.passadospresentes.com.br\/cultura-material\/wp-content\/uploads\/sites\/4\/2024\/10\/@_oxuao-IMG_6126-768x1152.jpg 768w, https:\/\/mg.passadospresentes.com.br\/cultura-material\/wp-content\/uploads\/sites\/4\/2024\/10\/@_oxuao-IMG_6126-1024x1536.jpg 1024w, https:\/\/mg.passadospresentes.com.br\/cultura-material\/wp-content\/uploads\/sites\/4\/2024\/10\/@_oxuao-IMG_6126.jpg 1365w\" sizes=\"(max-width: 683px) 100vw, 683px\" \/><\/figure>\n\n\n\n<figure class=\"wp-block-image size-large\"><img loading=\"lazy\" decoding=\"async\" width=\"1024\" height=\"683\" data-id=\"764\" src=\"https:\/\/mg.passadospresentes.com.br\/cultura-material\/wp-content\/uploads\/sites\/4\/2024\/10\/DSC_0210-Copia-1024x683.jpg\" alt=\"\" class=\"wp-image-764\" srcset=\"https:\/\/mg.passadospresentes.com.br\/cultura-material\/wp-content\/uploads\/sites\/4\/2024\/10\/DSC_0210-Copia-1024x683.jpg 1024w, https:\/\/mg.passadospresentes.com.br\/cultura-material\/wp-content\/uploads\/sites\/4\/2024\/10\/DSC_0210-Copia-300x200.jpg 300w, https:\/\/mg.passadospresentes.com.br\/cultura-material\/wp-content\/uploads\/sites\/4\/2024\/10\/DSC_0210-Copia-768x512.jpg 768w, https:\/\/mg.passadospresentes.com.br\/cultura-material\/wp-content\/uploads\/sites\/4\/2024\/10\/DSC_0210-Copia-1536x1024.jpg 1536w, https:\/\/mg.passadospresentes.com.br\/cultura-material\/wp-content\/uploads\/sites\/4\/2024\/10\/DSC_0210-Copia-2048x1365.jpg 2048w\" sizes=\"(max-width: 1024px) 100vw, 1024px\" \/><\/figure>\n\n\n\n<figure class=\"wp-block-image size-large\"><img loading=\"lazy\" decoding=\"async\" width=\"683\" height=\"1024\" data-id=\"754\" src=\"https:\/\/mg.passadospresentes.com.br\/cultura-material\/wp-content\/uploads\/sites\/4\/2024\/10\/@_oxuao-IMG_6253-683x1024.jpg\" alt=\"\" class=\"wp-image-754\" srcset=\"https:\/\/mg.passadospresentes.com.br\/cultura-material\/wp-content\/uploads\/sites\/4\/2024\/10\/@_oxuao-IMG_6253-683x1024.jpg 683w, https:\/\/mg.passadospresentes.com.br\/cultura-material\/wp-content\/uploads\/sites\/4\/2024\/10\/@_oxuao-IMG_6253-200x300.jpg 200w, https:\/\/mg.passadospresentes.com.br\/cultura-material\/wp-content\/uploads\/sites\/4\/2024\/10\/@_oxuao-IMG_6253-768x1152.jpg 768w, https:\/\/mg.passadospresentes.com.br\/cultura-material\/wp-content\/uploads\/sites\/4\/2024\/10\/@_oxuao-IMG_6253-1024x1536.jpg 1024w, https:\/\/mg.passadospresentes.com.br\/cultura-material\/wp-content\/uploads\/sites\/4\/2024\/10\/@_oxuao-IMG_6253.jpg 1365w\" sizes=\"(max-width: 683px) 100vw, 683px\" \/><\/figure>\n\n\n\n<figure class=\"wp-block-image size-large\"><img loading=\"lazy\" decoding=\"async\" width=\"682\" height=\"1024\" data-id=\"755\" src=\"https:\/\/mg.passadospresentes.com.br\/cultura-material\/wp-content\/uploads\/sites\/4\/2024\/10\/@_oxuao-IMG_6254-682x1024.jpg\" alt=\"\" class=\"wp-image-755\" srcset=\"https:\/\/mg.passadospresentes.com.br\/cultura-material\/wp-content\/uploads\/sites\/4\/2024\/10\/@_oxuao-IMG_6254-682x1024.jpg 682w, https:\/\/mg.passadospresentes.com.br\/cultura-material\/wp-content\/uploads\/sites\/4\/2024\/10\/@_oxuao-IMG_6254-200x300.jpg 200w, https:\/\/mg.passadospresentes.com.br\/cultura-material\/wp-content\/uploads\/sites\/4\/2024\/10\/@_oxuao-IMG_6254-768x1153.jpg 768w, https:\/\/mg.passadospresentes.com.br\/cultura-material\/wp-content\/uploads\/sites\/4\/2024\/10\/@_oxuao-IMG_6254-1023x1536.jpg 1023w, https:\/\/mg.passadospresentes.com.br\/cultura-material\/wp-content\/uploads\/sites\/4\/2024\/10\/@_oxuao-IMG_6254.jpg 1364w\" sizes=\"(max-width: 682px) 100vw, 682px\" \/><\/figure>\n<\/figure>\n\n\n\n<p>Enquanto grupo de trabalho, os pesquisadores do grupo 2 buscaram construir um produto de uso comum junto a comunidade detentora, prezando pela horizontalidade dos conceitos em troca e o exerc\u00edcio da multivocalidade. Os registros orais e momentos de encontro com a comunidade detentora levaram a uma nova percep\u00e7\u00e3o sobre como ocupamos e transformamos os lugares que existimos e como esperado por M\u00e3e Ana, foram um reflexo de quem a comunidade \u00e9, para onde querem ir e como ir\u00e3o chegar.&nbsp;<\/p>\n\n\n\n<p>Confira outras a\u00e7\u00f5es realizadas pelos pesquisadores do grupo 2:<\/p>\n\n\n\n<ul class=\"wp-block-list\">\n<li><em>Vozes do Sagrado:<\/em> Registro das cantigas de gira <\/li>\n\n\n\n<li>Cat\u00e1logo: Cultura Material de Origem Afro-Ind\u00edgena em Minas Gerais (S\u00e9culos 18 ao 20)<\/li>\n<\/ul>\n\n\n\n<p>Escrito por Joyce Santos <\/p>\n","protected":false},"excerpt":{"rendered":"<p>Oficina cultural para pintura dos muros da Associa\u00e7\u00e3o Afro Ancestral realizada junto a comunidade do Terreiro do Caboclo Pedra Branca, em Po\u00e7os de Caldas.<\/p>\n","protected":false},"author":1,"featured_media":726,"comment_status":"open","ping_status":"open","sticky":false,"template":"","format":"standard","meta":{"_acf_changed":false,"footnotes":""},"categories":[26],"tags":[27],"class_list":["post-95","post","type-post","status-publish","format-standard","has-post-thumbnail","hentry","category-acao-cultural","tag-produtos"],"acf":[],"_links":{"self":[{"href":"https:\/\/mg.passadospresentes.com.br\/cultura-material\/wp-json\/wp\/v2\/posts\/95","targetHints":{"allow":["GET"]}}],"collection":[{"href":"https:\/\/mg.passadospresentes.com.br\/cultura-material\/wp-json\/wp\/v2\/posts"}],"about":[{"href":"https:\/\/mg.passadospresentes.com.br\/cultura-material\/wp-json\/wp\/v2\/types\/post"}],"author":[{"embeddable":true,"href":"https:\/\/mg.passadospresentes.com.br\/cultura-material\/wp-json\/wp\/v2\/users\/1"}],"replies":[{"embeddable":true,"href":"https:\/\/mg.passadospresentes.com.br\/cultura-material\/wp-json\/wp\/v2\/comments?post=95"}],"version-history":[{"count":10,"href":"https:\/\/mg.passadospresentes.com.br\/cultura-material\/wp-json\/wp\/v2\/posts\/95\/revisions"}],"predecessor-version":[{"id":804,"href":"https:\/\/mg.passadospresentes.com.br\/cultura-material\/wp-json\/wp\/v2\/posts\/95\/revisions\/804"}],"wp:featuredmedia":[{"embeddable":true,"href":"https:\/\/mg.passadospresentes.com.br\/cultura-material\/wp-json\/wp\/v2\/media\/726"}],"wp:attachment":[{"href":"https:\/\/mg.passadospresentes.com.br\/cultura-material\/wp-json\/wp\/v2\/media?parent=95"}],"wp:term":[{"taxonomy":"category","embeddable":true,"href":"https:\/\/mg.passadospresentes.com.br\/cultura-material\/wp-json\/wp\/v2\/categories?post=95"},{"taxonomy":"post_tag","embeddable":true,"href":"https:\/\/mg.passadospresentes.com.br\/cultura-material\/wp-json\/wp\/v2\/tags?post=95"}],"curies":[{"name":"wp","href":"https:\/\/api.w.org\/{rel}","templated":true}]}}