{"id":834,"date":"2025-05-13T18:39:51","date_gmt":"2025-05-13T21:39:51","guid":{"rendered":"https:\/\/mg.passadospresentes.com.br\/cultura-material\/?p=834"},"modified":"2025-06-16T10:48:40","modified_gmt":"2025-06-16T13:48:40","slug":"vozes-da-comunidade","status":"publish","type":"post","link":"https:\/\/mg.passadospresentes.com.br\/cultura-material\/documentario\/vozes-da-comunidade\/","title":{"rendered":"Vozes da Comunidade"},"content":{"rendered":"\n<p style=\"font-size:12px\">Texto escrito por: <em><a href=\"https:\/\/mg.passadospresentes.com.br\/cultura-material\/participante\/ana-luzia-da-silva-morais-sa-rainha-ana-luzia\/\" data-type=\"link\" data-id=\"https:\/\/mg.passadospresentes.com.br\/cultura-material\/participante\/ana-luzia-da-silva-morais-sa-rainha-ana-luzia\/\">Ana Luzia da Silva Morais<\/a><\/em>. <\/p>\n\n\n\n<p style=\"font-size:15px\">Durante a visita realizada em junho de 2024, no Terreiro do Caboclo Pedra Branca em Po\u00e7os de Caldas, Minas Gerais, nosso grupo realizou a grava\u00e7\u00e3o de alguns Pontos Cantados na Umbanda. O objetivo das atividades que tamb\u00e9m fizeram parte do anivers\u00e1rio da Associa\u00e7\u00e3o Afro Ancestral, era a produ\u00e7\u00e3o de a\u00e7\u00f5es propositivas a partir dos di\u00e1logos epist\u00eamicos que realizamos em todo o processo de prepara\u00e7\u00e3o junto com a Zeladora M\u00e3e Ana de Ians\u00e3 e sua comunidade, Bab\u00e1 Rhonnel Fatol\u00e1 e nosso grupo de pesquisa.<\/p>\n\n\n\n<p style=\"font-size:15px\">O objetivo era registrar as cantigas, di\u00e1logos e an\u00e1lises subsequente entre M\u00e3e Ana e o Bab\u00e1 Rhonnel, sobre as cantigas entoadas nos terreiros de Umbanda em Minas, tendo como refer\u00eancia as heran\u00e7as deixadas pelos seus antepassados, pela viv\u00eancia em suas comunidades e pela orienta\u00e7\u00e3o dos pr\u00f3prios guias. A partir de uma an\u00e1lise dos detentores, a grava\u00e7\u00e3o se tornou uma importante fonte a ser trabalhada pelos p\u00fablicos alvos do projeto: comunidades detentoras, comunidades escolares e comunidades acad\u00eamicas.<\/p>\n\n\n\n<p style=\"font-size:15px\">Nos di\u00e1logos que antecederam a cria\u00e7\u00e3o desta a\u00e7\u00e3o no grupo tem\u00e1tico, analisamos a import\u00e2ncia dessas cantigas e pontos cantados nos terreiros de Umbanda para chamar as entidades ou mesmo a energia dos orix\u00e1s nos rituais, e tamb\u00e9m a rela\u00e7\u00e3o dessas cantigas com os santos no catolicismo. Umas das quest\u00f5es abordadas nos di\u00e1logos no grupo que fizemos quest\u00e3o de registrar no v\u00eddeo, foi a rela\u00e7\u00e3o que aparece entre Santo Ant\u00f4nio e Exu.&nbsp;<\/p>\n\n\n\n<p style=\"font-size:15px\">A palavra entoada nas cantigas, junto com a dan\u00e7a e toque dos atabaques se apresentam como um portal de comunica\u00e7\u00e3o entre a comunidade e o mundo habitado pelos esp\u00edritos. Pensando na import\u00e2ncia deste patrim\u00f4nio para a conex\u00e3o e aprendizado da ancestralidade afro\u2013ind\u00edgena, as cantigas tamb\u00e9m falam das viv\u00eancias e hist\u00f3rias de vida dos guias, falam das suas cren\u00e7as, amores, tristezas e alegrias, tendo em vista a hora certa de se cantar cada cantiga no ritual, para manipula\u00e7\u00e3o das energias que possibilitam a cura, e a abertura de caminhos para vencer demanda dos inimigos.<\/p>\n\n\n\n<p style=\"font-size:15px\">Na grava\u00e7\u00e3o, contemplamos um di\u00e1logo entre M\u00e3e Ana, Bab\u00e1 Rhonnel e os seus guias, demonstrando uma rela\u00e7\u00e3o de f\u00e9, amor e gratid\u00e3o aos esp\u00edritos que representam as Sete Linhas da Umbanda.As cantigas foram gravadas dentro do Terreiro do Caboclo Pedra Branca, preparado para a realiza\u00e7\u00e3o da festa, que aconteceu no in\u00edcio da noite. Com a presen\u00e7a dos filhos de M\u00e3e Ana, nossa equipe e os Og\u00e3s do templo, experimentamos e analisamos a pot\u00eancia dessas vozes para a transmiss\u00e3o dos saberes e manipula\u00e7\u00e3o de uma energia pautada nos ensinamentos e aprendizados dos antepassados.<\/p>\n\n\n\n<figure class=\"wp-block-embed is-type-video is-provider-youtube wp-block-embed-youtube wp-embed-aspect-16-9 wp-has-aspect-ratio\"><div class=\"wp-block-embed__wrapper\">\n<iframe title=\"VOZES DA COMUNIDADE\" width=\"800\" height=\"450\" src=\"https:\/\/www.youtube.com\/embed\/tDgTs5hHi1A?feature=oembed\" frameborder=\"0\" allow=\"accelerometer; autoplay; clipboard-write; encrypted-media; gyroscope; picture-in-picture; web-share\" referrerpolicy=\"strict-origin-when-cross-origin\" allowfullscreen><\/iframe>\n<\/div><\/figure>\n\n\n\n<p style=\"font-size:15px\"><strong>Ficha t\u00e9cnica:<\/strong><\/p>\n\n\n\n<p style=\"font-size:15px\">Equipe de Trabalho Grupo Cultura Material: Joyce de Souza Santos, Let\u00edcia Helena Pereira Rosa, Pedro Augusto Soares de Menezes, Paulo Andrade Campos e Ana Luzia da Silva Morais.<\/p>\n\n\n\n<p style=\"font-size:15px\">Produ\u00e7\u00e3o: Ana Luzia da Silva Morais<\/p>\n\n\n\n<p style=\"font-size:15px\">Roteiristas: Ana Luzia da Silva Morais, Ana Maria de Paula Cruz e Rhonnel Am\u00e9rico Silva<\/p>\n\n\n\n<p style=\"font-size:15px\">Edi\u00e7\u00e3o: Robson Cristino Roque<\/p>\n\n\n\n<p style=\"font-size:15px\">\u00c1udio: Pedro Delboni<\/p>\n\n\n\n<p style=\"font-size:15px\">Cinegrafistas: Graziela Ferreira e Jo\u00e3o Paulo Ferreira<\/p>\n\n\n\n<p style=\"font-size:15px\">Zeladoras: M\u00e3e Ana de Ians\u00e3 &#8211; dirigente do Terreiro de Umbanda do Cabloco Pedra Branca (Po\u00e7os de Caldas &#8211; MG) e Elis de Paula Cruz<\/p>\n\n\n\n<p style=\"font-size:15px\">Sacerdote: Bab\u00e1 Rhonnel Am\u00e9rico Silva F\u00e1t\u00f2l\u00e1 &#8211; dirigente do Templo Irosun Aj\u00ea-Il\u00ea Orix\u00e1 Emil\u00e1 (Tr\u00eas Cora\u00e7\u00f5es &#8211; MG)<\/p>\n\n\n\n<p style=\"font-size:15px\">Membros da Comunidade Associa\u00e7\u00e3o Afro Ancestrais\/ Terreiro do Caboclo Pedra Branca:<\/p>\n\n\n\n<ol class=\"wp-block-list\">\n<li style=\"font-size:15px\">Beatriz Helena Alves Moreira<\/li>\n\n\n\n<li style=\"font-size:15px\">Gabriela Acerbi Pereira<\/li>\n\n\n\n<li style=\"font-size:15px\">\u2060Iago Claudiano Tassi<\/li>\n\n\n\n<li style=\"font-size:15px\">\u2060Jo\u00e3o Victor Aparecido de Oliveira Machado<\/li>\n\n\n\n<li style=\"font-size:15px\">Priscila Aparecida Bernardo<\/li>\n\n\n\n<li style=\"font-size:15px\">\u2060Renata Pereira de Paula<\/li>\n\n\n\n<li style=\"font-size:15px\">Robson Cristino Roque<\/li>\n\n\n\n<li style=\"font-size:15px\">Tha\u00eds Helena Correa Martins<\/li>\n\n\n\n<li style=\"font-size:15px\">\u2060Vanessa Cristina Ramos Saboia<\/li>\n<\/ol>\n\n\n\n<p style=\"font-size:15px\">Grava\u00e7\u00e3o realizada em 29\/06\/2024, no Terreiro do Caboclo Pedra Branca em Po\u00e7os de Caldas (MG).<\/p>\n\n\n\n<p style=\"font-size:15px\">Projeto realizado com recursos do Conselho Nacional de Desenvolvimento Cient\u00edfico e Tecnol\u00f3gico \u2013 CNPq.<br>Transcri\u00e7\u00e3o<\/p>\n\n\n\n<p style=\"margin-top:0;margin-right:0;margin-bottom:0;margin-left:0\"><\/p>\n","protected":false},"excerpt":{"rendered":"<p>Texto escrito por: Ana Luzia da Silva Morais. Durante a visita realizada em junho de 2024, no Terreiro do Caboclo Pedra Branca em Po\u00e7os de Caldas, Minas Gerais, nosso grupo realizou a grava\u00e7\u00e3o de alguns Pontos Cantados na Umbanda. O objetivo das atividades que tamb\u00e9m fizeram parte do anivers\u00e1rio da Associa\u00e7\u00e3o Afro Ancestral, era a [&hellip;]<\/p>\n","protected":false},"author":6,"featured_media":835,"comment_status":"open","ping_status":"open","sticky":false,"template":"","format":"standard","meta":{"_acf_changed":false,"footnotes":""},"categories":[28],"tags":[],"class_list":["post-834","post","type-post","status-publish","format-standard","has-post-thumbnail","hentry","category-documentario"],"acf":[],"_links":{"self":[{"href":"https:\/\/mg.passadospresentes.com.br\/cultura-material\/wp-json\/wp\/v2\/posts\/834","targetHints":{"allow":["GET"]}}],"collection":[{"href":"https:\/\/mg.passadospresentes.com.br\/cultura-material\/wp-json\/wp\/v2\/posts"}],"about":[{"href":"https:\/\/mg.passadospresentes.com.br\/cultura-material\/wp-json\/wp\/v2\/types\/post"}],"author":[{"embeddable":true,"href":"https:\/\/mg.passadospresentes.com.br\/cultura-material\/wp-json\/wp\/v2\/users\/6"}],"replies":[{"embeddable":true,"href":"https:\/\/mg.passadospresentes.com.br\/cultura-material\/wp-json\/wp\/v2\/comments?post=834"}],"version-history":[{"count":5,"href":"https:\/\/mg.passadospresentes.com.br\/cultura-material\/wp-json\/wp\/v2\/posts\/834\/revisions"}],"predecessor-version":[{"id":862,"href":"https:\/\/mg.passadospresentes.com.br\/cultura-material\/wp-json\/wp\/v2\/posts\/834\/revisions\/862"}],"wp:featuredmedia":[{"embeddable":true,"href":"https:\/\/mg.passadospresentes.com.br\/cultura-material\/wp-json\/wp\/v2\/media\/835"}],"wp:attachment":[{"href":"https:\/\/mg.passadospresentes.com.br\/cultura-material\/wp-json\/wp\/v2\/media?parent=834"}],"wp:term":[{"taxonomy":"category","embeddable":true,"href":"https:\/\/mg.passadospresentes.com.br\/cultura-material\/wp-json\/wp\/v2\/categories?post=834"},{"taxonomy":"post_tag","embeddable":true,"href":"https:\/\/mg.passadospresentes.com.br\/cultura-material\/wp-json\/wp\/v2\/tags?post=834"}],"curies":[{"name":"wp","href":"https:\/\/api.w.org\/{rel}","templated":true}]}}