{"id":455,"date":"2024-11-16T20:59:40","date_gmt":"2024-11-16T23:59:40","guid":{"rendered":"https:\/\/mg.passadospresentes.com.br\/cultura-material\/?p=455"},"modified":"2025-06-16T10:40:56","modified_gmt":"2025-06-16T13:40:56","slug":"lorem-ipsum-dolor-sit-amet-consectetur-3","status":"publish","type":"post","link":"https:\/\/mg.passadospresentes.com.br\/cultura-material\/noticias\/lorem-ipsum-dolor-sit-amet-consectetur-3\/","title":{"rendered":"Conhecendo o Grupo 2: Cultura Material"},"content":{"rendered":"\n<p>O Grupo de Trabalho sobre Cultura Material procurou pensar sobre como se costuma contar as mem\u00f3rias das comunidades afro-brasileiras e ind\u00edgenas em Minas Gerais, na procura por formas de registro que considerem as cosmologias locais equivalentes aos registros hist\u00f3ricos convencionais. Para isso, fomos acompanhados pela M\u00e3e Ana Maria de Ians\u00e3, Detentora de Saberes Ancestrais, que junto aos pesquisadores do grupo ajudou a criar uma nova forma de obter e registrar nossas hist\u00f3rias bem como os a forma como os contatos entre comunidades afro-brasileiras e ind\u00edgenas podem ser compreendidos no Sagrado e no mundo material.&nbsp;<\/p>\n\n\n\n<p>Juntos, organizamos duas oficinas culturais, a primeira chamada &#8220;<em>Vozes do Sagrado: Registro das cantigas de gira<\/em>&#8221; para registro das Cantigas de Exu&nbsp;Santo Ant\u00f4nio, e &#8220;<em><a href=\"https:\/\/mg.passadospresentes.com.br\/cultura-material\/acao-cultural\/lugares-de-memoria\/\" data-type=\"link\" data-id=\"https:\/\/mg.passadospresentes.com.br\/cultura-material\/acao-cultural\/lugares-de-memoria\/\">Lugares de Mem\u00f3ria<\/a><\/em>&#8221; para cria\u00e7\u00e3o de mapas e murais colaborativos que transpusesse a identidade da comunidade nos muros e paredes da Associa\u00e7\u00e3o Afro Ancestral e do Terreiro Caboclo Pedra Branca. Al\u00e9m disso, tamb\u00e9m organizamos um <a href=\"https:\/\/mg.passadospresentes.com.br\/cultura-material\/livro-digital\/nullam-sit-amet-lobortis-lectus-phasellus-ut-nisi-in-arcu-rutrum-vestibulum-id-quis-ante\/\" data-type=\"link\" data-id=\"https:\/\/mg.passadospresentes.com.br\/cultura-material\/livro-digital\/nullam-sit-amet-lobortis-lectus-phasellus-ut-nisi-in-arcu-rutrum-vestibulum-id-quis-ante\/\">cat\u00e1logo digital&nbsp;sobre cultura material africana e ind\u00edgena em Minas Gerais<\/a>, reunindo pesquisas sobre a cultura material e imaterial afro-brasileira e indigna presente na produ\u00e7\u00e3o de objetos e pr\u00e1ticas culturais de diferentes comunidades da regi\u00e3o. <\/p>\n\n\n\n<p><\/p>\n","protected":false},"excerpt":{"rendered":"<p>O Grupo de Trabalho sobre Cultura Material procurou pensar sobre como se costuma contar as mem\u00f3rias das comunidades afro-brasileiras e ind\u00edgenas em Minas Gerais, na procura por formas de registro que considerem as cosmologias locais equivalentes aos registros hist\u00f3ricos convencionais. Para isso, fomos acompanhados pela M\u00e3e Ana Maria de Ians\u00e3, Detentora de Saberes Ancestrais, que [&hellip;]<\/p>\n","protected":false},"author":1,"featured_media":738,"comment_status":"open","ping_status":"open","sticky":false,"template":"","format":"standard","meta":{"_acf_changed":false,"footnotes":""},"categories":[19],"tags":[],"class_list":["post-455","post","type-post","status-publish","format-standard","has-post-thumbnail","hentry","category-noticias"],"acf":[],"_links":{"self":[{"href":"https:\/\/mg.passadospresentes.com.br\/cultura-material\/wp-json\/wp\/v2\/posts\/455","targetHints":{"allow":["GET"]}}],"collection":[{"href":"https:\/\/mg.passadospresentes.com.br\/cultura-material\/wp-json\/wp\/v2\/posts"}],"about":[{"href":"https:\/\/mg.passadospresentes.com.br\/cultura-material\/wp-json\/wp\/v2\/types\/post"}],"author":[{"embeddable":true,"href":"https:\/\/mg.passadospresentes.com.br\/cultura-material\/wp-json\/wp\/v2\/users\/1"}],"replies":[{"embeddable":true,"href":"https:\/\/mg.passadospresentes.com.br\/cultura-material\/wp-json\/wp\/v2\/comments?post=455"}],"version-history":[{"count":6,"href":"https:\/\/mg.passadospresentes.com.br\/cultura-material\/wp-json\/wp\/v2\/posts\/455\/revisions"}],"predecessor-version":[{"id":796,"href":"https:\/\/mg.passadospresentes.com.br\/cultura-material\/wp-json\/wp\/v2\/posts\/455\/revisions\/796"}],"wp:featuredmedia":[{"embeddable":true,"href":"https:\/\/mg.passadospresentes.com.br\/cultura-material\/wp-json\/wp\/v2\/media\/738"}],"wp:attachment":[{"href":"https:\/\/mg.passadospresentes.com.br\/cultura-material\/wp-json\/wp\/v2\/media?parent=455"}],"wp:term":[{"taxonomy":"category","embeddable":true,"href":"https:\/\/mg.passadospresentes.com.br\/cultura-material\/wp-json\/wp\/v2\/categories?post=455"},{"taxonomy":"post_tag","embeddable":true,"href":"https:\/\/mg.passadospresentes.com.br\/cultura-material\/wp-json\/wp\/v2\/tags?post=455"}],"curies":[{"name":"wp","href":"https:\/\/api.w.org\/{rel}","templated":true}]}}