{"id":453,"date":"2024-11-16T20:58:57","date_gmt":"2024-11-16T23:58:57","guid":{"rendered":"https:\/\/mg.passadospresentes.com.br\/cultura-material\/?p=453"},"modified":"2025-06-16T10:42:51","modified_gmt":"2025-06-16T13:42:51","slug":"memoria-e-patrimonio","status":"publish","type":"post","link":"https:\/\/mg.passadospresentes.com.br\/cultura-material\/noticias\/memoria-e-patrimonio\/","title":{"rendered":"Mem\u00f3ria e Patrim\u00f4nio"},"content":{"rendered":"\n<p><em>Escrito por <a href=\"https:\/\/mg.passadospresentes.com.br\/cultura-material\/participante\/joycesantos\/\" data-type=\"link\" data-id=\"https:\/\/mg.passadospresentes.com.br\/cultura-material\/participante\/joycesantos\/\">Joyce Santos<\/a> em 28 de janeiro de 2025.<\/em><\/p>\n\n\n\n<p>Que a Hist\u00f3ria nos ajuda a preservar mem\u00f3rias n\u00e3o \u00e9 uma novidade, mas questionar de onde vieram as hist\u00f3rias sobre as comunidades ind\u00edgenas e quilombolas de Minas Gerais \u00e9 algo nem sempre t\u00e3o convencional. Isso nos leva a pensar sobre COMO e QUEM nos conta as hist\u00f3rias sobre nosso passado. Afinal, como a gente se v\u00ea pode ser bem diferente da forma como o outro nos percebe.&nbsp;<\/p>\n\n\n\n<p>Costumamos dizer que Patrim\u00f4nio Cultural \u00e9 uma forma de tornar oficial (ou institucional, se preferir) algo de alto valor para a cultura e sociedade de um local. Por exemplo, dizemos que algumas festas e monumentos s\u00e3o patrim\u00f4nios culturais por representarem valores, acontecimentos e outras a\u00e7\u00f5es importantes para as pessoas ao redor. Ou seja, representam mem\u00f3rias.&nbsp;&nbsp;&nbsp;<\/p>\n\n\n\n<p>Por isso, um dos nossos objetivos aqui no projeto \u00e9 reverenciar mem\u00f3rias e hist\u00f3rias das comunidades que trabalham conosco, assim como suas formas de registro. Trazer as riquezas, valores e percep\u00e7\u00f5es a partir de quem os conhece, faz, e experimenta. \u00c9 materializar mem\u00f3rias como forma de (re)exist\u00eancia.<\/p>\n\n\n\n<p>Ao longo de dois anos criamos junto a M\u00e3e Ana Maria e sua comunidade do Terreiro Caboclo Pedra Branca formas de registrar e materializar mem\u00f3rias e pertencimentos. Juntos, criamos mapas coletivos e murais colaborativos como forma de representar a comunidade atrav\u00e9s de seus pr\u00f3prios termos. Registramos hist\u00f3rias e cantigas que nos contam a maneira como suas ancestralidades lhes orientam a ver o mundo ao redor.&nbsp;<\/p>\n\n\n\n<div class=\"wp-block-media-text is-stacked-on-mobile\"><figure class=\"wp-block-media-text__media\"><img fetchpriority=\"high\" decoding=\"async\" width=\"683\" height=\"1024\" src=\"https:\/\/mg.passadospresentes.com.br\/cultura-material\/wp-content\/uploads\/sites\/4\/2024\/11\/@_oxuao-IMG_5461-683x1024.jpg\" alt=\"\" class=\"wp-image-795 size-full\" srcset=\"https:\/\/mg.passadospresentes.com.br\/cultura-material\/wp-content\/uploads\/sites\/4\/2024\/11\/@_oxuao-IMG_5461-683x1024.jpg 683w, https:\/\/mg.passadospresentes.com.br\/cultura-material\/wp-content\/uploads\/sites\/4\/2024\/11\/@_oxuao-IMG_5461-200x300.jpg 200w, https:\/\/mg.passadospresentes.com.br\/cultura-material\/wp-content\/uploads\/sites\/4\/2024\/11\/@_oxuao-IMG_5461-768x1152.jpg 768w, https:\/\/mg.passadospresentes.com.br\/cultura-material\/wp-content\/uploads\/sites\/4\/2024\/11\/@_oxuao-IMG_5461-1024x1536.jpg 1024w, https:\/\/mg.passadospresentes.com.br\/cultura-material\/wp-content\/uploads\/sites\/4\/2024\/11\/@_oxuao-IMG_5461.jpg 1365w\" sizes=\"(max-width: 683px) 100vw, 683px\" \/><\/figure><div class=\"wp-block-media-text__content\">\n<p><em>M\u00e3e Ana Maria e sua filha, [].<\/em><\/p>\n\n\n\n<figure class=\"wp-block-image size-large is-resized\"><img decoding=\"async\" width=\"678\" height=\"1024\" src=\"https:\/\/mg.passadospresentes.com.br\/cultura-material\/wp-content\/uploads\/sites\/4\/2024\/11\/@_oxuao-IMG_5593-678x1024.jpg\" alt=\"\" class=\"wp-image-854\" style=\"width:338px;height:auto\" srcset=\"https:\/\/mg.passadospresentes.com.br\/cultura-material\/wp-content\/uploads\/sites\/4\/2024\/11\/@_oxuao-IMG_5593-678x1024.jpg 678w, https:\/\/mg.passadospresentes.com.br\/cultura-material\/wp-content\/uploads\/sites\/4\/2024\/11\/@_oxuao-IMG_5593-198x300.jpg 198w, https:\/\/mg.passadospresentes.com.br\/cultura-material\/wp-content\/uploads\/sites\/4\/2024\/11\/@_oxuao-IMG_5593-768x1161.jpg 768w, https:\/\/mg.passadospresentes.com.br\/cultura-material\/wp-content\/uploads\/sites\/4\/2024\/11\/@_oxuao-IMG_5593-1016x1536.jpg 1016w, https:\/\/mg.passadospresentes.com.br\/cultura-material\/wp-content\/uploads\/sites\/4\/2024\/11\/@_oxuao-IMG_5593.jpg 1355w\" sizes=\"(max-width: 678px) 100vw, 678px\" \/><\/figure>\n<\/div><\/div>\n\n\n\n<p><\/p>\n\n\n\n<p>Podemos principalmente conhecer e aprender com Ana Maria de Paula, que com carinho e dedica\u00e7\u00e3o, se disp\u00f4s a nos receber e compartilhar conosco importantes aprendizados, n\u00e3o somente sobre seu Sagrado, mas tamb\u00e9m como uma grande L\u00edder, que conduz com amor e sabedoria suas lutas pol\u00edticas e pessoais.&nbsp;<\/p>\n\n\n\n<p>Nunca ser\u00e1 poss\u00edvel materializar em palavras a riqueza dos aprendizados que recebemos, mas ao menos \u00e9 poss\u00edvel deixar registrado no presente e para o futuro aquilo que \u00e9 poss\u00edvel de compartilhar.&nbsp;&nbsp;&nbsp;<\/p>\n\n\n\n<p>Venha conhecer mais sobre o GT sobre Cultura Material e a comunidade do Terreiro Caboclo Pedra Branca!<\/p>\n\n\n\n<ul class=\"wp-block-list\">\n<li><a href=\"https:\/\/mg.passadospresentes.com.br\/cultura-material\/participante\/maeanamaria\/\" data-type=\"link\" data-id=\"https:\/\/mg.passadospresentes.com.br\/cultura-material\/participante\/maeanamaria\/\">Conhe\u00e7a M\u00e3e Ana Maria de Ians\u00e3<\/a><\/li>\n\n\n\n<li><a href=\"https:\/\/mg.passadospresentes.com.br\/cultura-material\/noticias\/lorem-ipsum-dolor-sit-amet-consectetur-3\/\" data-type=\"link\" data-id=\"https:\/\/mg.passadospresentes.com.br\/cultura-material\/noticias\/lorem-ipsum-dolor-sit-amet-consectetur-3\/\">Conhecendo o Grupo 2: Cultura Material<\/a><\/li>\n\n\n\n<li><a href=\"https:\/\/mg.passadospresentes.com.br\/cultura-material\/podcast\/vozes-do-sagrado\/\" data-type=\"link\" data-id=\"https:\/\/mg.passadospresentes.com.br\/cultura-material\/podcast\/vozes-do-sagrado\/\"><em>Vozes do Sagrado:<\/em> Registro das cantigas de gira<\/a><\/li>\n\n\n\n<li><a href=\"https:\/\/mg.passadospresentes.com.br\/cultura-material\/acao-cultural\/lugares-de-memoria\/\" data-type=\"link\" data-id=\"https:\/\/mg.passadospresentes.com.br\/cultura-material\/acao-cultural\/lugares-de-memoria\/\">Oficina Cultural: Lugares de Mem\u00f3ria<\/a><\/li>\n\n\n\n<li><a href=\"https:\/\/mg.passadospresentes.com.br\/cultura-material\/livro-digital\/catalogo-digital\/\" data-type=\"link\" data-id=\"https:\/\/mg.passadospresentes.com.br\/cultura-material\/livro-digital\/catalogo-digital\/\">Cat\u00e1logo: Cultura Material de Origem Afro-Ind\u00edgena em Minas Gerais (S\u00e9culos 18 ao 20)<\/a><\/li>\n<\/ul>\n\n\n\n<p><\/p>\n","protected":false},"excerpt":{"rendered":"<p>Escrito por Joyce Santos em 28 de janeiro de 2025. Que a Hist\u00f3ria nos ajuda a preservar mem\u00f3rias n\u00e3o \u00e9 uma novidade, mas questionar de onde vieram as hist\u00f3rias sobre as comunidades ind\u00edgenas e quilombolas de Minas Gerais \u00e9 algo nem sempre t\u00e3o convencional. Isso nos leva a pensar sobre COMO e QUEM nos conta [&hellip;]<\/p>\n","protected":false},"author":1,"featured_media":741,"comment_status":"open","ping_status":"open","sticky":false,"template":"","format":"standard","meta":{"_acf_changed":false,"footnotes":""},"categories":[19],"tags":[],"class_list":["post-453","post","type-post","status-publish","format-standard","has-post-thumbnail","hentry","category-noticias"],"acf":[],"_links":{"self":[{"href":"https:\/\/mg.passadospresentes.com.br\/cultura-material\/wp-json\/wp\/v2\/posts\/453","targetHints":{"allow":["GET"]}}],"collection":[{"href":"https:\/\/mg.passadospresentes.com.br\/cultura-material\/wp-json\/wp\/v2\/posts"}],"about":[{"href":"https:\/\/mg.passadospresentes.com.br\/cultura-material\/wp-json\/wp\/v2\/types\/post"}],"author":[{"embeddable":true,"href":"https:\/\/mg.passadospresentes.com.br\/cultura-material\/wp-json\/wp\/v2\/users\/1"}],"replies":[{"embeddable":true,"href":"https:\/\/mg.passadospresentes.com.br\/cultura-material\/wp-json\/wp\/v2\/comments?post=453"}],"version-history":[{"count":4,"href":"https:\/\/mg.passadospresentes.com.br\/cultura-material\/wp-json\/wp\/v2\/posts\/453\/revisions"}],"predecessor-version":[{"id":856,"href":"https:\/\/mg.passadospresentes.com.br\/cultura-material\/wp-json\/wp\/v2\/posts\/453\/revisions\/856"}],"wp:featuredmedia":[{"embeddable":true,"href":"https:\/\/mg.passadospresentes.com.br\/cultura-material\/wp-json\/wp\/v2\/media\/741"}],"wp:attachment":[{"href":"https:\/\/mg.passadospresentes.com.br\/cultura-material\/wp-json\/wp\/v2\/media?parent=453"}],"wp:term":[{"taxonomy":"category","embeddable":true,"href":"https:\/\/mg.passadospresentes.com.br\/cultura-material\/wp-json\/wp\/v2\/categories?post=453"},{"taxonomy":"post_tag","embeddable":true,"href":"https:\/\/mg.passadospresentes.com.br\/cultura-material\/wp-json\/wp\/v2\/tags?post=453"}],"curies":[{"name":"wp","href":"https:\/\/api.w.org\/{rel}","templated":true}]}}