{"id":451,"date":"2025-06-16T11:13:09","date_gmt":"2025-06-16T14:13:09","guid":{"rendered":"https:\/\/mg.passadospresentes.com.br\/cultura-material\/?p=451"},"modified":"2025-06-25T15:51:43","modified_gmt":"2025-06-25T18:51:43","slug":"arqueologia-e-cultura-material","status":"publish","type":"post","link":"https:\/\/mg.passadospresentes.com.br\/cultura-material\/noticias\/arqueologia-e-cultura-material\/","title":{"rendered":"Arqueologia e Cultura Material"},"content":{"rendered":"\n<p style=\"font-size:12px\"><em>Escrito por Paulo Campos em 3 de maio de 2025.<\/em>&nbsp;<\/p>\n\n\n\n<p style=\"font-size:14px\">A arqueologia pode ser entendida como um campo cient\u00edfico que busca compreender as diferentes formas de organiza\u00e7\u00e3o social, pol\u00edtica, de espiritualidade, de paisagens e demais aspectos da vida cotidiana a partir da cultura material. Dessa forma, a arqueologia \u00e9 o estudo sobre os grupos humanos em diferentes \u00e9pocas e lugares, incluindo o mundo contempor\u00e2neo, que busca criar narrativas referente \u00e0s distintas formas de viver e interagir com os lugares, com as coisas e com os seres que os habitam<\/p>\n\n\n\n<p style=\"font-size:14px\">A materialidade, ou a cultura material, \u00e9 um dos principais focos da an\u00e1lise arqueol\u00f3gica e pode ser entendida como artefatos, objetos, coisas ou paisagens que em rela\u00e7\u00e3o entre si ou com os grupos humanos &#8211; seja de fabrica\u00e7\u00e3o, utiliza\u00e7\u00e3o, descarte, acordos, necessidades entre outros &#8211; nos apontam aspectos sociais e formas de estar e interagir com o mundo. Desse modo, a an\u00e1lise da cultura material atrav\u00e9s da arqueologia nos mostra aspectos do cotidiano dos antigos grupos ind\u00edgenas que habitavam o territ\u00f3rio brasileiro antes da invas\u00e3o europeia, ou formas de resist\u00eancia e intera\u00e7\u00e3o que as popula\u00e7\u00f5es negras escravizadas desenvolveram no Brasil durante o per\u00edodo colonial, tal como os quilombos e as festividades tradicionais &#8211; Ros\u00e1rio, Congada, Marujada, entre outros.<\/p>\n\n\n\n<p style=\"font-size:14px\">Em Oliveira, por exemplo,&nbsp; foram registradas durante nossas pesquisas l\u00e2minas de machados, feitos de pedras polidas e fragmentos de panelas de cer\u00e2mica, fabricadas a partir da modelagem\/roletagem e queima da argila pelas antigas popula\u00e7\u00f5es ind\u00edgenas. As panelas de barro demonstram uma s\u00e9rie de saberes e t\u00e9cnicas para sua produ\u00e7\u00e3o, como o manejo do fogo para a queima adequada e a reprodu\u00e7\u00e3o de aspectos decorativos entre povos ind\u00edgenas pr\u00f3ximos, al\u00e9m de apresentarem marcas que indicam a produ\u00e7\u00e3o de bebidas fermentadas e alimentos tais como a mandioca ou o car\u00e1.&nbsp;<\/p>\n\n\n\n<figure class=\"wp-block-gallery has-nested-images columns-default is-cropped wp-block-gallery-1 is-layout-flex wp-block-gallery-is-layout-flex\">\n<figure class=\"wp-block-image aligncenter size-large\"><img fetchpriority=\"high\" decoding=\"async\" width=\"1024\" height=\"576\" data-id=\"863\" src=\"https:\/\/mg.passadospresentes.com.br\/cultura-material\/wp-content\/uploads\/sites\/4\/2024\/11\/Imagem-do-WhatsApp-de-2025-06-16-as-10.37.49_6eb05d80-1024x576.jpg\" alt=\"\" class=\"wp-image-863\" srcset=\"https:\/\/mg.passadospresentes.com.br\/cultura-material\/wp-content\/uploads\/sites\/4\/2024\/11\/Imagem-do-WhatsApp-de-2025-06-16-as-10.37.49_6eb05d80-1024x576.jpg 1024w, https:\/\/mg.passadospresentes.com.br\/cultura-material\/wp-content\/uploads\/sites\/4\/2024\/11\/Imagem-do-WhatsApp-de-2025-06-16-as-10.37.49_6eb05d80-300x169.jpg 300w, https:\/\/mg.passadospresentes.com.br\/cultura-material\/wp-content\/uploads\/sites\/4\/2024\/11\/Imagem-do-WhatsApp-de-2025-06-16-as-10.37.49_6eb05d80-768x432.jpg 768w, https:\/\/mg.passadospresentes.com.br\/cultura-material\/wp-content\/uploads\/sites\/4\/2024\/11\/Imagem-do-WhatsApp-de-2025-06-16-as-10.37.49_6eb05d80-1536x864.jpg 1536w, https:\/\/mg.passadospresentes.com.br\/cultura-material\/wp-content\/uploads\/sites\/4\/2024\/11\/Imagem-do-WhatsApp-de-2025-06-16-as-10.37.49_6eb05d80.jpg 1600w\" sizes=\"(max-width: 1024px) 100vw, 1024px\" \/><\/figure>\n\n\n\n<figure class=\"wp-block-image size-large\"><img decoding=\"async\" width=\"576\" height=\"1024\" data-id=\"864\" src=\"https:\/\/mg.passadospresentes.com.br\/cultura-material\/wp-content\/uploads\/sites\/4\/2024\/11\/Imagem-do-WhatsApp-de-2025-06-16-as-10.37.49_7c4b7b32-576x1024.jpg\" alt=\"\" class=\"wp-image-864\" srcset=\"https:\/\/mg.passadospresentes.com.br\/cultura-material\/wp-content\/uploads\/sites\/4\/2024\/11\/Imagem-do-WhatsApp-de-2025-06-16-as-10.37.49_7c4b7b32-576x1024.jpg 576w, https:\/\/mg.passadospresentes.com.br\/cultura-material\/wp-content\/uploads\/sites\/4\/2024\/11\/Imagem-do-WhatsApp-de-2025-06-16-as-10.37.49_7c4b7b32-169x300.jpg 169w, https:\/\/mg.passadospresentes.com.br\/cultura-material\/wp-content\/uploads\/sites\/4\/2024\/11\/Imagem-do-WhatsApp-de-2025-06-16-as-10.37.49_7c4b7b32-768x1365.jpg 768w, https:\/\/mg.passadospresentes.com.br\/cultura-material\/wp-content\/uploads\/sites\/4\/2024\/11\/Imagem-do-WhatsApp-de-2025-06-16-as-10.37.49_7c4b7b32-864x1536.jpg 864w, https:\/\/mg.passadospresentes.com.br\/cultura-material\/wp-content\/uploads\/sites\/4\/2024\/11\/Imagem-do-WhatsApp-de-2025-06-16-as-10.37.49_7c4b7b32.jpg 900w\" sizes=\"(max-width: 576px) 100vw, 576px\" \/><figcaption class=\"wp-element-caption\">l\u00e2minas de machado <\/figcaption><\/figure>\n\n\n\n<figure class=\"wp-block-image size-large\"><img decoding=\"async\" width=\"576\" height=\"1024\" data-id=\"865\" src=\"https:\/\/mg.passadospresentes.com.br\/cultura-material\/wp-content\/uploads\/sites\/4\/2024\/11\/Imagem-do-WhatsApp-de-2025-06-16-as-10.37.49_ac1e06bc-576x1024.jpg\" alt=\"\" class=\"wp-image-865\" srcset=\"https:\/\/mg.passadospresentes.com.br\/cultura-material\/wp-content\/uploads\/sites\/4\/2024\/11\/Imagem-do-WhatsApp-de-2025-06-16-as-10.37.49_ac1e06bc-576x1024.jpg 576w, https:\/\/mg.passadospresentes.com.br\/cultura-material\/wp-content\/uploads\/sites\/4\/2024\/11\/Imagem-do-WhatsApp-de-2025-06-16-as-10.37.49_ac1e06bc-169x300.jpg 169w, https:\/\/mg.passadospresentes.com.br\/cultura-material\/wp-content\/uploads\/sites\/4\/2024\/11\/Imagem-do-WhatsApp-de-2025-06-16-as-10.37.49_ac1e06bc-768x1365.jpg 768w, https:\/\/mg.passadospresentes.com.br\/cultura-material\/wp-content\/uploads\/sites\/4\/2024\/11\/Imagem-do-WhatsApp-de-2025-06-16-as-10.37.49_ac1e06bc-864x1536.jpg 864w, https:\/\/mg.passadospresentes.com.br\/cultura-material\/wp-content\/uploads\/sites\/4\/2024\/11\/Imagem-do-WhatsApp-de-2025-06-16-as-10.37.49_ac1e06bc.jpg 900w\" sizes=\"(max-width: 576px) 100vw, 576px\" \/><\/figure>\n<\/figure>\n\n\n\n<p style=\"font-size:14px\">Ainda em Oliveira foram identificados cachimbos de barro utilizados pela popula\u00e7\u00e3o negra durante o per\u00edodo colonial e trechos de muros de pedras constru\u00eddos pelos escravizados, a partir da t\u00e9cnica de junta seca. A \u00e1rea onde se encontra o muro de pedras \u00e9 utilizada na atualidade para a realiza\u00e7\u00e3o de express\u00f5es religiosas de matriz africana, demonstrando como a cultura material pode operar em distintas \u00e9pocas a partir de ressignifica\u00e7\u00f5es e conviv\u00eancias, podendo ser um caminho para o resgate da mem\u00f3ria e do fortalecimento da identidade de grupos tradicionais.<\/p>\n\n\n\n<figure class=\"wp-block-gallery has-nested-images columns-default is-cropped wp-block-gallery-2 is-layout-flex wp-block-gallery-is-layout-flex\">\n<figure class=\"wp-block-image size-large\"><img loading=\"lazy\" decoding=\"async\" width=\"1024\" height=\"576\" data-id=\"869\" src=\"https:\/\/mg.passadospresentes.com.br\/cultura-material\/wp-content\/uploads\/sites\/4\/2024\/11\/Imagem-do-WhatsApp-de-2025-06-16-as-10.37.51_e4a2f9d7-1024x576.jpg\" alt=\"\" class=\"wp-image-869\" srcset=\"https:\/\/mg.passadospresentes.com.br\/cultura-material\/wp-content\/uploads\/sites\/4\/2024\/11\/Imagem-do-WhatsApp-de-2025-06-16-as-10.37.51_e4a2f9d7-1024x576.jpg 1024w, https:\/\/mg.passadospresentes.com.br\/cultura-material\/wp-content\/uploads\/sites\/4\/2024\/11\/Imagem-do-WhatsApp-de-2025-06-16-as-10.37.51_e4a2f9d7-300x169.jpg 300w, https:\/\/mg.passadospresentes.com.br\/cultura-material\/wp-content\/uploads\/sites\/4\/2024\/11\/Imagem-do-WhatsApp-de-2025-06-16-as-10.37.51_e4a2f9d7-768x432.jpg 768w, https:\/\/mg.passadospresentes.com.br\/cultura-material\/wp-content\/uploads\/sites\/4\/2024\/11\/Imagem-do-WhatsApp-de-2025-06-16-as-10.37.51_e4a2f9d7-1536x864.jpg 1536w, https:\/\/mg.passadospresentes.com.br\/cultura-material\/wp-content\/uploads\/sites\/4\/2024\/11\/Imagem-do-WhatsApp-de-2025-06-16-as-10.37.51_e4a2f9d7.jpg 1600w\" sizes=\"(max-width: 1024px) 100vw, 1024px\" \/><figcaption class=\"wp-element-caption\">[]<\/figcaption><\/figure>\n\n\n\n<figure class=\"wp-block-image size-large\"><img loading=\"lazy\" decoding=\"async\" width=\"1024\" height=\"576\" data-id=\"868\" src=\"https:\/\/mg.passadospresentes.com.br\/cultura-material\/wp-content\/uploads\/sites\/4\/2024\/11\/Imagem-do-WhatsApp-de-2025-06-16-as-10.37.51_29c9b196-1024x576.jpg\" alt=\"\" class=\"wp-image-868\" srcset=\"https:\/\/mg.passadospresentes.com.br\/cultura-material\/wp-content\/uploads\/sites\/4\/2024\/11\/Imagem-do-WhatsApp-de-2025-06-16-as-10.37.51_29c9b196-1024x576.jpg 1024w, https:\/\/mg.passadospresentes.com.br\/cultura-material\/wp-content\/uploads\/sites\/4\/2024\/11\/Imagem-do-WhatsApp-de-2025-06-16-as-10.37.51_29c9b196-300x169.jpg 300w, https:\/\/mg.passadospresentes.com.br\/cultura-material\/wp-content\/uploads\/sites\/4\/2024\/11\/Imagem-do-WhatsApp-de-2025-06-16-as-10.37.51_29c9b196-768x432.jpg 768w, https:\/\/mg.passadospresentes.com.br\/cultura-material\/wp-content\/uploads\/sites\/4\/2024\/11\/Imagem-do-WhatsApp-de-2025-06-16-as-10.37.51_29c9b196-1536x864.jpg 1536w, https:\/\/mg.passadospresentes.com.br\/cultura-material\/wp-content\/uploads\/sites\/4\/2024\/11\/Imagem-do-WhatsApp-de-2025-06-16-as-10.37.51_29c9b196.jpg 1600w\" sizes=\"(max-width: 1024px) 100vw, 1024px\" \/><figcaption class=\"wp-element-caption\">[]<\/figcaption><\/figure>\n\n\n\n<figure class=\"wp-block-image size-large\"><img loading=\"lazy\" decoding=\"async\" width=\"1024\" height=\"576\" data-id=\"871\" src=\"https:\/\/mg.passadospresentes.com.br\/cultura-material\/wp-content\/uploads\/sites\/4\/2024\/11\/Imagem-do-WhatsApp-de-2025-06-16-as-10.37.52_41c59c21-1024x576.jpg\" alt=\"\" class=\"wp-image-871\" srcset=\"https:\/\/mg.passadospresentes.com.br\/cultura-material\/wp-content\/uploads\/sites\/4\/2024\/11\/Imagem-do-WhatsApp-de-2025-06-16-as-10.37.52_41c59c21-1024x576.jpg 1024w, https:\/\/mg.passadospresentes.com.br\/cultura-material\/wp-content\/uploads\/sites\/4\/2024\/11\/Imagem-do-WhatsApp-de-2025-06-16-as-10.37.52_41c59c21-300x169.jpg 300w, https:\/\/mg.passadospresentes.com.br\/cultura-material\/wp-content\/uploads\/sites\/4\/2024\/11\/Imagem-do-WhatsApp-de-2025-06-16-as-10.37.52_41c59c21-768x432.jpg 768w, https:\/\/mg.passadospresentes.com.br\/cultura-material\/wp-content\/uploads\/sites\/4\/2024\/11\/Imagem-do-WhatsApp-de-2025-06-16-as-10.37.52_41c59c21-1536x864.jpg 1536w, https:\/\/mg.passadospresentes.com.br\/cultura-material\/wp-content\/uploads\/sites\/4\/2024\/11\/Imagem-do-WhatsApp-de-2025-06-16-as-10.37.52_41c59c21.jpg 1600w\" sizes=\"(max-width: 1024px) 100vw, 1024px\" \/><figcaption class=\"wp-element-caption\">[]<\/figcaption><\/figure>\n\n\n\n<figure class=\"wp-block-image size-large\"><img loading=\"lazy\" decoding=\"async\" width=\"1024\" height=\"576\" data-id=\"867\" src=\"https:\/\/mg.passadospresentes.com.br\/cultura-material\/wp-content\/uploads\/sites\/4\/2024\/11\/Imagem-do-WhatsApp-de-2025-06-16-as-10.37.50_d76794cb-1024x576.jpg\" alt=\"\" class=\"wp-image-867\" srcset=\"https:\/\/mg.passadospresentes.com.br\/cultura-material\/wp-content\/uploads\/sites\/4\/2024\/11\/Imagem-do-WhatsApp-de-2025-06-16-as-10.37.50_d76794cb-1024x576.jpg 1024w, https:\/\/mg.passadospresentes.com.br\/cultura-material\/wp-content\/uploads\/sites\/4\/2024\/11\/Imagem-do-WhatsApp-de-2025-06-16-as-10.37.50_d76794cb-300x169.jpg 300w, https:\/\/mg.passadospresentes.com.br\/cultura-material\/wp-content\/uploads\/sites\/4\/2024\/11\/Imagem-do-WhatsApp-de-2025-06-16-as-10.37.50_d76794cb-768x432.jpg 768w, https:\/\/mg.passadospresentes.com.br\/cultura-material\/wp-content\/uploads\/sites\/4\/2024\/11\/Imagem-do-WhatsApp-de-2025-06-16-as-10.37.50_d76794cb-1536x864.jpg 1536w, https:\/\/mg.passadospresentes.com.br\/cultura-material\/wp-content\/uploads\/sites\/4\/2024\/11\/Imagem-do-WhatsApp-de-2025-06-16-as-10.37.50_d76794cb.jpg 1600w\" sizes=\"(max-width: 1024px) 100vw, 1024px\" \/><figcaption class=\"wp-element-caption\">[]<\/figcaption><\/figure>\n\n\n\n<figure class=\"wp-block-image size-large\"><img loading=\"lazy\" decoding=\"async\" width=\"1024\" height=\"576\" data-id=\"870\" src=\"https:\/\/mg.passadospresentes.com.br\/cultura-material\/wp-content\/uploads\/sites\/4\/2024\/11\/Imagem-do-WhatsApp-de-2025-06-16-as-10.37.52_22d340db-1024x576.jpg\" alt=\"\" class=\"wp-image-870\" srcset=\"https:\/\/mg.passadospresentes.com.br\/cultura-material\/wp-content\/uploads\/sites\/4\/2024\/11\/Imagem-do-WhatsApp-de-2025-06-16-as-10.37.52_22d340db-1024x576.jpg 1024w, https:\/\/mg.passadospresentes.com.br\/cultura-material\/wp-content\/uploads\/sites\/4\/2024\/11\/Imagem-do-WhatsApp-de-2025-06-16-as-10.37.52_22d340db-300x169.jpg 300w, https:\/\/mg.passadospresentes.com.br\/cultura-material\/wp-content\/uploads\/sites\/4\/2024\/11\/Imagem-do-WhatsApp-de-2025-06-16-as-10.37.52_22d340db-768x432.jpg 768w, https:\/\/mg.passadospresentes.com.br\/cultura-material\/wp-content\/uploads\/sites\/4\/2024\/11\/Imagem-do-WhatsApp-de-2025-06-16-as-10.37.52_22d340db-1536x864.jpg 1536w, https:\/\/mg.passadospresentes.com.br\/cultura-material\/wp-content\/uploads\/sites\/4\/2024\/11\/Imagem-do-WhatsApp-de-2025-06-16-as-10.37.52_22d340db.jpg 1600w\" sizes=\"(max-width: 1024px) 100vw, 1024px\" \/><figcaption class=\"wp-element-caption\">[]<\/figcaption><\/figure>\n<\/figure>\n","protected":false},"excerpt":{"rendered":"<p>Escrito por Paulo Campos em 3 de maio de 2025.&nbsp; A arqueologia pode ser entendida como um campo cient\u00edfico que busca compreender as diferentes formas de organiza\u00e7\u00e3o social, pol\u00edtica, de espiritualidade, de paisagens e demais aspectos da vida cotidiana a partir da cultura material. Dessa forma, a arqueologia \u00e9 o estudo sobre os grupos humanos [&hellip;]<\/p>\n","protected":false},"author":1,"featured_media":872,"comment_status":"open","ping_status":"open","sticky":false,"template":"","format":"standard","meta":{"_acf_changed":false,"footnotes":""},"categories":[19],"tags":[],"class_list":["post-451","post","type-post","status-publish","format-standard","has-post-thumbnail","hentry","category-noticias"],"acf":[],"_links":{"self":[{"href":"https:\/\/mg.passadospresentes.com.br\/cultura-material\/wp-json\/wp\/v2\/posts\/451","targetHints":{"allow":["GET"]}}],"collection":[{"href":"https:\/\/mg.passadospresentes.com.br\/cultura-material\/wp-json\/wp\/v2\/posts"}],"about":[{"href":"https:\/\/mg.passadospresentes.com.br\/cultura-material\/wp-json\/wp\/v2\/types\/post"}],"author":[{"embeddable":true,"href":"https:\/\/mg.passadospresentes.com.br\/cultura-material\/wp-json\/wp\/v2\/users\/1"}],"replies":[{"embeddable":true,"href":"https:\/\/mg.passadospresentes.com.br\/cultura-material\/wp-json\/wp\/v2\/comments?post=451"}],"version-history":[{"count":6,"href":"https:\/\/mg.passadospresentes.com.br\/cultura-material\/wp-json\/wp\/v2\/posts\/451\/revisions"}],"predecessor-version":[{"id":880,"href":"https:\/\/mg.passadospresentes.com.br\/cultura-material\/wp-json\/wp\/v2\/posts\/451\/revisions\/880"}],"wp:featuredmedia":[{"embeddable":true,"href":"https:\/\/mg.passadospresentes.com.br\/cultura-material\/wp-json\/wp\/v2\/media\/872"}],"wp:attachment":[{"href":"https:\/\/mg.passadospresentes.com.br\/cultura-material\/wp-json\/wp\/v2\/media?parent=451"}],"wp:term":[{"taxonomy":"category","embeddable":true,"href":"https:\/\/mg.passadospresentes.com.br\/cultura-material\/wp-json\/wp\/v2\/categories?post=451"},{"taxonomy":"post_tag","embeddable":true,"href":"https:\/\/mg.passadospresentes.com.br\/cultura-material\/wp-json\/wp\/v2\/tags?post=451"}],"curies":[{"name":"wp","href":"https:\/\/api.w.org\/{rel}","templated":true}]}}