{"id":101,"date":"2024-10-21T16:12:25","date_gmt":"2024-10-21T19:12:25","guid":{"rendered":"https:\/\/mg.passadospresentes.com.br\/cultura-material\/?p=101"},"modified":"2025-11-30T20:05:38","modified_gmt":"2025-11-30T23:05:38","slug":"catalogo-digital","status":"publish","type":"post","link":"https:\/\/mg.passadospresentes.com.br\/cultura-material\/livro-digital\/catalogo-digital\/","title":{"rendered":"Cat\u00e1logo: Cultura Material de Origem Afro-Ind\u00edgena em Minas Gerais (S\u00e9culos 18 ao 20)"},"content":{"rendered":"\n<p class=\"has-small-font-size\">O cat\u00e1logo&nbsp;sobre cultura material africana e ind\u00edgena em Minas Gerais&nbsp;re\u00fane as pesquisas desenvolvidas pelos investigadores do subgrupo de Cultura Material, do Projeto &#8220;Passados Presentes&#8221;. A obra evidencia a riqueza e diversidade da cultura material no estado, destacando elementos como os <strong>Tambores de Oliveira,<\/strong> o <strong>Culto a Anast\u00e1cia<\/strong> e suas recria\u00e7\u00f5es contempor\u00e2neas, a <strong>bola de p\u00ealo de boi<\/strong> da casa de M\u00e3e Ana, as <strong>cer\u00e2micas de origem negra <\/strong>da casa de Chica da Silva, os <em><strong>obis <\/strong><\/em><strong>e suas m\u00faltiplas interpreta\u00e7\u00f5e<\/strong>s no contexto de consulta aos orix\u00e1s do Candombl\u00e9, al\u00e9m das <strong>Cantigas de Santo Ant\u00f4nio <\/strong>que remetem ao Congo e Angola, fundamentais nos rituais da Umbanda no Brasil.<\/p>\n\n\n\n<p class=\"has-small-font-size\">A cultura material refere-se aos objetos f\u00edsicos criados, bem como m\u00fasicas, utilizados e valorizados pelas sociedades, refletindo suas pr\u00e1ticas, cren\u00e7as e identidades. Este tipo de fonte permite uma compreens\u00e3o mais profunda das tradi\u00e7\u00f5es e intera\u00e7\u00f5es culturais, abordando aspectos que fontes escritas muitas vezes n\u00e3o capturam, como t\u00e9cnicas artesanais, simbolismos visuais e usos cotidianos dos objetos. Ao explorar a cultura material, o cat\u00e1logo oferece uma perspectiva enriquecida e multidimensional das influ\u00eancias africanas e ind\u00edgenas em Minas Gerais, promovendo um di\u00e1logo entre passado e presente e valorizando a heran\u00e7a cultural que molda a identidade regional<\/p>\n\n\n\n<p class=\"has-small-font-size\">Mais do que um simples registro acad\u00eamico, nosso cat\u00e1logo nasceu do vontade de criar uma ferramenta viva, capaz de reunir pesquisas, mem\u00f3rias e experimenta\u00e7\u00f5es, e do desejo coletivo de materializar novas formas de compartilhar conhecimento, rompendo com os limites da produ\u00e7\u00e3o intelectual tradicional. Ao longo do processo, o grupo teve a oportunidade de aprender com detentores de saberes tradicionais, que nos ensinaram outras formas de ver, compreender e se relacionar com o mundo. Esses di\u00e1logos nos permitiram sonhar coletivamente com uma nova maneira de interpretar o passado, especialmente no que diz respeito \u00e0s rela\u00e7\u00f5es entre comunidades afro-brasileiras e ind\u00edgenas, tanto no plano sagrado quanto no mundo material. <\/p>\n\n\n\n<p class=\"has-small-font-size\">Sendo assim, o cat\u00e1logo que apresentamos busca oferecer uma perspectiva multidimensional sobre essas influ\u00eancias em Minas Gerais, articulando saberes ancestrais, pesquisas acad\u00eamicas e interven\u00e7\u00f5es culturais. Entre as experi\u00eancias que compuseram esse percurso, destacam-se as oficinas culturais abertas \u00e0 comunidade, que se tornaram espa\u00e7os privilegiados de troca intergeracional, e <strong>as grava\u00e7\u00f5es das Cantigas de Exu Santo Ant\u00f4nio realizadas na Associa\u00e7\u00e3o Afro Ancestral e Terreiro Caboclo Pedra Branca<\/strong>, sob a lideran\u00e7a da detentora<strong> <a href=\"https:\/\/mg.passadospresentes.com.br\/cultura-material\/participante\/maeanamaria\/\" data-type=\"link\" data-id=\"https:\/\/mg.passadospresentes.com.br\/cultura-material\/participante\/maeanamaria\/\">M\u00e3e Ana Maria de Ians\u00e3<\/a><\/strong>. J\u00e1 em Oliveira, as atividades de registro arqueol\u00f3gico permitiram identificar estruturas, artefatos e paisagens ligadas \u00e0 ocupa\u00e7\u00e3o afro-ind\u00edgena na regi\u00e3o, incluindo a localiza\u00e7\u00e3o do s\u00edtio conhecido como &#8220;Muro de Pedras da Fazenda Diamante&#8221;, trabalho realizado em parceria com a <strong><a href=\"https:\/\/mg.passadospresentes.com.br\/festas-e-modos-de-vida\/participante\/capita-pedrina-de-lourdes-santos\/\" data-type=\"link\" data-id=\"https:\/\/mg.passadospresentes.com.br\/festas-e-modos-de-vida\/participante\/capita-pedrina-de-lourdes-santos\/\">Capit\u00e3 Pedrina de Lourdes Santos \u2013 <em>Seji Danjy <\/em>Dya Hongolo<\/a><\/strong>, Capit\u00e3 de Massambike e zeladora de Umbanda. <\/p>\n\n\n\n<p class=\"has-small-font-size\">Nosso objetivo \u00e9 que ele funcione como uma porta de acesso a refer\u00eancias de um passado que ainda permanece ofuscado na hist\u00f3ria oficial, contribuindo para a valoriza\u00e7\u00e3o de saberes marginalizados e para a constru\u00e7\u00e3o de novas narrativas. Esperamos que as p\u00e1ginas a seguir ajudem a inspirar futuras pesquisas, a\u00e7\u00f5es comunit\u00e1rias e, principalmente, a manter viva a mem\u00f3ria daqueles que, com suas lutas e exist\u00eancias, moldaram o presente que hoje compartilhamos.<\/p>\n\n\n\n<p><\/p>\n\n\n\n<p><\/p>\n","protected":false},"excerpt":{"rendered":"<p>O cat\u00e1logo&nbsp;sobre cultura material africana e ind\u00edgena em Minas Gerais&nbsp;re\u00fane as pesquisas desenvolvidas pelos investigadores do subgrupo de Cultura Material, do Projeto &#8220;Passados Presentes&#8221;. A obra evidencia a riqueza e diversidade da cultura material no estado, destacando elementos como os Tambores de Oliveira, o Culto a Anast\u00e1cia e suas recria\u00e7\u00f5es contempor\u00e2neas, a bola de p\u00ealo [&hellip;]<\/p>\n","protected":false},"author":1,"featured_media":948,"comment_status":"open","ping_status":"open","sticky":false,"template":"","format":"standard","meta":{"_acf_changed":false,"footnotes":""},"categories":[4],"tags":[27],"class_list":["post-101","post","type-post","status-publish","format-standard","has-post-thumbnail","hentry","category-livro-digital","tag-produtos"],"acf":[],"_links":{"self":[{"href":"https:\/\/mg.passadospresentes.com.br\/cultura-material\/wp-json\/wp\/v2\/posts\/101","targetHints":{"allow":["GET"]}}],"collection":[{"href":"https:\/\/mg.passadospresentes.com.br\/cultura-material\/wp-json\/wp\/v2\/posts"}],"about":[{"href":"https:\/\/mg.passadospresentes.com.br\/cultura-material\/wp-json\/wp\/v2\/types\/post"}],"author":[{"embeddable":true,"href":"https:\/\/mg.passadospresentes.com.br\/cultura-material\/wp-json\/wp\/v2\/users\/1"}],"replies":[{"embeddable":true,"href":"https:\/\/mg.passadospresentes.com.br\/cultura-material\/wp-json\/wp\/v2\/comments?post=101"}],"version-history":[{"count":9,"href":"https:\/\/mg.passadospresentes.com.br\/cultura-material\/wp-json\/wp\/v2\/posts\/101\/revisions"}],"predecessor-version":[{"id":1021,"href":"https:\/\/mg.passadospresentes.com.br\/cultura-material\/wp-json\/wp\/v2\/posts\/101\/revisions\/1021"}],"wp:featuredmedia":[{"embeddable":true,"href":"https:\/\/mg.passadospresentes.com.br\/cultura-material\/wp-json\/wp\/v2\/media\/948"}],"wp:attachment":[{"href":"https:\/\/mg.passadospresentes.com.br\/cultura-material\/wp-json\/wp\/v2\/media?parent=101"}],"wp:term":[{"taxonomy":"category","embeddable":true,"href":"https:\/\/mg.passadospresentes.com.br\/cultura-material\/wp-json\/wp\/v2\/categories?post=101"},{"taxonomy":"post_tag","embeddable":true,"href":"https:\/\/mg.passadospresentes.com.br\/cultura-material\/wp-json\/wp\/v2\/tags?post=101"}],"curies":[{"name":"wp","href":"https:\/\/api.w.org\/{rel}","templated":true}]}}