{"id":98,"date":"2024-10-21T16:12:04","date_gmt":"2024-10-21T19:12:04","guid":{"rendered":"https:\/\/mg.passadospresentes.com.br\/cidades-negras\/?p=98"},"modified":"2025-10-30T10:53:48","modified_gmt":"2025-10-30T13:53:48","slug":"maecenas-condimentum-sem-auctor-faucibus-sem-quis-blandit-eros","status":"publish","type":"post","link":"https:\/\/mg.passadospresentes.com.br\/cidades-negras\/livro-digital\/maecenas-condimentum-sem-auctor-faucibus-sem-quis-blandit-eros\/","title":{"rendered":"A\u00e7\u00f5es de Liberdade em Juiz de Fora: protagonismos, autonomias e insurg\u00eancias"},"content":{"rendered":"\n<div class=\"wp-block-media-text alignwide has-media-on-the-right is-stacked-on-mobile\" style=\"grid-template-columns:auto 15%\"><div class=\"wp-block-media-text__content\">\n<p>O e-book <strong>\u201cA\u00e7\u00f5es de Liberdade em Juiz de Fora: protagonismos, autonomias e insurg\u00eancias\u201d<\/strong> revela a for\u00e7a, a resist\u00eancia e o protagonismo da popula\u00e7\u00e3o negra na cidade de Juiz de Fora durante o s\u00e9culo XIX. A obra, escrita por <strong>Giovana de Carvalho Castro, <a href=\"https:\/\/mg.passadospresentes.com.br\/cidades-negras\/participante\/vanessa\/\">Vanessa Ferreira Lopes<\/a> e Luan Pedretti de Castro Ferreira<\/strong>, apresenta hist\u00f3rias reais de pessoas negras que, mesmo em meio \u00e0 escravid\u00e3o, lutaram pela liberdade atrav\u00e9s de a\u00e7\u00f5es judiciais, negocia\u00e7\u00f5es e diferentes estrat\u00e9gias de enfrentamento.<\/p>\n\n\n\n<p>A pesquisa traz \u00e0 tona documentos hist\u00f3ricos guardados no Arquivo Hist\u00f3rico Municipal, que mostram como homens e mulheres escravizados se mobilizaram em busca de autonomia e reconhecimento. Mais do que relatar fatos, o e-book valoriza as <strong>insurg\u00eancias cotidianas<\/strong>, as formas de resist\u00eancia e as trajet\u00f3rias de quem transformou o direito \u00e0 liberdade em ato pol\u00edtico e social.<\/p>\n\n\n\n<p>Ao destacar esses protagonismos, a obra convida o leitor a repensar o passado escravista do Brasil sob uma nova perspectiva \u2014 aquela que reconhece a <strong>ag\u00eancia, a dignidade e a contribui\u00e7\u00e3o das pessoas negras<\/strong> para a constru\u00e7\u00e3o da cidade e da sociedade brasileira.<\/p>\n\n\n\n<p>De acesso gratuito, o livro tamb\u00e9m prop\u00f5e o uso educacional de suas descobertas, estimulando reflex\u00f5es sobre <strong>mem\u00f3ria, repara\u00e7\u00e3o e igualdade racial<\/strong> nos dias de hoje.<\/p>\n<\/div><figure class=\"wp-block-media-text__media\"><img fetchpriority=\"high\" decoding=\"async\" width=\"1024\" height=\"1024\" src=\"https:\/\/mg.passadospresentes.com.br\/cidades-negras\/wp-content\/uploads\/sites\/5\/2024\/10\/Site-equipe-35-1-1024x1024.png\" alt=\"\" class=\"wp-image-1743 size-full\" srcset=\"https:\/\/mg.passadospresentes.com.br\/cidades-negras\/wp-content\/uploads\/sites\/5\/2024\/10\/Site-equipe-35-1-1024x1024.png 1024w, https:\/\/mg.passadospresentes.com.br\/cidades-negras\/wp-content\/uploads\/sites\/5\/2024\/10\/Site-equipe-35-1-300x300.png 300w, https:\/\/mg.passadospresentes.com.br\/cidades-negras\/wp-content\/uploads\/sites\/5\/2024\/10\/Site-equipe-35-1-150x150.png 150w, https:\/\/mg.passadospresentes.com.br\/cidades-negras\/wp-content\/uploads\/sites\/5\/2024\/10\/Site-equipe-35-1-768x768.png 768w, https:\/\/mg.passadospresentes.com.br\/cidades-negras\/wp-content\/uploads\/sites\/5\/2024\/10\/Site-equipe-35-1.png 1080w\" sizes=\"(max-width: 1024px) 100vw, 1024px\" \/><\/figure><\/div>\n","protected":false},"excerpt":{"rendered":"<p>A\u00e7\u00f5es de Liberdade em Juiz de Fora: protagonismos, autonomias e insurg\u00eancias<\/p>\n","protected":false},"author":1,"featured_media":1741,"comment_status":"open","ping_status":"open","sticky":false,"template":"","format":"standard","meta":{"_acf_changed":false,"footnotes":""},"categories":[4],"tags":[],"class_list":["post-98","post","type-post","status-publish","format-standard","has-post-thumbnail","hentry","category-livro-digital"],"acf":[],"_links":{"self":[{"href":"https:\/\/mg.passadospresentes.com.br\/cidades-negras\/wp-json\/wp\/v2\/posts\/98","targetHints":{"allow":["GET"]}}],"collection":[{"href":"https:\/\/mg.passadospresentes.com.br\/cidades-negras\/wp-json\/wp\/v2\/posts"}],"about":[{"href":"https:\/\/mg.passadospresentes.com.br\/cidades-negras\/wp-json\/wp\/v2\/types\/post"}],"author":[{"embeddable":true,"href":"https:\/\/mg.passadospresentes.com.br\/cidades-negras\/wp-json\/wp\/v2\/users\/1"}],"replies":[{"embeddable":true,"href":"https:\/\/mg.passadospresentes.com.br\/cidades-negras\/wp-json\/wp\/v2\/comments?post=98"}],"version-history":[{"count":9,"href":"https:\/\/mg.passadospresentes.com.br\/cidades-negras\/wp-json\/wp\/v2\/posts\/98\/revisions"}],"predecessor-version":[{"id":1744,"href":"https:\/\/mg.passadospresentes.com.br\/cidades-negras\/wp-json\/wp\/v2\/posts\/98\/revisions\/1744"}],"wp:featuredmedia":[{"embeddable":true,"href":"https:\/\/mg.passadospresentes.com.br\/cidades-negras\/wp-json\/wp\/v2\/media\/1741"}],"wp:attachment":[{"href":"https:\/\/mg.passadospresentes.com.br\/cidades-negras\/wp-json\/wp\/v2\/media?parent=98"}],"wp:term":[{"taxonomy":"category","embeddable":true,"href":"https:\/\/mg.passadospresentes.com.br\/cidades-negras\/wp-json\/wp\/v2\/categories?post=98"},{"taxonomy":"post_tag","embeddable":true,"href":"https:\/\/mg.passadospresentes.com.br\/cidades-negras\/wp-json\/wp\/v2\/tags?post=98"}],"curies":[{"name":"wp","href":"https:\/\/api.w.org\/{rel}","templated":true}]}}