{"id":453,"date":"2024-11-16T20:58:57","date_gmt":"2024-11-16T23:58:57","guid":{"rendered":"https:\/\/mg.passadospresentes.com.br\/cidades-negras\/?p=453"},"modified":"2025-12-16T10:48:05","modified_gmt":"2025-12-16T13:48:05","slug":"labhoi-arquivo-digital","status":"publish","type":"post","link":"https:\/\/mg.passadospresentes.com.br\/cidades-negras\/noticias\/labhoi-arquivo-digital\/","title":{"rendered":"LABHOI: Arquivo Digital"},"content":{"rendered":"\n<p>Arquivo Digital da Linha Mem\u00f3ria, \u00c1fricas e Escravid\u00e3o do LABHOI UFJF\/UFF.<\/p>\n\n\n\n<p>Acervo Passados \u200b\u200bPresentes: mem\u00f3ria da escravid\u00e3o do LABHOI-UFF, coordenado por Hebe Mattos e Martha Abreu.<\/p>\n\n\n\n<p>Arquivo digital do Projeto Passados \u200b\u200bPresentes. Patrim\u00f4nios e Mem\u00f3rias Negras e Afro-ind\u00edgenas em Minas Gerais, CNPq 421223\/2022-7, sob desenvolvimento de Hebe Mattos no LABHOI\/UFJF, reunindo acervos digitais resultantes das pesquisas de seus mais de 40 integrantes.<\/p>\n\n\n\n<p>Reposit\u00f3rio de hist\u00f3ria oral do PPGH\/UFJF.<\/p>\n\n\n\n<p>A implementa\u00e7\u00e3o do LABHOI na UFJF foi atualizada pela FAPEMIG atrav\u00e9s do projeto APQ-03676-18. Com apoio do CNPq e do projeto REPESQ\/NETLAB\/UFJF, compramos o servidor para processar o software atom e armazenar os arquivos digitais aqui arrolados.<\/p>\n\n\n\n<p>Acesse por aqui: <\/p>\n\n\n\n<p><a href=\"https:\/\/labhoi.net.br\/\" target=\"_blank\" rel=\"noreferrer noopener\">https:\/\/labhoi.net.br\/<\/a><\/p>\n\n\n\n<p><\/p>\n","protected":false},"excerpt":{"rendered":"<p>Arquivo Digital da Linha Mem\u00f3ria, \u00c1fricas e Escravid\u00e3o do LABHOI UFJF\/UFF. Acervo Passados \u200b\u200bPresentes: mem\u00f3ria da escravid\u00e3o do LABHOI-UFF, coordenado por Hebe Mattos e Martha Abreu. Arquivo digital do Projeto Passados \u200b\u200bPresentes. Patrim\u00f4nios e Mem\u00f3rias Negras e Afro-ind\u00edgenas em Minas Gerais, CNPq 421223\/2022-7, sob desenvolvimento de Hebe Mattos no LABHOI\/UFJF, reunindo acervos digitais resultantes das [&hellip;]<\/p>\n","protected":false},"author":1,"featured_media":2006,"comment_status":"open","ping_status":"open","sticky":false,"template":"","format":"standard","meta":{"_acf_changed":false,"footnotes":""},"categories":[19],"tags":[],"class_list":["post-453","post","type-post","status-publish","format-standard","has-post-thumbnail","hentry","category-noticias"],"acf":[],"_links":{"self":[{"href":"https:\/\/mg.passadospresentes.com.br\/cidades-negras\/wp-json\/wp\/v2\/posts\/453","targetHints":{"allow":["GET"]}}],"collection":[{"href":"https:\/\/mg.passadospresentes.com.br\/cidades-negras\/wp-json\/wp\/v2\/posts"}],"about":[{"href":"https:\/\/mg.passadospresentes.com.br\/cidades-negras\/wp-json\/wp\/v2\/types\/post"}],"author":[{"embeddable":true,"href":"https:\/\/mg.passadospresentes.com.br\/cidades-negras\/wp-json\/wp\/v2\/users\/1"}],"replies":[{"embeddable":true,"href":"https:\/\/mg.passadospresentes.com.br\/cidades-negras\/wp-json\/wp\/v2\/comments?post=453"}],"version-history":[{"count":6,"href":"https:\/\/mg.passadospresentes.com.br\/cidades-negras\/wp-json\/wp\/v2\/posts\/453\/revisions"}],"predecessor-version":[{"id":2007,"href":"https:\/\/mg.passadospresentes.com.br\/cidades-negras\/wp-json\/wp\/v2\/posts\/453\/revisions\/2007"}],"wp:featuredmedia":[{"embeddable":true,"href":"https:\/\/mg.passadospresentes.com.br\/cidades-negras\/wp-json\/wp\/v2\/media\/2006"}],"wp:attachment":[{"href":"https:\/\/mg.passadospresentes.com.br\/cidades-negras\/wp-json\/wp\/v2\/media?parent=453"}],"wp:term":[{"taxonomy":"category","embeddable":true,"href":"https:\/\/mg.passadospresentes.com.br\/cidades-negras\/wp-json\/wp\/v2\/categories?post=453"},{"taxonomy":"post_tag","embeddable":true,"href":"https:\/\/mg.passadospresentes.com.br\/cidades-negras\/wp-json\/wp\/v2\/tags?post=453"}],"curies":[{"name":"wp","href":"https:\/\/api.w.org\/{rel}","templated":true}]}}