{"id":2261,"date":"2026-04-20T15:47:07","date_gmt":"2026-04-20T18:47:07","guid":{"rendered":"https:\/\/mg.passadospresentes.com.br\/cidades-negras\/?p=2261"},"modified":"2026-04-20T16:41:02","modified_gmt":"2026-04-20T19:41:02","slug":"ebook-metodo-terra","status":"publish","type":"post","link":"https:\/\/mg.passadospresentes.com.br\/cidades-negras\/ebook\/ebook-metodo-terra\/","title":{"rendered":"Ebook: M\u00e9todo Terra"},"content":{"rendered":"\t\t<div data-elementor-type=\"wp-post\" data-elementor-id=\"2261\" class=\"elementor elementor-2261\" data-elementor-post-type=\"post\">\n\t\t\t\t<div class=\"elementor-element elementor-element-78592d8d e-flex e-con-boxed e-con e-parent\" data-id=\"78592d8d\" data-element_type=\"container\">\n\t\t\t\t\t<div class=\"e-con-inner\">\n\t\t\t\t<div class=\"elementor-element elementor-element-4d116e8b elementor-widget elementor-widget-text-editor\" data-id=\"4d116e8b\" data-element_type=\"widget\" data-widget_type=\"text-editor.default\">\n\t\t\t\t<div class=\"elementor-widget-container\">\n\t\t\t\t\t\t\t\t\t<p dir=\"ltr\" style=\"line-height: 1.295; text-indent: 35.45pt; text-align: justify; margin-top: 0pt; margin-bottom: 8pt;\"><span style=\"font-size: 12pt; font-family: 'Times New Roman',serif; color: #000000; background-color: transparent; font-weight: 400; font-style: normal; font-variant: normal; text-decoration: none; vertical-align: baseline; white-space: pre-wrap;\">O M\u00e9todo Terra nasceu de um convite da coordena\u00e7\u00e3o do projeto Passados Presentes aos detentores de saberes Ana Luiza da Silva Morais (S\u00e1 Rainha Konga do Reinado de Nossa Senhora das Merc\u00eas, Oliveira &#8211; MG) e Rhonnel Am\u00e9rico (Babala\u00f4 F\u00e1t<\/span><span style=\"font-size: 12pt; font-family: 'Times New Roman',serif; color: #000000; background-color: transparent; font-weight: 400; font-style: normal; font-variant: normal; text-decoration: underline; -webkit-text-decoration-skip: none; text-decoration-skip-ink: none; vertical-align: baseline; white-space: pre-wrap;\">\u00f2<\/span><span style=\"font-size: 12pt; font-family: 'Times New Roman',serif; color: #000000; background-color: transparent; font-weight: 400; font-style: normal; font-variant: normal; text-decoration: none; vertical-align: baseline; white-space: pre-wrap;\">l\u00e1, dirigente do Templo Irosun-Aj\u00ea Il\u00ea Ori<\/span><span style=\"font-size: 12pt; font-family: 'Times New Roman',serif; color: #000000; background-color: transparent; font-weight: 400; font-style: normal; font-variant: normal; text-decoration: underline; -webkit-text-decoration-skip: none; text-decoration-skip-ink: none; vertical-align: baseline; white-space: pre-wrap;\">s<\/span><span style=\"font-size: 12pt; font-family: 'Times New Roman',serif; color: #000000; background-color: transparent; font-weight: 400; font-style: normal; font-variant: normal; text-decoration: none; vertical-align: baseline; white-space: pre-wrap;\">\u00e0 \u00c9m\u00ecl\u00e1, Tr\u00eas Cora\u00e7\u00f5es &#8211; MG). A proposta surgiu originalmente para a oficina \u201cGestos, afetos e olhares: a rela\u00e7\u00e3o dos pesquisadores com detentores e suas comunidades\u201d, ministrada durante o I Semin\u00e1rio Passados Presentes: patrim\u00f4nios e mem\u00f3rias negras e afro-ind\u00edgenas de Minas Gerais, realizado na UFJF em outubro de 2023.<\/span><\/p>\n<p dir=\"ltr\" style=\"line-height: 1.295; text-indent: 35.45pt; text-align: justify; margin-top: 0pt; margin-bottom: 8pt;\"><span style=\"font-size: 12pt; font-family: 'Times New Roman',serif; color: #000000; background-color: transparent; font-weight: 400; font-style: normal; font-variant: normal; text-decoration: none; vertical-align: baseline; white-space: pre-wrap;\">Elaborado por Rhonnel Am\u00e9rico em colabora\u00e7\u00e3o com Ana Luiza Silva de Morais, o m\u00e9todo prop\u00f5e uma ruptura com as formas tradicionais de investiga\u00e7\u00e3o, apresentando uma nova perspectiva para a hist\u00f3ria oral. A estrutura metodol\u00f3gica organiza-se em cinco eixos fundamentais: o olhar, o falar, o sentir, o ouvir e o tempo.<\/span><\/p>\n<p dir=\"ltr\" style=\"line-height: 1.295; text-indent: 35.45pt; text-align: justify; margin-top: 0pt; margin-bottom: 8pt;\"><span style=\"font-size: 12pt; font-family: 'Times New Roman',serif; color: #000000; background-color: transparent; font-weight: 400; font-style: normal; font-variant: normal; text-decoration: none; vertical-align: baseline; white-space: pre-wrap;\">Centralizado no conceito de \u201cbailamento\u201d, o m\u00e9todo prop\u00f5e que o pesquisador ou pesquisadora exercite esses eixos na intera\u00e7\u00e3o direta com comunidades de religi\u00f5es de matrizes africanas e povos ind\u00edgenas. Aqui, o tempo \u00e9 compreendido em sua natureza n\u00e3o linear, respeitando as temporalidades e as l\u00f3gicas internas de cada grupo.<\/span><\/p>\n<p dir=\"ltr\" style=\"line-height: 1.295; text-indent: 35.45pt; text-align: justify; margin-top: 0pt; margin-bottom: 8pt;\"><span style=\"font-size: 12pt; font-family: 'Times New Roman',serif; color: #000000; background-color: transparent; font-weight: 400; font-style: normal; font-variant: normal; text-decoration: none; vertical-align: baseline; white-space: pre-wrap;\">Embora fundamentado em an\u00e1lises de comunidades de Minas Gerais, o M\u00e9todo Terra possui car\u00e1ter abrangente, podendo ser aplicado em pesquisas com comunidades de segmentos semelhantes em diversos contextos.<\/span><\/p>\n<p dir=\"ltr\" style=\"line-height: 1.295; text-indent: 35.45pt; text-align: justify; margin-top: 0pt; margin-bottom: 8pt;\"><span style=\"background-color: transparent; color: #000000; font-family: 'Times New Roman', serif; font-size: 12pt; white-space-collapse: preserve; text-indent: 35.45pt;\">A obra est\u00e1 dispon\u00edvel no site do projeto Passados Presentes MG em vers\u00e3o bil\u00edngue e gratuita. Em breve, as vers\u00f5es tamb\u00e9m poder\u00e3o ser adquiridas atrav\u00e9s da Amazon.<\/span><\/p>\t\t\t\t\t\t\t\t<\/div>\n\t\t\t\t<\/div>\n\t\t\t\t<div class=\"elementor-element elementor-element-693798c elementor-widget elementor-widget-image\" data-id=\"693798c\" data-element_type=\"widget\" data-widget_type=\"image.default\">\n\t\t\t\t<div class=\"elementor-widget-container\">\n\t\t\t\t\t\t\t\t\t\t\t\t\t\t\t<img fetchpriority=\"high\" decoding=\"async\" width=\"715\" height=\"1024\" src=\"https:\/\/mg.passadospresentes.com.br\/cidades-negras\/wp-content\/uploads\/sites\/5\/2026\/04\/WhatsApp-Image-2026-04-15-at-18.18.06-715x1024.jpeg\" class=\"attachment-large size-large wp-image-2265\" alt=\"\" srcset=\"https:\/\/mg.passadospresentes.com.br\/cidades-negras\/wp-content\/uploads\/sites\/5\/2026\/04\/WhatsApp-Image-2026-04-15-at-18.18.06-715x1024.jpeg 715w, https:\/\/mg.passadospresentes.com.br\/cidades-negras\/wp-content\/uploads\/sites\/5\/2026\/04\/WhatsApp-Image-2026-04-15-at-18.18.06-209x300.jpeg 209w, https:\/\/mg.passadospresentes.com.br\/cidades-negras\/wp-content\/uploads\/sites\/5\/2026\/04\/WhatsApp-Image-2026-04-15-at-18.18.06-768x1100.jpeg 768w, https:\/\/mg.passadospresentes.com.br\/cidades-negras\/wp-content\/uploads\/sites\/5\/2026\/04\/WhatsApp-Image-2026-04-15-at-18.18.06.jpeg 777w\" sizes=\"(max-width: 715px) 100vw, 715px\" \/>\t\t\t\t\t\t\t\t\t\t\t\t\t\t\t<\/div>\n\t\t\t\t<\/div>\n\t\t\t\t\t<\/div>\n\t\t\t\t<\/div>\n\t\t<div class=\"elementor-element elementor-element-ba4af0c e-flex e-con-boxed e-con e-parent\" data-id=\"ba4af0c\" data-element_type=\"container\">\n\t\t\t\t\t<div class=\"e-con-inner\">\n\t\t\t\t<div class=\"elementor-element elementor-element-55d74df elementor-widget elementor-widget-button\" data-id=\"55d74df\" data-element_type=\"widget\" data-widget_type=\"button.default\">\n\t\t\t\t<div class=\"elementor-widget-container\">\n\t\t\t\t\t\t\t\t\t<div class=\"elementor-button-wrapper\">\n\t\t\t\t\t<a class=\"elementor-button elementor-button-link elementor-size-sm\" href=\"https:\/\/drive.google.com\/file\/d\/1w2A1jTPyj0xQ96-FkbzyMcJRV2fmMW4j\/view?usp=drive_link\" target=\"_blank\" download=\"\">\n\t\t\t\t\t\t<span class=\"elementor-button-content-wrapper\">\n\t\t\t\t\t\t\t\t\t<span class=\"elementor-button-text\">BAIXAR<\/span>\n\t\t\t\t\t<\/span>\n\t\t\t\t\t<\/a>\n\t\t\t\t<\/div>\n\t\t\t\t\t\t\t\t<\/div>\n\t\t\t\t<\/div>\n\t\t\t\t\t<\/div>\n\t\t\t\t<\/div>\n\t\t\t\t<\/div>\n\t\t","protected":false},"excerpt":{"rendered":"<p>O M\u00e9todo Terra nasceu de um convite da coordena\u00e7\u00e3o do projeto Passados Presentes aos detentores de saberes Ana Luiza da Silva Morais (S\u00e1 Rainha Konga do Reinado de Nossa Senhora das Merc\u00eas, Oliveira &#8211; MG) e Rhonnel Am\u00e9rico (Babala\u00f4 F\u00e1t\u00f2l\u00e1, dirigente do Templo Irosun-Aj\u00ea Il\u00ea Oris\u00e0 \u00c9m\u00ecl\u00e1, Tr\u00eas Cora\u00e7\u00f5es &#8211; MG). A proposta surgiu originalmente [&hellip;]<\/p>\n","protected":false},"author":2,"featured_media":2266,"comment_status":"open","ping_status":"open","sticky":false,"template":"","format":"standard","meta":{"_acf_changed":false,"footnotes":""},"categories":[33],"tags":[],"class_list":["post-2261","post","type-post","status-publish","format-standard","has-post-thumbnail","hentry","category-ebook"],"acf":[],"_links":{"self":[{"href":"https:\/\/mg.passadospresentes.com.br\/cidades-negras\/wp-json\/wp\/v2\/posts\/2261","targetHints":{"allow":["GET"]}}],"collection":[{"href":"https:\/\/mg.passadospresentes.com.br\/cidades-negras\/wp-json\/wp\/v2\/posts"}],"about":[{"href":"https:\/\/mg.passadospresentes.com.br\/cidades-negras\/wp-json\/wp\/v2\/types\/post"}],"author":[{"embeddable":true,"href":"https:\/\/mg.passadospresentes.com.br\/cidades-negras\/wp-json\/wp\/v2\/users\/2"}],"replies":[{"embeddable":true,"href":"https:\/\/mg.passadospresentes.com.br\/cidades-negras\/wp-json\/wp\/v2\/comments?post=2261"}],"version-history":[{"count":23,"href":"https:\/\/mg.passadospresentes.com.br\/cidades-negras\/wp-json\/wp\/v2\/posts\/2261\/revisions"}],"predecessor-version":[{"id":2296,"href":"https:\/\/mg.passadospresentes.com.br\/cidades-negras\/wp-json\/wp\/v2\/posts\/2261\/revisions\/2296"}],"wp:featuredmedia":[{"embeddable":true,"href":"https:\/\/mg.passadospresentes.com.br\/cidades-negras\/wp-json\/wp\/v2\/media\/2266"}],"wp:attachment":[{"href":"https:\/\/mg.passadospresentes.com.br\/cidades-negras\/wp-json\/wp\/v2\/media?parent=2261"}],"wp:term":[{"taxonomy":"category","embeddable":true,"href":"https:\/\/mg.passadospresentes.com.br\/cidades-negras\/wp-json\/wp\/v2\/categories?post=2261"},{"taxonomy":"post_tag","embeddable":true,"href":"https:\/\/mg.passadospresentes.com.br\/cidades-negras\/wp-json\/wp\/v2\/tags?post=2261"}],"curies":[{"name":"wp","href":"https:\/\/api.w.org\/{rel}","templated":true}]}}